{"id":121931,"date":"2018-09-20T04:54:59","date_gmt":"2018-09-20T09:54:59","guid":{"rendered":"http:\/\/corpoguajira.gov.co\/wp\/?p=121931"},"modified":"2018-09-19T12:05:58","modified_gmt":"2018-09-19T17:05:58","slug":"recoleccion-de-residuos-posconsumo-un-acto-consciente-que-se-fortalece-en-la-guajira","status":"publish","type":"post","link":"https:\/\/corpoguajira.gov.co\/wp\/recoleccion-de-residuos-posconsumo-un-acto-consciente-que-se-fortalece-en-la-guajira\/","title":{"rendered":"RECOLECCI\u00d3N DE RESIDUOS POSCONSUMO, UN ACTO CONSCIENTE QUE SE FORTALECE EN LA GUAJIRA"},"content":{"rendered":"<p>Las de 9 toneladas reportadas en la IV jornada de residuos posconsumo, evidencia que en La Guajira se fortalece la conciencia sobre el cuidado del ambiente.<\/p>\n<p>Cabe anotar que esta jornada se realiza una vez al a\u00f1o, bajo la direcci\u00f3n de Corpoguajira. En cada vigencia se suman de manera responsable y decidida un \u00a0mayor n\u00famero de empresas, instituciones educativas y comunidad en general.<\/p>\n<p>La novedad de esta anualidad, fueron las entregas anticipadas de los residuos posconsumo que de manera responsable acopiaron entidades como el Sena, ICA, Uniguajira y Cl\u00ednica San Juan; \u00a0Hospitales municipales, e instituciones educativas como Mar\u00eda Goretti, Ecol\u00f3gica del Carmen y Liceo Padilla en Riohacha; Esteban BendeckOlivella, en Villanueva y El Carmelo en San Juan.<\/p>\n<p>Un reconocimiento especial merecen los campesinos que habitan el caser\u00edo de Veracruz en San juan del Cesar, considerado la despensa agr\u00edcola y ganadera del municipio; quienes a pesar de la dificultad en sus v\u00edas carreteables se sumaron a la jornada transportando hasta la cabecera municipal los residuos contaminantes utilizados en sus actividades de econom\u00eda de campo.<\/p>\n<p>Gracias a las alianzas interinstitucionales realizadas por Corpoguajira para garantizar el desarrollo adecuado de la IV jornada posconsumo, cada uno de los municipios epicentro de la actividad, cont\u00f3 con un centro de acopio ocasional para depositar los residuos entregados.<\/p>\n<p>La vinculaci\u00f3n de empresas responsables de los elementos posconsumo como\u00a0\u00a0 Bioentorno, RLG, L\u00famina, Recopila, Aprovet y Lito, fueron vitales en el proceso de concientizaci\u00f3n para cada uno de los grupos de inter\u00e9s intervenidos.<\/p>\n<p>Desde ya existe el compromiso de los participantes de la IV jornada de residuos posconsumo para iniciar la recolecci\u00f3n y disposici\u00f3n adecuada de envases y empaques\u00a0 deplaguicidas de usodom\u00e9stico y agr\u00edcola; de computadores y perif\u00e9ricos;debombillas y luminarias; depilas de uso dom\u00e9stico;de medicamentos de uso veterinario y electrodom\u00e9sticos de toda clase, que se generen en sus viviendas y empresas para sumarse de manera activa a la pr\u00f3xima jornada que busca disponer de forma responsable elementos que contaminan el ambiente.<\/p>\n","protected":false},"excerpt":{"rendered":"<p>Las de 9 toneladas reportadas en la IV jornada de residuos posconsumo, evidencia que en La Guajira se fortalece la conciencia sobre el cuidado del ambiente. Cabe anotar que esta [&hellip;]<\/p>\n","protected":false},"author":4,"featured_media":121937,"comment_status":"open","ping_status":"open","sticky":false,"template":"","format":"standard","meta":[],"categories":[384],"tags":[774],"yoast_head":"<!-- This site is optimized with the Yoast SEO plugin v18.5.1 - https:\/\/yoast.com\/wordpress\/plugins\/seo\/ -->\n<title>RECOLECCI\u00d3N DE RESIDUOS POSCONSUMO, UN ACTO CONSCIENTE QUE SE FORTALECE EN LA GUAJIRA | Corpoguajira<\/title>\n<meta name=\"robots\" content=\"index, follow, max-snippet:-1, max-image-preview:large, max-video-preview:-1\" \/>\n<link rel=\"canonical\" href=\"https:\/\/corpoguajira.gov.co\/wp\/recoleccion-de-residuos-posconsumo-un-acto-consciente-que-se-fortalece-en-la-guajira\/\" \/>\n<meta property=\"og:locale\" content=\"es_ES\" \/>\n<meta property=\"og:type\" content=\"article\" \/>\n<meta property=\"og:title\" content=\"RECOLECCI\u00d3N DE RESIDUOS POSCONSUMO, UN ACTO CONSCIENTE QUE SE FORTALECE EN LA GUAJIRA | Corpoguajira\" \/>\n<meta property=\"og:description\" content=\"Las de 9 toneladas reportadas en la IV jornada de residuos posconsumo, evidencia que en La Guajira se fortalece la conciencia sobre el cuidado del ambiente. Cabe anotar que esta [&hellip;]\" \/>\n<meta property=\"og:url\" content=\"https:\/\/corpoguajira.gov.co\/wp\/recoleccion-de-residuos-posconsumo-un-acto-consciente-que-se-fortalece-en-la-guajira\/\" \/>\n<meta property=\"og:site_name\" content=\"Corporaci\u00f3n Aut\u00f3noma Regional de La Guajira\" \/>\n<meta property=\"article:published_time\" content=\"2018-09-20T09:54:59+00:00\" \/>\n<meta property=\"article:modified_time\" content=\"2018-09-19T17:05:58+00:00\" \/>\n<meta property=\"og:image\" content=\"https:\/\/www.corpoguajira.gov.co\/wp\/wp-content\/uploads\/2018\/09\/Captura.jpg\" \/>\n\t<meta property=\"og:image:width\" content=\"968\" \/>\n\t<meta property=\"og:image:height\" content=\"635\" \/>\n\t<meta property=\"og:image:type\" content=\"image\/jpeg\" \/>\n<meta name=\"twitter:label1\" content=\"Escrito por\" \/>\n\t<meta name=\"twitter:data1\" content=\"Oficina Comunicaciones\" \/>\n\t<meta name=\"twitter:label2\" content=\"Tiempo de lectura\" \/>\n\t<meta name=\"twitter:data2\" content=\"2 minutos\" \/>\n<script type=\"application\/ld+json\" class=\"yoast-schema-graph\">{\"@context\":\"https:\/\/schema.org\",\"@graph\":[{\"@type\":\"WebSite\",\"@id\":\"https:\/\/corpoguajira.gov.co\/wp\/#website\",\"url\":\"https:\/\/corpoguajira.gov.co\/wp\/\",\"name\":\"Corporaci\u00f3n Aut\u00f3noma Regional de La Guajira\",\"description\":\"La Sostenibilidad Ambiental, un Compromiso de Todos\",\"potentialAction\":[{\"@type\":\"SearchAction\",\"target\":{\"@type\":\"EntryPoint\",\"urlTemplate\":\"https:\/\/corpoguajira.gov.co\/wp\/?s={search_term_string}\"},\"query-input\":\"required name=search_term_string\"}],\"inLanguage\":\"es\"},{\"@type\":\"ImageObject\",\"@id\":\"https:\/\/corpoguajira.gov.co\/wp\/recoleccion-de-residuos-posconsumo-un-acto-consciente-que-se-fortalece-en-la-guajira\/#primaryimage\",\"inLanguage\":\"es\",\"url\":\"https:\/\/www.corpoguajira.gov.co\/wp\/wp-content\/uploads\/2018\/09\/Captura.jpg\",\"contentUrl\":\"https:\/\/www.corpoguajira.gov.co\/wp\/wp-content\/uploads\/2018\/09\/Captura.jpg\",\"width\":968,\"height\":635},{\"@type\":\"WebPage\",\"@id\":\"https:\/\/corpoguajira.gov.co\/wp\/recoleccion-de-residuos-posconsumo-un-acto-consciente-que-se-fortalece-en-la-guajira\/#webpage\",\"url\":\"https:\/\/corpoguajira.gov.co\/wp\/recoleccion-de-residuos-posconsumo-un-acto-consciente-que-se-fortalece-en-la-guajira\/\",\"name\":\"RECOLECCI\u00d3N DE RESIDUOS POSCONSUMO, UN ACTO CONSCIENTE QUE SE FORTALECE EN LA GUAJIRA | Corpoguajira\",\"isPartOf\":{\"@id\":\"https:\/\/corpoguajira.gov.co\/wp\/#website\"},\"primaryImageOfPage\":{\"@id\":\"https:\/\/corpoguajira.gov.co\/wp\/recoleccion-de-residuos-posconsumo-un-acto-consciente-que-se-fortalece-en-la-guajira\/#primaryimage\"},\"datePublished\":\"2018-09-20T09:54:59+00:00\",\"dateModified\":\"2018-09-19T17:05:58+00:00\",\"author\":{\"@id\":\"https:\/\/corpoguajira.gov.co\/wp\/#\/schema\/person\/20b8ef7397c5a7f0b680331028e4ea90\"},\"breadcrumb\":{\"@id\":\"https:\/\/corpoguajira.gov.co\/wp\/recoleccion-de-residuos-posconsumo-un-acto-consciente-que-se-fortalece-en-la-guajira\/#breadcrumb\"},\"inLanguage\":\"es\",\"potentialAction\":[{\"@type\":\"ReadAction\",\"target\":[\"https:\/\/corpoguajira.gov.co\/wp\/recoleccion-de-residuos-posconsumo-un-acto-consciente-que-se-fortalece-en-la-guajira\/\"]}]},{\"@type\":\"BreadcrumbList\",\"@id\":\"https:\/\/corpoguajira.gov.co\/wp\/recoleccion-de-residuos-posconsumo-un-acto-consciente-que-se-fortalece-en-la-guajira\/#breadcrumb\",\"itemListElement\":[{\"@type\":\"ListItem\",\"position\":1,\"name\":\"Corpoguajira\",\"item\":\"https:\/\/corpoguajira.gov.co\/wp\/\"},{\"@type\":\"ListItem\",\"position\":2,\"name\":\"Noticias\",\"item\":\"https:\/\/corpoguajira.gov.co\/wp\/noticias\/\"},{\"@type\":\"ListItem\",\"position\":3,\"name\":\"RECOLECCI\u00d3N DE RESIDUOS POSCONSUMO, UN ACTO CONSCIENTE QUE SE FORTALECE EN LA GUAJIRA\"}]},{\"@type\":\"Person\",\"@id\":\"https:\/\/corpoguajira.gov.co\/wp\/#\/schema\/person\/20b8ef7397c5a7f0b680331028e4ea90\",\"name\":\"Oficina Comunicaciones\",\"image\":{\"@type\":\"ImageObject\",\"@id\":\"https:\/\/corpoguajira.gov.co\/wp\/#personlogo\",\"inLanguage\":\"es\",\"url\":\"https:\/\/secure.gravatar.com\/avatar\/ada8791cfeb6fb9bb1cf6a56a0a4199a?s=96&d=mm&r=g\",\"contentUrl\":\"https:\/\/secure.gravatar.com\/avatar\/ada8791cfeb6fb9bb1cf6a56a0a4199a?s=96&d=mm&r=g\",\"caption\":\"Oficina Comunicaciones\"},\"url\":\"https:\/\/corpoguajira.gov.co\/wp\/author\/publicaciones\/\"}]}<\/script>\n<!-- \/ Yoast SEO plugin. -->","yoast_head_json":{"title":"RECOLECCI\u00d3N DE RESIDUOS POSCONSUMO, UN ACTO CONSCIENTE QUE SE FORTALECE EN LA GUAJIRA | Corpoguajira","robots":{"index":"index","follow":"follow","max-snippet":"max-snippet:-1","max-image-preview":"max-image-preview:large","max-video-preview":"max-video-preview:-1"},"canonical":"https:\/\/corpoguajira.gov.co\/wp\/recoleccion-de-residuos-posconsumo-un-acto-consciente-que-se-fortalece-en-la-guajira\/","og_locale":"es_ES","og_type":"article","og_title":"RECOLECCI\u00d3N DE RESIDUOS POSCONSUMO, UN ACTO CONSCIENTE QUE SE FORTALECE EN LA GUAJIRA | Corpoguajira","og_description":"Las de 9 toneladas reportadas en la IV jornada de residuos posconsumo, evidencia que en La Guajira se fortalece la conciencia sobre el cuidado del ambiente. Cabe anotar que esta [&hellip;]","og_url":"https:\/\/corpoguajira.gov.co\/wp\/recoleccion-de-residuos-posconsumo-un-acto-consciente-que-se-fortalece-en-la-guajira\/","og_site_name":"Corporaci\u00f3n Aut\u00f3noma Regional de La Guajira","article_published_time":"2018-09-20T09:54:59+00:00","article_modified_time":"2018-09-19T17:05:58+00:00","og_image":[{"width":968,"height":635,"url":"https:\/\/www.corpoguajira.gov.co\/wp\/wp-content\/uploads\/2018\/09\/Captura.jpg","type":"image\/jpeg"}],"twitter_misc":{"Escrito por":"Oficina Comunicaciones","Tiempo de lectura":"2 minutos"},"schema":{"@context":"https:\/\/schema.org","@graph":[{"@type":"WebSite","@id":"https:\/\/corpoguajira.gov.co\/wp\/#website","url":"https:\/\/corpoguajira.gov.co\/wp\/","name":"Corporaci\u00f3n Aut\u00f3noma Regional de La Guajira","description":"La Sostenibilidad Ambiental, un Compromiso de Todos","potentialAction":[{"@type":"SearchAction","target":{"@type":"EntryPoint","urlTemplate":"https:\/\/corpoguajira.gov.co\/wp\/?s={search_term_string}"},"query-input":"required name=search_term_string"}],"inLanguage":"es"},{"@type":"ImageObject","@id":"https:\/\/corpoguajira.gov.co\/wp\/recoleccion-de-residuos-posconsumo-un-acto-consciente-que-se-fortalece-en-la-guajira\/#primaryimage","inLanguage":"es","url":"https:\/\/www.corpoguajira.gov.co\/wp\/wp-content\/uploads\/2018\/09\/Captura.jpg","contentUrl":"https:\/\/www.corpoguajira.gov.co\/wp\/wp-content\/uploads\/2018\/09\/Captura.jpg","width":968,"height":635},{"@type":"WebPage","@id":"https:\/\/corpoguajira.gov.co\/wp\/recoleccion-de-residuos-posconsumo-un-acto-consciente-que-se-fortalece-en-la-guajira\/#webpage","url":"https:\/\/corpoguajira.gov.co\/wp\/recoleccion-de-residuos-posconsumo-un-acto-consciente-que-se-fortalece-en-la-guajira\/","name":"RECOLECCI\u00d3N DE RESIDUOS POSCONSUMO, UN ACTO CONSCIENTE QUE SE FORTALECE EN LA GUAJIRA | Corpoguajira","isPartOf":{"@id":"https:\/\/corpoguajira.gov.co\/wp\/#website"},"primaryImageOfPage":{"@id":"https:\/\/corpoguajira.gov.co\/wp\/recoleccion-de-residuos-posconsumo-un-acto-consciente-que-se-fortalece-en-la-guajira\/#primaryimage"},"datePublished":"2018-09-20T09:54:59+00:00","dateModified":"2018-09-19T17:05:58+00:00","author":{"@id":"https:\/\/corpoguajira.gov.co\/wp\/#\/schema\/person\/20b8ef7397c5a7f0b680331028e4ea90"},"breadcrumb":{"@id":"https:\/\/corpoguajira.gov.co\/wp\/recoleccion-de-residuos-posconsumo-un-acto-consciente-que-se-fortalece-en-la-guajira\/#breadcrumb"},"inLanguage":"es","potentialAction":[{"@type":"ReadAction","target":["https:\/\/corpoguajira.gov.co\/wp\/recoleccion-de-residuos-posconsumo-un-acto-consciente-que-se-fortalece-en-la-guajira\/"]}]},{"@type":"BreadcrumbList","@id":"https:\/\/corpoguajira.gov.co\/wp\/recoleccion-de-residuos-posconsumo-un-acto-consciente-que-se-fortalece-en-la-guajira\/#breadcrumb","itemListElement":[{"@type":"ListItem","position":1,"name":"Corpoguajira","item":"https:\/\/corpoguajira.gov.co\/wp\/"},{"@type":"ListItem","position":2,"name":"Noticias","item":"https:\/\/corpoguajira.gov.co\/wp\/noticias\/"},{"@type":"ListItem","position":3,"name":"RECOLECCI\u00d3N DE RESIDUOS POSCONSUMO, UN ACTO CONSCIENTE QUE SE FORTALECE EN LA GUAJIRA"}]},{"@type":"Person","@id":"https:\/\/corpoguajira.gov.co\/wp\/#\/schema\/person\/20b8ef7397c5a7f0b680331028e4ea90","name":"Oficina Comunicaciones","image":{"@type":"ImageObject","@id":"https:\/\/corpoguajira.gov.co\/wp\/#personlogo","inLanguage":"es","url":"https:\/\/secure.gravatar.com\/avatar\/ada8791cfeb6fb9bb1cf6a56a0a4199a?s=96&d=mm&r=g","contentUrl":"https:\/\/secure.gravatar.com\/avatar\/ada8791cfeb6fb9bb1cf6a56a0a4199a?s=96&d=mm&r=g","caption":"Oficina Comunicaciones"},"url":"https:\/\/corpoguajira.gov.co\/wp\/author\/publicaciones\/"}]}},"_links":{"self":[{"href":"https:\/\/corpoguajira.gov.co\/wp\/wp-json\/wp\/v2\/posts\/121931"}],"collection":[{"href":"https:\/\/corpoguajira.gov.co\/wp\/wp-json\/wp\/v2\/posts"}],"about":[{"href":"https:\/\/corpoguajira.gov.co\/wp\/wp-json\/wp\/v2\/types\/post"}],"author":[{"embeddable":true,"href":"https:\/\/corpoguajira.gov.co\/wp\/wp-json\/wp\/v2\/users\/4"}],"replies":[{"embeddable":true,"href":"https:\/\/corpoguajira.gov.co\/wp\/wp-json\/wp\/v2\/comments?post=121931"}],"version-history":[{"count":1,"href":"https:\/\/corpoguajira.gov.co\/wp\/wp-json\/wp\/v2\/posts\/121931\/revisions"}],"predecessor-version":[{"id":121938,"href":"https:\/\/corpoguajira.gov.co\/wp\/wp-json\/wp\/v2\/posts\/121931\/revisions\/121938"}],"wp:featuredmedia":[{"embeddable":true,"href":"https:\/\/corpoguajira.gov.co\/wp\/wp-json\/wp\/v2\/media\/121937"}],"wp:attachment":[{"href":"https:\/\/corpoguajira.gov.co\/wp\/wp-json\/wp\/v2\/media?parent=121931"}],"wp:term":[{"taxonomy":"category","embeddable":true,"href":"https:\/\/corpoguajira.gov.co\/wp\/wp-json\/wp\/v2\/categories?post=121931"},{"taxonomy":"post_tag","embeddable":true,"href":"https:\/\/corpoguajira.gov.co\/wp\/wp-json\/wp\/v2\/tags?post=121931"}],"curies":[{"name":"wp","href":"https:\/\/api.w.org\/{rel}","templated":true}]}}