{"id":12784,"date":"2017-08-31T11:50:32","date_gmt":"2017-08-31T16:50:32","guid":{"rendered":"http:\/\/corpoguajira.gov.co\/wp\/?p=12784"},"modified":"2017-08-31T11:50:32","modified_gmt":"2017-08-31T16:50:32","slug":"corpoguajira-responsable-ambiente","status":"publish","type":"post","link":"https:\/\/corpoguajira.gov.co\/wp\/corpoguajira-responsable-ambiente\/","title":{"rendered":"CORPOGUAJIRA RESPONSABLE CON EL AMBIENTE"},"content":{"rendered":"<p>&nbsp;<\/p>\n<p><a href=\"http:\/\/corpoguajira.gov.co\/wp\/wp-content\/uploads\/2017\/08\/NOTA-DN-301.jpg\" data-rel=\"lightbox-image-0\" data-rl_title=\"\" data-rl_caption=\"\" title=\"\"><img loading=\"lazy\" class=\"aligncenter size-large wp-image-12785\" src=\"http:\/\/corpoguajira.gov.co\/wp\/wp-content\/uploads\/2017\/08\/NOTA-DN-301-1024x679.jpg\" alt=\"\" width=\"1024\" height=\"679\" data-id=\"12785\" srcset=\"https:\/\/www.corpoguajira.gov.co\/wp\/wp-content\/uploads\/2017\/08\/NOTA-DN-301-1024x679.jpg 1024w, https:\/\/www.corpoguajira.gov.co\/wp\/wp-content\/uploads\/2017\/08\/NOTA-DN-301-300x199.jpg 300w, https:\/\/www.corpoguajira.gov.co\/wp\/wp-content\/uploads\/2017\/08\/NOTA-DN-301-768x509.jpg 768w, https:\/\/www.corpoguajira.gov.co\/wp\/wp-content\/uploads\/2017\/08\/NOTA-DN-301-600x398.jpg 600w, https:\/\/www.corpoguajira.gov.co\/wp\/wp-content\/uploads\/2017\/08\/NOTA-DN-301-150x99.jpg 150w\" sizes=\"(max-width: 1024px) 100vw, 1024px\" \/><\/a><\/p>\n<p>&nbsp;<\/p>\n<p>&nbsp;<\/p>\n<p>La Corporaci\u00f3n Aut\u00f3noma Regional De La Guajira, en el marco de responsabilidad social Corporativa y obedeciendo al Pacto Global que pide apoyo a las empresas para aplicar el principio de precauci\u00f3n respecto a los problemas ambientales, viene adoptando iniciativas de mayor responsabilidad.<\/p>\n<p>Es por eso que Corpoguajira exalta e incentiva a los funcionarios que de car\u00e1cter voluntario se comprometen a llevar a cabo acciones para\u00a0 frenar el desgaste ecol\u00f3gico. Tal es el caso de Yoharvi Fuenmayor quien se desplaza hasta las instalaciones de la Corporaci\u00f3n en bicicleta y de esa forma contribuye a la reducci\u00f3n de la contaminaci\u00f3n visual, auditiva y no emite los gases con efecto invernadero que causan la contaminaci\u00f3n atmosf\u00e9rica y al calentamiento global que produce un veh\u00edculo automotor.<\/p>\n<p>Desde Corpoguajira extendemos la invitaci\u00f3n a que las diferentes entidades y organizaciones, se unan a esta iniciativa, promocionando el uso de este medio de transporte personal, tanto para sus usuarios, como tambi\u00e9n para el personal de trabajo.<\/p>\n","protected":false},"excerpt":{"rendered":"<p>&nbsp; &nbsp; &nbsp; La Corporaci\u00f3n Aut\u00f3noma Regional De La Guajira, en el marco de responsabilidad social Corporativa y obedeciendo al Pacto Global que pide apoyo a las empresas para aplicar [&hellip;]<\/p>\n","protected":false},"author":4,"featured_media":12785,"comment_status":"open","ping_status":"open","sticky":false,"template":"","format":"standard","meta":[],"categories":[384],"tags":[774],"yoast_head":"<!-- This site is optimized with the Yoast SEO plugin v18.5.1 - https:\/\/yoast.com\/wordpress\/plugins\/seo\/ -->\n<title>CORPOGUAJIRA RESPONSABLE CON EL AMBIENTE | Corpoguajira<\/title>\n<meta name=\"robots\" content=\"index, follow, max-snippet:-1, max-image-preview:large, max-video-preview:-1\" \/>\n<link rel=\"canonical\" href=\"https:\/\/corpoguajira.gov.co\/wp\/corpoguajira-responsable-ambiente\/\" \/>\n<meta property=\"og:locale\" content=\"es_ES\" \/>\n<meta property=\"og:type\" content=\"article\" \/>\n<meta property=\"og:title\" content=\"CORPOGUAJIRA RESPONSABLE CON EL AMBIENTE | Corpoguajira\" \/>\n<meta property=\"og:description\" content=\"&nbsp; &nbsp; &nbsp; La Corporaci\u00f3n Aut\u00f3noma Regional De La Guajira, en el marco de responsabilidad social Corporativa y obedeciendo al Pacto Global que pide apoyo a las empresas para aplicar [&hellip;]\" \/>\n<meta property=\"og:url\" content=\"https:\/\/corpoguajira.gov.co\/wp\/corpoguajira-responsable-ambiente\/\" \/>\n<meta property=\"og:site_name\" content=\"Corporaci\u00f3n Aut\u00f3noma Regional de La Guajira\" \/>\n<meta property=\"article:published_time\" content=\"2017-08-31T16:50:32+00:00\" \/>\n<meta property=\"og:image\" content=\"https:\/\/www.corpoguajira.gov.co\/wp\/wp-content\/uploads\/2017\/08\/NOTA-DN-301.jpg\" \/>\n\t<meta property=\"og:image:width\" content=\"3458\" \/>\n\t<meta property=\"og:image:height\" content=\"2292\" \/>\n\t<meta property=\"og:image:type\" content=\"image\/jpeg\" \/>\n<meta name=\"twitter:label1\" content=\"Escrito por\" \/>\n\t<meta name=\"twitter:data1\" content=\"Oficina Comunicaciones\" \/>\n\t<meta name=\"twitter:label2\" content=\"Tiempo de lectura\" \/>\n\t<meta name=\"twitter:data2\" content=\"1 minuto\" \/>\n<script type=\"application\/ld+json\" class=\"yoast-schema-graph\">{\"@context\":\"https:\/\/schema.org\",\"@graph\":[{\"@type\":\"WebSite\",\"@id\":\"https:\/\/corpoguajira.gov.co\/wp\/#website\",\"url\":\"https:\/\/corpoguajira.gov.co\/wp\/\",\"name\":\"Corporaci\u00f3n Aut\u00f3noma Regional de La Guajira\",\"description\":\"La Sostenibilidad Ambiental, un Compromiso de Todos\",\"potentialAction\":[{\"@type\":\"SearchAction\",\"target\":{\"@type\":\"EntryPoint\",\"urlTemplate\":\"https:\/\/corpoguajira.gov.co\/wp\/?s={search_term_string}\"},\"query-input\":\"required name=search_term_string\"}],\"inLanguage\":\"es\"},{\"@type\":\"ImageObject\",\"@id\":\"https:\/\/corpoguajira.gov.co\/wp\/corpoguajira-responsable-ambiente\/#primaryimage\",\"inLanguage\":\"es\",\"url\":\"https:\/\/www.corpoguajira.gov.co\/wp\/wp-content\/uploads\/2017\/08\/NOTA-DN-301.jpg\",\"contentUrl\":\"https:\/\/www.corpoguajira.gov.co\/wp\/wp-content\/uploads\/2017\/08\/NOTA-DN-301.jpg\",\"width\":3458,\"height\":2292},{\"@type\":\"WebPage\",\"@id\":\"https:\/\/corpoguajira.gov.co\/wp\/corpoguajira-responsable-ambiente\/#webpage\",\"url\":\"https:\/\/corpoguajira.gov.co\/wp\/corpoguajira-responsable-ambiente\/\",\"name\":\"CORPOGUAJIRA RESPONSABLE CON EL AMBIENTE | Corpoguajira\",\"isPartOf\":{\"@id\":\"https:\/\/corpoguajira.gov.co\/wp\/#website\"},\"primaryImageOfPage\":{\"@id\":\"https:\/\/corpoguajira.gov.co\/wp\/corpoguajira-responsable-ambiente\/#primaryimage\"},\"datePublished\":\"2017-08-31T16:50:32+00:00\",\"dateModified\":\"2017-08-31T16:50:32+00:00\",\"author\":{\"@id\":\"https:\/\/corpoguajira.gov.co\/wp\/#\/schema\/person\/20b8ef7397c5a7f0b680331028e4ea90\"},\"breadcrumb\":{\"@id\":\"https:\/\/corpoguajira.gov.co\/wp\/corpoguajira-responsable-ambiente\/#breadcrumb\"},\"inLanguage\":\"es\",\"potentialAction\":[{\"@type\":\"ReadAction\",\"target\":[\"https:\/\/corpoguajira.gov.co\/wp\/corpoguajira-responsable-ambiente\/\"]}]},{\"@type\":\"BreadcrumbList\",\"@id\":\"https:\/\/corpoguajira.gov.co\/wp\/corpoguajira-responsable-ambiente\/#breadcrumb\",\"itemListElement\":[{\"@type\":\"ListItem\",\"position\":1,\"name\":\"Corpoguajira\",\"item\":\"https:\/\/corpoguajira.gov.co\/wp\/\"},{\"@type\":\"ListItem\",\"position\":2,\"name\":\"Noticias\",\"item\":\"https:\/\/corpoguajira.gov.co\/wp\/noticias\/\"},{\"@type\":\"ListItem\",\"position\":3,\"name\":\"CORPOGUAJIRA RESPONSABLE CON EL AMBIENTE\"}]},{\"@type\":\"Person\",\"@id\":\"https:\/\/corpoguajira.gov.co\/wp\/#\/schema\/person\/20b8ef7397c5a7f0b680331028e4ea90\",\"name\":\"Oficina Comunicaciones\",\"image\":{\"@type\":\"ImageObject\",\"@id\":\"https:\/\/corpoguajira.gov.co\/wp\/#personlogo\",\"inLanguage\":\"es\",\"url\":\"https:\/\/secure.gravatar.com\/avatar\/ada8791cfeb6fb9bb1cf6a56a0a4199a?s=96&d=mm&r=g\",\"contentUrl\":\"https:\/\/secure.gravatar.com\/avatar\/ada8791cfeb6fb9bb1cf6a56a0a4199a?s=96&d=mm&r=g\",\"caption\":\"Oficina Comunicaciones\"},\"url\":\"https:\/\/corpoguajira.gov.co\/wp\/author\/publicaciones\/\"}]}<\/script>\n<!-- \/ Yoast SEO plugin. -->","yoast_head_json":{"title":"CORPOGUAJIRA RESPONSABLE CON EL AMBIENTE | Corpoguajira","robots":{"index":"index","follow":"follow","max-snippet":"max-snippet:-1","max-image-preview":"max-image-preview:large","max-video-preview":"max-video-preview:-1"},"canonical":"https:\/\/corpoguajira.gov.co\/wp\/corpoguajira-responsable-ambiente\/","og_locale":"es_ES","og_type":"article","og_title":"CORPOGUAJIRA RESPONSABLE CON EL AMBIENTE | Corpoguajira","og_description":"&nbsp; &nbsp; &nbsp; La Corporaci\u00f3n Aut\u00f3noma Regional De La Guajira, en el marco de responsabilidad social Corporativa y obedeciendo al Pacto Global que pide apoyo a las empresas para aplicar [&hellip;]","og_url":"https:\/\/corpoguajira.gov.co\/wp\/corpoguajira-responsable-ambiente\/","og_site_name":"Corporaci\u00f3n Aut\u00f3noma Regional de La Guajira","article_published_time":"2017-08-31T16:50:32+00:00","og_image":[{"width":3458,"height":2292,"url":"https:\/\/www.corpoguajira.gov.co\/wp\/wp-content\/uploads\/2017\/08\/NOTA-DN-301.jpg","type":"image\/jpeg"}],"twitter_misc":{"Escrito por":"Oficina Comunicaciones","Tiempo de lectura":"1 minuto"},"schema":{"@context":"https:\/\/schema.org","@graph":[{"@type":"WebSite","@id":"https:\/\/corpoguajira.gov.co\/wp\/#website","url":"https:\/\/corpoguajira.gov.co\/wp\/","name":"Corporaci\u00f3n Aut\u00f3noma Regional de La Guajira","description":"La Sostenibilidad Ambiental, un Compromiso de Todos","potentialAction":[{"@type":"SearchAction","target":{"@type":"EntryPoint","urlTemplate":"https:\/\/corpoguajira.gov.co\/wp\/?s={search_term_string}"},"query-input":"required name=search_term_string"}],"inLanguage":"es"},{"@type":"ImageObject","@id":"https:\/\/corpoguajira.gov.co\/wp\/corpoguajira-responsable-ambiente\/#primaryimage","inLanguage":"es","url":"https:\/\/www.corpoguajira.gov.co\/wp\/wp-content\/uploads\/2017\/08\/NOTA-DN-301.jpg","contentUrl":"https:\/\/www.corpoguajira.gov.co\/wp\/wp-content\/uploads\/2017\/08\/NOTA-DN-301.jpg","width":3458,"height":2292},{"@type":"WebPage","@id":"https:\/\/corpoguajira.gov.co\/wp\/corpoguajira-responsable-ambiente\/#webpage","url":"https:\/\/corpoguajira.gov.co\/wp\/corpoguajira-responsable-ambiente\/","name":"CORPOGUAJIRA RESPONSABLE CON EL AMBIENTE | Corpoguajira","isPartOf":{"@id":"https:\/\/corpoguajira.gov.co\/wp\/#website"},"primaryImageOfPage":{"@id":"https:\/\/corpoguajira.gov.co\/wp\/corpoguajira-responsable-ambiente\/#primaryimage"},"datePublished":"2017-08-31T16:50:32+00:00","dateModified":"2017-08-31T16:50:32+00:00","author":{"@id":"https:\/\/corpoguajira.gov.co\/wp\/#\/schema\/person\/20b8ef7397c5a7f0b680331028e4ea90"},"breadcrumb":{"@id":"https:\/\/corpoguajira.gov.co\/wp\/corpoguajira-responsable-ambiente\/#breadcrumb"},"inLanguage":"es","potentialAction":[{"@type":"ReadAction","target":["https:\/\/corpoguajira.gov.co\/wp\/corpoguajira-responsable-ambiente\/"]}]},{"@type":"BreadcrumbList","@id":"https:\/\/corpoguajira.gov.co\/wp\/corpoguajira-responsable-ambiente\/#breadcrumb","itemListElement":[{"@type":"ListItem","position":1,"name":"Corpoguajira","item":"https:\/\/corpoguajira.gov.co\/wp\/"},{"@type":"ListItem","position":2,"name":"Noticias","item":"https:\/\/corpoguajira.gov.co\/wp\/noticias\/"},{"@type":"ListItem","position":3,"name":"CORPOGUAJIRA RESPONSABLE CON EL AMBIENTE"}]},{"@type":"Person","@id":"https:\/\/corpoguajira.gov.co\/wp\/#\/schema\/person\/20b8ef7397c5a7f0b680331028e4ea90","name":"Oficina Comunicaciones","image":{"@type":"ImageObject","@id":"https:\/\/corpoguajira.gov.co\/wp\/#personlogo","inLanguage":"es","url":"https:\/\/secure.gravatar.com\/avatar\/ada8791cfeb6fb9bb1cf6a56a0a4199a?s=96&d=mm&r=g","contentUrl":"https:\/\/secure.gravatar.com\/avatar\/ada8791cfeb6fb9bb1cf6a56a0a4199a?s=96&d=mm&r=g","caption":"Oficina Comunicaciones"},"url":"https:\/\/corpoguajira.gov.co\/wp\/author\/publicaciones\/"}]}},"_links":{"self":[{"href":"https:\/\/corpoguajira.gov.co\/wp\/wp-json\/wp\/v2\/posts\/12784"}],"collection":[{"href":"https:\/\/corpoguajira.gov.co\/wp\/wp-json\/wp\/v2\/posts"}],"about":[{"href":"https:\/\/corpoguajira.gov.co\/wp\/wp-json\/wp\/v2\/types\/post"}],"author":[{"embeddable":true,"href":"https:\/\/corpoguajira.gov.co\/wp\/wp-json\/wp\/v2\/users\/4"}],"replies":[{"embeddable":true,"href":"https:\/\/corpoguajira.gov.co\/wp\/wp-json\/wp\/v2\/comments?post=12784"}],"version-history":[{"count":2,"href":"https:\/\/corpoguajira.gov.co\/wp\/wp-json\/wp\/v2\/posts\/12784\/revisions"}],"predecessor-version":[{"id":12787,"href":"https:\/\/corpoguajira.gov.co\/wp\/wp-json\/wp\/v2\/posts\/12784\/revisions\/12787"}],"wp:featuredmedia":[{"embeddable":true,"href":"https:\/\/corpoguajira.gov.co\/wp\/wp-json\/wp\/v2\/media\/12785"}],"wp:attachment":[{"href":"https:\/\/corpoguajira.gov.co\/wp\/wp-json\/wp\/v2\/media?parent=12784"}],"wp:term":[{"taxonomy":"category","embeddable":true,"href":"https:\/\/corpoguajira.gov.co\/wp\/wp-json\/wp\/v2\/categories?post=12784"},{"taxonomy":"post_tag","embeddable":true,"href":"https:\/\/corpoguajira.gov.co\/wp\/wp-json\/wp\/v2\/tags?post=12784"}],"curies":[{"name":"wp","href":"https:\/\/api.w.org\/{rel}","templated":true}]}}