{"id":13214,"date":"2017-10-07T13:56:48","date_gmt":"2017-10-07T18:56:48","guid":{"rendered":"http:\/\/corpoguajira.gov.co\/wp\/?p=13214"},"modified":"2017-10-07T13:56:48","modified_gmt":"2017-10-07T18:56:48","slug":"corpoguajira-estara-presente-bioexpo-colombia-2017","status":"publish","type":"post","link":"https:\/\/corpoguajira.gov.co\/wp\/corpoguajira-estara-presente-bioexpo-colombia-2017\/","title":{"rendered":"CORPOGUAJIRA ESTAR\u00c1 PRESENTE EN BIOEXPO COLOMBIA 2017"},"content":{"rendered":"<p><a href=\"http:\/\/corpoguajira.gov.co\/wp\/wp-content\/uploads\/2017\/10\/bioexpo.png\" data-rel=\"lightbox-image-0\" data-rl_title=\"\" data-rl_caption=\"\" title=\"\"><img loading=\"lazy\" class=\"wp-image-13215 alignright\" src=\"http:\/\/corpoguajira.gov.co\/wp\/wp-content\/uploads\/2017\/10\/bioexpo-1024x1024.png\" alt=\"\" width=\"336\" height=\"336\" data-id=\"13215\" srcset=\"https:\/\/www.corpoguajira.gov.co\/wp\/wp-content\/uploads\/2017\/10\/bioexpo-1024x1024.png 1024w, https:\/\/www.corpoguajira.gov.co\/wp\/wp-content\/uploads\/2017\/10\/bioexpo-150x150.png 150w, https:\/\/www.corpoguajira.gov.co\/wp\/wp-content\/uploads\/2017\/10\/bioexpo-300x300.png 300w, https:\/\/www.corpoguajira.gov.co\/wp\/wp-content\/uploads\/2017\/10\/bioexpo-768x768.png 768w, https:\/\/www.corpoguajira.gov.co\/wp\/wp-content\/uploads\/2017\/10\/bioexpo-600x600.png 600w, https:\/\/www.corpoguajira.gov.co\/wp\/wp-content\/uploads\/2017\/10\/bioexpo.png 1080w\" sizes=\"(max-width: 336px) 100vw, 336px\" \/><\/a>Los negocios verdes de La Guajira se desplazan a la feria de negocios verdes m\u00e1s importante del pa\u00eds: Bioexpo Colombia 2017, evento que se realizar\u00e1 en el Centro de eventos y convenciones Puerta de Oro, en Barranquilla del 26 al 28 de octubre del presente a\u00f1o, que busca promover la oferta y demanda de bienes y servicios sostenibles que contribuyen al mejoramiento de la calidad ambiental y social del pa\u00eds.<\/p>\n<p>La feria cuenta con la participaci\u00f3n de las Corporaciones Aut\u00f3nomas Regionales y de desarrollo sostenible del pa\u00eds, empresarios, centros de investigaci\u00f3n, universidades, comunidades y asociaciones que fomentan productos sostenibles vinculados al uso y aprovechamiento de recursos naturales renovables, a los a eco-productos industriales y a los servicios ambientales, destacando negocios y experiencias sustentables, a trav\u00e9s de diferentes alternativas que invitan a la comunidad a conservar y proteger el ambiente.<\/p>\n<p>En respuesta a dicha convocatoria, Corpoguajira \u00a0estar\u00e1 pesente en la feria presentando varios productos que se desencadenan de los negocios verdes de la regi\u00f3n como caf\u00e9 org\u00e1nico, antipasto a base de pescado y Achiote.<\/p>\n<p>Se espera que Bioexpo Colombia reciba a m\u00e1s de 5.000 visitantes y de esta manera los oferentes de Negocios Verdes logren superar las expectativas de negocios de Bioexpo 2015.<\/p>\n<p>Bioexpo Colombia 2017 tendr\u00e1 tres componentes: La rueda de negocios en la que empresarios y actores nacionales e internacionales intercambiar\u00e1n experiencias y fortalecer\u00e1n su red de contactos, la muestra comercial que contar\u00e1 con 220\u00a0 expositores en las diferentes categor\u00edas y una agenda acad\u00e9mica donde se tratar\u00e1n temas importantes como biocomercio, el ecoturismo, las oportunidades de negocio y tendencias de mercado, financiamiento verde y mercados de carbono, entre otros. Adem\u00e1s, los asistentes tambi\u00e9n podr\u00e1n disfrutar de eventos culturales representativos de la regi\u00f3n.<\/p>\n","protected":false},"excerpt":{"rendered":"<p>Los negocios verdes de La Guajira se desplazan a la feria de negocios verdes m\u00e1s importante del pa\u00eds: Bioexpo Colombia 2017, evento que se realizar\u00e1 en el Centro de eventos [&hellip;]<\/p>\n","protected":false},"author":4,"featured_media":0,"comment_status":"open","ping_status":"open","sticky":false,"template":"","format":"standard","meta":[],"categories":[384],"tags":[774],"yoast_head":"<!-- This site is optimized with the Yoast SEO plugin v18.5.1 - https:\/\/yoast.com\/wordpress\/plugins\/seo\/ -->\n<title>CORPOGUAJIRA ESTAR\u00c1 PRESENTE EN BIOEXPO COLOMBIA 2017 | Corpoguajira<\/title>\n<meta name=\"robots\" content=\"index, follow, max-snippet:-1, max-image-preview:large, max-video-preview:-1\" \/>\n<link rel=\"canonical\" href=\"https:\/\/corpoguajira.gov.co\/wp\/corpoguajira-estara-presente-bioexpo-colombia-2017\/\" \/>\n<meta property=\"og:locale\" content=\"es_ES\" \/>\n<meta property=\"og:type\" content=\"article\" \/>\n<meta property=\"og:title\" content=\"CORPOGUAJIRA ESTAR\u00c1 PRESENTE EN BIOEXPO COLOMBIA 2017 | Corpoguajira\" \/>\n<meta property=\"og:description\" content=\"Los negocios verdes de La Guajira se desplazan a la feria de negocios verdes m\u00e1s importante del pa\u00eds: Bioexpo Colombia 2017, evento que se realizar\u00e1 en el Centro de eventos [&hellip;]\" \/>\n<meta property=\"og:url\" content=\"https:\/\/corpoguajira.gov.co\/wp\/corpoguajira-estara-presente-bioexpo-colombia-2017\/\" \/>\n<meta property=\"og:site_name\" content=\"Corporaci\u00f3n Aut\u00f3noma Regional de La Guajira\" \/>\n<meta property=\"article:published_time\" content=\"2017-10-07T18:56:48+00:00\" \/>\n<meta property=\"og:image\" content=\"http:\/\/corpoguajira.gov.co\/wp\/wp-content\/uploads\/2017\/10\/bioexpo-1024x1024.png\" \/>\n<meta name=\"twitter:label1\" content=\"Escrito por\" \/>\n\t<meta name=\"twitter:data1\" content=\"Oficina Comunicaciones\" \/>\n\t<meta name=\"twitter:label2\" content=\"Tiempo de lectura\" \/>\n\t<meta name=\"twitter:data2\" content=\"1 minuto\" \/>\n<script type=\"application\/ld+json\" class=\"yoast-schema-graph\">{\"@context\":\"https:\/\/schema.org\",\"@graph\":[{\"@type\":\"WebSite\",\"@id\":\"https:\/\/corpoguajira.gov.co\/wp\/#website\",\"url\":\"https:\/\/corpoguajira.gov.co\/wp\/\",\"name\":\"Corporaci\u00f3n Aut\u00f3noma Regional de La Guajira\",\"description\":\"La Sostenibilidad Ambiental, un Compromiso de Todos\",\"potentialAction\":[{\"@type\":\"SearchAction\",\"target\":{\"@type\":\"EntryPoint\",\"urlTemplate\":\"https:\/\/corpoguajira.gov.co\/wp\/?s={search_term_string}\"},\"query-input\":\"required name=search_term_string\"}],\"inLanguage\":\"es\"},{\"@type\":\"ImageObject\",\"@id\":\"https:\/\/corpoguajira.gov.co\/wp\/corpoguajira-estara-presente-bioexpo-colombia-2017\/#primaryimage\",\"inLanguage\":\"es\",\"url\":\"http:\/\/corpoguajira.gov.co\/wp\/wp-content\/uploads\/2017\/10\/bioexpo-1024x1024.png\",\"contentUrl\":\"http:\/\/corpoguajira.gov.co\/wp\/wp-content\/uploads\/2017\/10\/bioexpo-1024x1024.png\"},{\"@type\":\"WebPage\",\"@id\":\"https:\/\/corpoguajira.gov.co\/wp\/corpoguajira-estara-presente-bioexpo-colombia-2017\/#webpage\",\"url\":\"https:\/\/corpoguajira.gov.co\/wp\/corpoguajira-estara-presente-bioexpo-colombia-2017\/\",\"name\":\"CORPOGUAJIRA ESTAR\u00c1 PRESENTE EN BIOEXPO COLOMBIA 2017 | Corpoguajira\",\"isPartOf\":{\"@id\":\"https:\/\/corpoguajira.gov.co\/wp\/#website\"},\"primaryImageOfPage\":{\"@id\":\"https:\/\/corpoguajira.gov.co\/wp\/corpoguajira-estara-presente-bioexpo-colombia-2017\/#primaryimage\"},\"datePublished\":\"2017-10-07T18:56:48+00:00\",\"dateModified\":\"2017-10-07T18:56:48+00:00\",\"author\":{\"@id\":\"https:\/\/corpoguajira.gov.co\/wp\/#\/schema\/person\/20b8ef7397c5a7f0b680331028e4ea90\"},\"breadcrumb\":{\"@id\":\"https:\/\/corpoguajira.gov.co\/wp\/corpoguajira-estara-presente-bioexpo-colombia-2017\/#breadcrumb\"},\"inLanguage\":\"es\",\"potentialAction\":[{\"@type\":\"ReadAction\",\"target\":[\"https:\/\/corpoguajira.gov.co\/wp\/corpoguajira-estara-presente-bioexpo-colombia-2017\/\"]}]},{\"@type\":\"BreadcrumbList\",\"@id\":\"https:\/\/corpoguajira.gov.co\/wp\/corpoguajira-estara-presente-bioexpo-colombia-2017\/#breadcrumb\",\"itemListElement\":[{\"@type\":\"ListItem\",\"position\":1,\"name\":\"Corpoguajira\",\"item\":\"https:\/\/corpoguajira.gov.co\/wp\/\"},{\"@type\":\"ListItem\",\"position\":2,\"name\":\"Noticias\",\"item\":\"https:\/\/corpoguajira.gov.co\/wp\/noticias\/\"},{\"@type\":\"ListItem\",\"position\":3,\"name\":\"CORPOGUAJIRA ESTAR\u00c1 PRESENTE EN BIOEXPO COLOMBIA 2017\"}]},{\"@type\":\"Person\",\"@id\":\"https:\/\/corpoguajira.gov.co\/wp\/#\/schema\/person\/20b8ef7397c5a7f0b680331028e4ea90\",\"name\":\"Oficina Comunicaciones\",\"image\":{\"@type\":\"ImageObject\",\"@id\":\"https:\/\/corpoguajira.gov.co\/wp\/#personlogo\",\"inLanguage\":\"es\",\"url\":\"https:\/\/secure.gravatar.com\/avatar\/ada8791cfeb6fb9bb1cf6a56a0a4199a?s=96&d=mm&r=g\",\"contentUrl\":\"https:\/\/secure.gravatar.com\/avatar\/ada8791cfeb6fb9bb1cf6a56a0a4199a?s=96&d=mm&r=g\",\"caption\":\"Oficina Comunicaciones\"},\"url\":\"https:\/\/corpoguajira.gov.co\/wp\/author\/publicaciones\/\"}]}<\/script>\n<!-- \/ Yoast SEO plugin. -->","yoast_head_json":{"title":"CORPOGUAJIRA ESTAR\u00c1 PRESENTE EN BIOEXPO COLOMBIA 2017 | Corpoguajira","robots":{"index":"index","follow":"follow","max-snippet":"max-snippet:-1","max-image-preview":"max-image-preview:large","max-video-preview":"max-video-preview:-1"},"canonical":"https:\/\/corpoguajira.gov.co\/wp\/corpoguajira-estara-presente-bioexpo-colombia-2017\/","og_locale":"es_ES","og_type":"article","og_title":"CORPOGUAJIRA ESTAR\u00c1 PRESENTE EN BIOEXPO COLOMBIA 2017 | Corpoguajira","og_description":"Los negocios verdes de La Guajira se desplazan a la feria de negocios verdes m\u00e1s importante del pa\u00eds: Bioexpo Colombia 2017, evento que se realizar\u00e1 en el Centro de eventos [&hellip;]","og_url":"https:\/\/corpoguajira.gov.co\/wp\/corpoguajira-estara-presente-bioexpo-colombia-2017\/","og_site_name":"Corporaci\u00f3n Aut\u00f3noma Regional de La Guajira","article_published_time":"2017-10-07T18:56:48+00:00","og_image":[{"url":"http:\/\/corpoguajira.gov.co\/wp\/wp-content\/uploads\/2017\/10\/bioexpo-1024x1024.png"}],"twitter_misc":{"Escrito por":"Oficina Comunicaciones","Tiempo de lectura":"1 minuto"},"schema":{"@context":"https:\/\/schema.org","@graph":[{"@type":"WebSite","@id":"https:\/\/corpoguajira.gov.co\/wp\/#website","url":"https:\/\/corpoguajira.gov.co\/wp\/","name":"Corporaci\u00f3n Aut\u00f3noma Regional de La Guajira","description":"La Sostenibilidad Ambiental, un Compromiso de Todos","potentialAction":[{"@type":"SearchAction","target":{"@type":"EntryPoint","urlTemplate":"https:\/\/corpoguajira.gov.co\/wp\/?s={search_term_string}"},"query-input":"required name=search_term_string"}],"inLanguage":"es"},{"@type":"ImageObject","@id":"https:\/\/corpoguajira.gov.co\/wp\/corpoguajira-estara-presente-bioexpo-colombia-2017\/#primaryimage","inLanguage":"es","url":"http:\/\/corpoguajira.gov.co\/wp\/wp-content\/uploads\/2017\/10\/bioexpo-1024x1024.png","contentUrl":"http:\/\/corpoguajira.gov.co\/wp\/wp-content\/uploads\/2017\/10\/bioexpo-1024x1024.png"},{"@type":"WebPage","@id":"https:\/\/corpoguajira.gov.co\/wp\/corpoguajira-estara-presente-bioexpo-colombia-2017\/#webpage","url":"https:\/\/corpoguajira.gov.co\/wp\/corpoguajira-estara-presente-bioexpo-colombia-2017\/","name":"CORPOGUAJIRA ESTAR\u00c1 PRESENTE EN BIOEXPO COLOMBIA 2017 | Corpoguajira","isPartOf":{"@id":"https:\/\/corpoguajira.gov.co\/wp\/#website"},"primaryImageOfPage":{"@id":"https:\/\/corpoguajira.gov.co\/wp\/corpoguajira-estara-presente-bioexpo-colombia-2017\/#primaryimage"},"datePublished":"2017-10-07T18:56:48+00:00","dateModified":"2017-10-07T18:56:48+00:00","author":{"@id":"https:\/\/corpoguajira.gov.co\/wp\/#\/schema\/person\/20b8ef7397c5a7f0b680331028e4ea90"},"breadcrumb":{"@id":"https:\/\/corpoguajira.gov.co\/wp\/corpoguajira-estara-presente-bioexpo-colombia-2017\/#breadcrumb"},"inLanguage":"es","potentialAction":[{"@type":"ReadAction","target":["https:\/\/corpoguajira.gov.co\/wp\/corpoguajira-estara-presente-bioexpo-colombia-2017\/"]}]},{"@type":"BreadcrumbList","@id":"https:\/\/corpoguajira.gov.co\/wp\/corpoguajira-estara-presente-bioexpo-colombia-2017\/#breadcrumb","itemListElement":[{"@type":"ListItem","position":1,"name":"Corpoguajira","item":"https:\/\/corpoguajira.gov.co\/wp\/"},{"@type":"ListItem","position":2,"name":"Noticias","item":"https:\/\/corpoguajira.gov.co\/wp\/noticias\/"},{"@type":"ListItem","position":3,"name":"CORPOGUAJIRA ESTAR\u00c1 PRESENTE EN BIOEXPO COLOMBIA 2017"}]},{"@type":"Person","@id":"https:\/\/corpoguajira.gov.co\/wp\/#\/schema\/person\/20b8ef7397c5a7f0b680331028e4ea90","name":"Oficina Comunicaciones","image":{"@type":"ImageObject","@id":"https:\/\/corpoguajira.gov.co\/wp\/#personlogo","inLanguage":"es","url":"https:\/\/secure.gravatar.com\/avatar\/ada8791cfeb6fb9bb1cf6a56a0a4199a?s=96&d=mm&r=g","contentUrl":"https:\/\/secure.gravatar.com\/avatar\/ada8791cfeb6fb9bb1cf6a56a0a4199a?s=96&d=mm&r=g","caption":"Oficina Comunicaciones"},"url":"https:\/\/corpoguajira.gov.co\/wp\/author\/publicaciones\/"}]}},"_links":{"self":[{"href":"https:\/\/corpoguajira.gov.co\/wp\/wp-json\/wp\/v2\/posts\/13214"}],"collection":[{"href":"https:\/\/corpoguajira.gov.co\/wp\/wp-json\/wp\/v2\/posts"}],"about":[{"href":"https:\/\/corpoguajira.gov.co\/wp\/wp-json\/wp\/v2\/types\/post"}],"author":[{"embeddable":true,"href":"https:\/\/corpoguajira.gov.co\/wp\/wp-json\/wp\/v2\/users\/4"}],"replies":[{"embeddable":true,"href":"https:\/\/corpoguajira.gov.co\/wp\/wp-json\/wp\/v2\/comments?post=13214"}],"version-history":[{"count":2,"href":"https:\/\/corpoguajira.gov.co\/wp\/wp-json\/wp\/v2\/posts\/13214\/revisions"}],"predecessor-version":[{"id":13217,"href":"https:\/\/corpoguajira.gov.co\/wp\/wp-json\/wp\/v2\/posts\/13214\/revisions\/13217"}],"wp:attachment":[{"href":"https:\/\/corpoguajira.gov.co\/wp\/wp-json\/wp\/v2\/media?parent=13214"}],"wp:term":[{"taxonomy":"category","embeddable":true,"href":"https:\/\/corpoguajira.gov.co\/wp\/wp-json\/wp\/v2\/categories?post=13214"},{"taxonomy":"post_tag","embeddable":true,"href":"https:\/\/corpoguajira.gov.co\/wp\/wp-json\/wp\/v2\/tags?post=13214"}],"curies":[{"name":"wp","href":"https:\/\/api.w.org\/{rel}","templated":true}]}}