{"id":166966,"date":"2019-05-09T00:24:45","date_gmt":"2019-05-09T05:24:45","guid":{"rendered":"http:\/\/corpoguajira.gov.co\/wp\/?p=166966"},"modified":"2019-05-10T00:35:07","modified_gmt":"2019-05-10T05:35:07","slug":"corpoguajira-lidero-mesa-departamental-contra-delitos-ambientales","status":"publish","type":"post","link":"https:\/\/corpoguajira.gov.co\/wp\/corpoguajira-lidero-mesa-departamental-contra-delitos-ambientales\/","title":{"rendered":"CORPOGUAJIRA LIDER\u00d3 MESA DEPARTAMENTAL CONTRA DELITOS AMBIENTALES"},"content":{"rendered":"<p style=\"text-align: justify; background: white; margin: 0cm 0cm 7.5pt 0cm;\"><span style=\"font-family: 'Arial','sans-serif'; color: #333333;\">La Corporaci\u00f3n Aut\u00f3noma Regional de La Guajira convoc\u00f3 a entidades gubernamentales, empresas p\u00fablicas y privadas y a comunidad en general para concertar de manera conjunta una estrategia interinstitucional que contribuya a controlar y mitigar los efectos del este fen\u00f3meno de variabilidad clim\u00e1tica, ocasionado en gran parte por las acciones que realizan las personas y las industrias que afectan gravemente los elementos que componen los recursos naturales como el aire, el agua, el suelo, la fauna y la flora.<\/span><\/p>\n<p style=\"text-align: justify; background: white; margin: 0cm 0cm 7.5pt 0cm;\"><span style=\"font-family: 'Arial','sans-serif'; color: #333333;\">Esta iniciativa creada para facilitar la gesti\u00f3n intersectorial mediante acciones de prevenci\u00f3n y control para el fortalecimiento de la gesti\u00f3n ambiental y la conservaci\u00f3n de nuestros recursos naturales renovables. A la fecha estos espacios han sido desarrollados en 6 de los municipios del departamento en el marco de un proyecto de Corpoguajira ejecutado por la Corporaci\u00f3n Preservar. <\/span><\/p>\n<p style=\"text-align: justify; background: white; margin: 0cm 0cm 7.5pt 0cm;\"><span style=\"font-family: 'Arial','sans-serif'; color: #333333;\">Como parte de la reuni\u00f3n se acordaron varios compromisos, con el fin de aunar esfuerzos para que los impactos sean notorios, para la recuperaci\u00f3n de ecosistemas que han sido intervenidos con malas pr\u00e1cticas ambientales. Los integrantes de la mesa tambi\u00e9n pactaron la realizaci\u00f3n de jornadas de sensibilizaci\u00f3n ambiental y recolecci\u00f3n de residuos en los diferentes municipios del departamento.<\/span><\/p>\n<p style=\"text-align: justify; background: white; margin: 0cm 0cm 7.5pt 0cm;\"><span style=\"font-family: 'Arial','sans-serif'; color: #333333;\">La jornada finaliza con el anuncio de la Cumbre Contra Delitos Ambientales que se realizar\u00e1 el pr\u00f3ximo 30 de mayo contando con la participaci\u00f3n activa de las instituciones para la planificaci\u00f3n de acciones que mitiguen los delitos anteriormente mencionados. <\/span><\/p>\n<p><a href=\"http:\/\/corpoguajira.gov.co\/wp\/wp-content\/uploads\/2019\/05\/WhatsApp-Image-2019-05-08-at-1.34.08-PM-1.jpeg\" data-rel=\"lightbox-image-0\" data-rl_title=\"\" data-rl_caption=\"\" title=\"\"><img loading=\"lazy\" class=\"aligncenter wp-image-166968 size-large\" src=\"http:\/\/corpoguajira.gov.co\/wp\/wp-content\/uploads\/2019\/05\/WhatsApp-Image-2019-05-08-at-1.34.08-PM-1-1024x682.jpeg\" alt=\"\" width=\"1024\" height=\"682\" data-id=\"166968\" srcset=\"https:\/\/www.corpoguajira.gov.co\/wp\/wp-content\/uploads\/2019\/05\/WhatsApp-Image-2019-05-08-at-1.34.08-PM-1-1024x682.jpeg 1024w, https:\/\/www.corpoguajira.gov.co\/wp\/wp-content\/uploads\/2019\/05\/WhatsApp-Image-2019-05-08-at-1.34.08-PM-1-300x200.jpeg 300w, https:\/\/www.corpoguajira.gov.co\/wp\/wp-content\/uploads\/2019\/05\/WhatsApp-Image-2019-05-08-at-1.34.08-PM-1-768x512.jpeg 768w, https:\/\/www.corpoguajira.gov.co\/wp\/wp-content\/uploads\/2019\/05\/WhatsApp-Image-2019-05-08-at-1.34.08-PM-1-600x400.jpeg 600w, https:\/\/www.corpoguajira.gov.co\/wp\/wp-content\/uploads\/2019\/05\/WhatsApp-Image-2019-05-08-at-1.34.08-PM-1-150x100.jpeg 150w, https:\/\/www.corpoguajira.gov.co\/wp\/wp-content\/uploads\/2019\/05\/WhatsApp-Image-2019-05-08-at-1.34.08-PM-1.jpeg 1280w\" sizes=\"(max-width: 1024px) 100vw, 1024px\" \/><\/a><\/p>\n","protected":false},"excerpt":{"rendered":"<p>La Corporaci\u00f3n Aut\u00f3noma Regional de La Guajira convoc\u00f3 a entidades gubernamentales, empresas p\u00fablicas y privadas y a comunidad en general para concertar de manera conjunta una estrategia interinstitucional que contribuya [&hellip;]<\/p>\n","protected":false},"author":4,"featured_media":166967,"comment_status":"open","ping_status":"open","sticky":false,"template":"","format":"standard","meta":[],"categories":[384],"tags":[774],"yoast_head":"<!-- This site is optimized with the Yoast SEO plugin v18.5.1 - https:\/\/yoast.com\/wordpress\/plugins\/seo\/ -->\n<title>CORPOGUAJIRA LIDER\u00d3 MESA DEPARTAMENTAL CONTRA DELITOS AMBIENTALES | Corpoguajira<\/title>\n<meta name=\"robots\" content=\"index, follow, max-snippet:-1, max-image-preview:large, max-video-preview:-1\" \/>\n<link rel=\"canonical\" href=\"https:\/\/corpoguajira.gov.co\/wp\/corpoguajira-lidero-mesa-departamental-contra-delitos-ambientales\/\" \/>\n<meta property=\"og:locale\" content=\"es_ES\" \/>\n<meta property=\"og:type\" content=\"article\" \/>\n<meta property=\"og:title\" content=\"CORPOGUAJIRA LIDER\u00d3 MESA DEPARTAMENTAL CONTRA DELITOS AMBIENTALES | Corpoguajira\" \/>\n<meta property=\"og:description\" content=\"La Corporaci\u00f3n Aut\u00f3noma Regional de La Guajira convoc\u00f3 a entidades gubernamentales, empresas p\u00fablicas y privadas y a comunidad en general para concertar de manera conjunta una estrategia interinstitucional que contribuya [&hellip;]\" \/>\n<meta property=\"og:url\" content=\"https:\/\/corpoguajira.gov.co\/wp\/corpoguajira-lidero-mesa-departamental-contra-delitos-ambientales\/\" \/>\n<meta property=\"og:site_name\" content=\"Corporaci\u00f3n Aut\u00f3noma Regional de La Guajira\" \/>\n<meta property=\"article:published_time\" content=\"2019-05-09T05:24:45+00:00\" \/>\n<meta property=\"article:modified_time\" content=\"2019-05-10T05:35:07+00:00\" \/>\n<meta property=\"og:image\" content=\"https:\/\/www.corpoguajira.gov.co\/wp\/wp-content\/uploads\/2019\/05\/WhatsApp-Image-2019-05-08-at-1.34.08-PM.jpeg\" \/>\n\t<meta property=\"og:image:width\" content=\"1280\" \/>\n\t<meta property=\"og:image:height\" content=\"853\" \/>\n\t<meta property=\"og:image:type\" content=\"image\/jpeg\" \/>\n<meta name=\"twitter:label1\" content=\"Escrito por\" \/>\n\t<meta name=\"twitter:data1\" content=\"Oficina Comunicaciones\" \/>\n\t<meta name=\"twitter:label2\" content=\"Tiempo de lectura\" \/>\n\t<meta name=\"twitter:data2\" content=\"1 minuto\" \/>\n<script type=\"application\/ld+json\" class=\"yoast-schema-graph\">{\"@context\":\"https:\/\/schema.org\",\"@graph\":[{\"@type\":\"WebSite\",\"@id\":\"https:\/\/corpoguajira.gov.co\/wp\/#website\",\"url\":\"https:\/\/corpoguajira.gov.co\/wp\/\",\"name\":\"Corporaci\u00f3n Aut\u00f3noma Regional de La Guajira\",\"description\":\"La Sostenibilidad Ambiental, un Compromiso de Todos\",\"potentialAction\":[{\"@type\":\"SearchAction\",\"target\":{\"@type\":\"EntryPoint\",\"urlTemplate\":\"https:\/\/corpoguajira.gov.co\/wp\/?s={search_term_string}\"},\"query-input\":\"required name=search_term_string\"}],\"inLanguage\":\"es\"},{\"@type\":\"ImageObject\",\"@id\":\"https:\/\/corpoguajira.gov.co\/wp\/corpoguajira-lidero-mesa-departamental-contra-delitos-ambientales\/#primaryimage\",\"inLanguage\":\"es\",\"url\":\"https:\/\/www.corpoguajira.gov.co\/wp\/wp-content\/uploads\/2019\/05\/WhatsApp-Image-2019-05-08-at-1.34.08-PM.jpeg\",\"contentUrl\":\"https:\/\/www.corpoguajira.gov.co\/wp\/wp-content\/uploads\/2019\/05\/WhatsApp-Image-2019-05-08-at-1.34.08-PM.jpeg\",\"width\":1280,\"height\":853},{\"@type\":\"WebPage\",\"@id\":\"https:\/\/corpoguajira.gov.co\/wp\/corpoguajira-lidero-mesa-departamental-contra-delitos-ambientales\/#webpage\",\"url\":\"https:\/\/corpoguajira.gov.co\/wp\/corpoguajira-lidero-mesa-departamental-contra-delitos-ambientales\/\",\"name\":\"CORPOGUAJIRA LIDER\u00d3 MESA DEPARTAMENTAL CONTRA DELITOS AMBIENTALES | Corpoguajira\",\"isPartOf\":{\"@id\":\"https:\/\/corpoguajira.gov.co\/wp\/#website\"},\"primaryImageOfPage\":{\"@id\":\"https:\/\/corpoguajira.gov.co\/wp\/corpoguajira-lidero-mesa-departamental-contra-delitos-ambientales\/#primaryimage\"},\"datePublished\":\"2019-05-09T05:24:45+00:00\",\"dateModified\":\"2019-05-10T05:35:07+00:00\",\"author\":{\"@id\":\"https:\/\/corpoguajira.gov.co\/wp\/#\/schema\/person\/20b8ef7397c5a7f0b680331028e4ea90\"},\"breadcrumb\":{\"@id\":\"https:\/\/corpoguajira.gov.co\/wp\/corpoguajira-lidero-mesa-departamental-contra-delitos-ambientales\/#breadcrumb\"},\"inLanguage\":\"es\",\"potentialAction\":[{\"@type\":\"ReadAction\",\"target\":[\"https:\/\/corpoguajira.gov.co\/wp\/corpoguajira-lidero-mesa-departamental-contra-delitos-ambientales\/\"]}]},{\"@type\":\"BreadcrumbList\",\"@id\":\"https:\/\/corpoguajira.gov.co\/wp\/corpoguajira-lidero-mesa-departamental-contra-delitos-ambientales\/#breadcrumb\",\"itemListElement\":[{\"@type\":\"ListItem\",\"position\":1,\"name\":\"Corpoguajira\",\"item\":\"https:\/\/corpoguajira.gov.co\/wp\/\"},{\"@type\":\"ListItem\",\"position\":2,\"name\":\"Noticias\",\"item\":\"https:\/\/corpoguajira.gov.co\/wp\/noticias\/\"},{\"@type\":\"ListItem\",\"position\":3,\"name\":\"CORPOGUAJIRA LIDER\u00d3 MESA DEPARTAMENTAL CONTRA DELITOS AMBIENTALES\"}]},{\"@type\":\"Person\",\"@id\":\"https:\/\/corpoguajira.gov.co\/wp\/#\/schema\/person\/20b8ef7397c5a7f0b680331028e4ea90\",\"name\":\"Oficina Comunicaciones\",\"image\":{\"@type\":\"ImageObject\",\"@id\":\"https:\/\/corpoguajira.gov.co\/wp\/#personlogo\",\"inLanguage\":\"es\",\"url\":\"https:\/\/secure.gravatar.com\/avatar\/ada8791cfeb6fb9bb1cf6a56a0a4199a?s=96&d=mm&r=g\",\"contentUrl\":\"https:\/\/secure.gravatar.com\/avatar\/ada8791cfeb6fb9bb1cf6a56a0a4199a?s=96&d=mm&r=g\",\"caption\":\"Oficina Comunicaciones\"},\"url\":\"https:\/\/corpoguajira.gov.co\/wp\/author\/publicaciones\/\"}]}<\/script>\n<!-- \/ Yoast SEO plugin. -->","yoast_head_json":{"title":"CORPOGUAJIRA LIDER\u00d3 MESA DEPARTAMENTAL CONTRA DELITOS AMBIENTALES | Corpoguajira","robots":{"index":"index","follow":"follow","max-snippet":"max-snippet:-1","max-image-preview":"max-image-preview:large","max-video-preview":"max-video-preview:-1"},"canonical":"https:\/\/corpoguajira.gov.co\/wp\/corpoguajira-lidero-mesa-departamental-contra-delitos-ambientales\/","og_locale":"es_ES","og_type":"article","og_title":"CORPOGUAJIRA LIDER\u00d3 MESA DEPARTAMENTAL CONTRA DELITOS AMBIENTALES | Corpoguajira","og_description":"La Corporaci\u00f3n Aut\u00f3noma Regional de La Guajira convoc\u00f3 a entidades gubernamentales, empresas p\u00fablicas y privadas y a comunidad en general para concertar de manera conjunta una estrategia interinstitucional que contribuya [&hellip;]","og_url":"https:\/\/corpoguajira.gov.co\/wp\/corpoguajira-lidero-mesa-departamental-contra-delitos-ambientales\/","og_site_name":"Corporaci\u00f3n Aut\u00f3noma Regional de La Guajira","article_published_time":"2019-05-09T05:24:45+00:00","article_modified_time":"2019-05-10T05:35:07+00:00","og_image":[{"width":1280,"height":853,"url":"https:\/\/www.corpoguajira.gov.co\/wp\/wp-content\/uploads\/2019\/05\/WhatsApp-Image-2019-05-08-at-1.34.08-PM.jpeg","type":"image\/jpeg"}],"twitter_misc":{"Escrito por":"Oficina Comunicaciones","Tiempo de lectura":"1 minuto"},"schema":{"@context":"https:\/\/schema.org","@graph":[{"@type":"WebSite","@id":"https:\/\/corpoguajira.gov.co\/wp\/#website","url":"https:\/\/corpoguajira.gov.co\/wp\/","name":"Corporaci\u00f3n Aut\u00f3noma Regional de La Guajira","description":"La Sostenibilidad Ambiental, un Compromiso de Todos","potentialAction":[{"@type":"SearchAction","target":{"@type":"EntryPoint","urlTemplate":"https:\/\/corpoguajira.gov.co\/wp\/?s={search_term_string}"},"query-input":"required name=search_term_string"}],"inLanguage":"es"},{"@type":"ImageObject","@id":"https:\/\/corpoguajira.gov.co\/wp\/corpoguajira-lidero-mesa-departamental-contra-delitos-ambientales\/#primaryimage","inLanguage":"es","url":"https:\/\/www.corpoguajira.gov.co\/wp\/wp-content\/uploads\/2019\/05\/WhatsApp-Image-2019-05-08-at-1.34.08-PM.jpeg","contentUrl":"https:\/\/www.corpoguajira.gov.co\/wp\/wp-content\/uploads\/2019\/05\/WhatsApp-Image-2019-05-08-at-1.34.08-PM.jpeg","width":1280,"height":853},{"@type":"WebPage","@id":"https:\/\/corpoguajira.gov.co\/wp\/corpoguajira-lidero-mesa-departamental-contra-delitos-ambientales\/#webpage","url":"https:\/\/corpoguajira.gov.co\/wp\/corpoguajira-lidero-mesa-departamental-contra-delitos-ambientales\/","name":"CORPOGUAJIRA LIDER\u00d3 MESA DEPARTAMENTAL CONTRA DELITOS AMBIENTALES | Corpoguajira","isPartOf":{"@id":"https:\/\/corpoguajira.gov.co\/wp\/#website"},"primaryImageOfPage":{"@id":"https:\/\/corpoguajira.gov.co\/wp\/corpoguajira-lidero-mesa-departamental-contra-delitos-ambientales\/#primaryimage"},"datePublished":"2019-05-09T05:24:45+00:00","dateModified":"2019-05-10T05:35:07+00:00","author":{"@id":"https:\/\/corpoguajira.gov.co\/wp\/#\/schema\/person\/20b8ef7397c5a7f0b680331028e4ea90"},"breadcrumb":{"@id":"https:\/\/corpoguajira.gov.co\/wp\/corpoguajira-lidero-mesa-departamental-contra-delitos-ambientales\/#breadcrumb"},"inLanguage":"es","potentialAction":[{"@type":"ReadAction","target":["https:\/\/corpoguajira.gov.co\/wp\/corpoguajira-lidero-mesa-departamental-contra-delitos-ambientales\/"]}]},{"@type":"BreadcrumbList","@id":"https:\/\/corpoguajira.gov.co\/wp\/corpoguajira-lidero-mesa-departamental-contra-delitos-ambientales\/#breadcrumb","itemListElement":[{"@type":"ListItem","position":1,"name":"Corpoguajira","item":"https:\/\/corpoguajira.gov.co\/wp\/"},{"@type":"ListItem","position":2,"name":"Noticias","item":"https:\/\/corpoguajira.gov.co\/wp\/noticias\/"},{"@type":"ListItem","position":3,"name":"CORPOGUAJIRA LIDER\u00d3 MESA DEPARTAMENTAL CONTRA DELITOS AMBIENTALES"}]},{"@type":"Person","@id":"https:\/\/corpoguajira.gov.co\/wp\/#\/schema\/person\/20b8ef7397c5a7f0b680331028e4ea90","name":"Oficina Comunicaciones","image":{"@type":"ImageObject","@id":"https:\/\/corpoguajira.gov.co\/wp\/#personlogo","inLanguage":"es","url":"https:\/\/secure.gravatar.com\/avatar\/ada8791cfeb6fb9bb1cf6a56a0a4199a?s=96&d=mm&r=g","contentUrl":"https:\/\/secure.gravatar.com\/avatar\/ada8791cfeb6fb9bb1cf6a56a0a4199a?s=96&d=mm&r=g","caption":"Oficina Comunicaciones"},"url":"https:\/\/corpoguajira.gov.co\/wp\/author\/publicaciones\/"}]}},"_links":{"self":[{"href":"https:\/\/corpoguajira.gov.co\/wp\/wp-json\/wp\/v2\/posts\/166966"}],"collection":[{"href":"https:\/\/corpoguajira.gov.co\/wp\/wp-json\/wp\/v2\/posts"}],"about":[{"href":"https:\/\/corpoguajira.gov.co\/wp\/wp-json\/wp\/v2\/types\/post"}],"author":[{"embeddable":true,"href":"https:\/\/corpoguajira.gov.co\/wp\/wp-json\/wp\/v2\/users\/4"}],"replies":[{"embeddable":true,"href":"https:\/\/corpoguajira.gov.co\/wp\/wp-json\/wp\/v2\/comments?post=166966"}],"version-history":[{"count":1,"href":"https:\/\/corpoguajira.gov.co\/wp\/wp-json\/wp\/v2\/posts\/166966\/revisions"}],"predecessor-version":[{"id":166969,"href":"https:\/\/corpoguajira.gov.co\/wp\/wp-json\/wp\/v2\/posts\/166966\/revisions\/166969"}],"wp:featuredmedia":[{"embeddable":true,"href":"https:\/\/corpoguajira.gov.co\/wp\/wp-json\/wp\/v2\/media\/166967"}],"wp:attachment":[{"href":"https:\/\/corpoguajira.gov.co\/wp\/wp-json\/wp\/v2\/media?parent=166966"}],"wp:term":[{"taxonomy":"category","embeddable":true,"href":"https:\/\/corpoguajira.gov.co\/wp\/wp-json\/wp\/v2\/categories?post=166966"},{"taxonomy":"post_tag","embeddable":true,"href":"https:\/\/corpoguajira.gov.co\/wp\/wp-json\/wp\/v2\/tags?post=166966"}],"curies":[{"name":"wp","href":"https:\/\/api.w.org\/{rel}","templated":true}]}}