{"id":167365,"date":"2019-06-13T01:11:03","date_gmt":"2019-06-13T06:11:03","guid":{"rendered":"http:\/\/corpoguajira.gov.co\/wp\/?p=167365"},"modified":"2019-06-12T19:48:32","modified_gmt":"2019-06-13T00:48:32","slug":"la-laguna-sala-quimera-de-un-humedal-historico","status":"publish","type":"post","link":"https:\/\/corpoguajira.gov.co\/wp\/la-laguna-sala-quimera-de-un-humedal-historico\/","title":{"rendered":"LA LAGUNA SAL\u00c1, QUIMERA DE UN HUMEDAL HIST\u00d3RICO"},"content":{"rendered":"<p>CORPOGUAJIRA DA PASOS FIRMES PARA LA RECUPERACI\u00d3N DEL ACU\u00cdFERO PATRIMONIAL<\/p>\n<p><em>Columnista invitado: Mario Alfonso Puello<\/em><\/p>\n<p><em>\u00a0\u00a0\u00a0\u00a0\u00a0\u00a0\u00a0\u00a0\u00a0\u00a0\u00a0\u00a0\u00a0\u00a0\u00a0\u00a0\u00a0\u00a0\u00a0\u00a0\u00a0\u00a0\u00a0\u00a0\u00a0\u00a0\u00a0\u00a0\u00a0\u00a0\u00a0\u00a0\u00a0\u00a0\u00a0\u00a0\u00a0 Periodista, gestor e investigador socio cultural.<\/em><\/p>\n<p>La acci\u00f3n popular, herramienta jur\u00eddica, interpuesta por Corpoguajira y fallada a su favor da lugar a que la alcald\u00eda Distrital de Riohacha, Gobernaci\u00f3n de La Guajira, Migraci\u00f3n Colombia, Polic\u00eda Nacional, ICBF e Interaseo ejecuten acciones pertinentes para proteger y preservar el ecosistema, la medida judicial interpuesta por el Director de la entidad ambiental Luis Manuel Medina Toro, est\u00e1 orientada a garantizar la defensa y protecci\u00f3n de los derechos e intereses colectivos, el goce de un ambiente sano, existencia del equilibrio ecol\u00f3gico,\u00a0 manejo y aprovechamiento racional de los recursos naturales, utilizaci\u00f3n y defensa del espacio y bienes de uso p\u00fablico, adem\u00e1s propender por la seguridad y salubridad de la comunidad.<\/p>\n<p><strong><em>La Laguna Salada, Santuario de la independencia.<\/em><\/strong><\/p>\n<p>Un legendario cuerpo de agua,que presenci\u00f3 en silencio la llegada de los perleros de CUBAGUA y fue escenario del memorable combate del Almirante Jos\u00e9 Prudencio Padilla contra los espa\u00f1oles de S\u00e1nchez De Lima, acu\u00edfero natural donde miles de especies a\u00fan se reproducen, tesoro ambiental al que el af\u00e1n constructor le redujo cuatro veces su tama\u00f1o original, un cuerpo de agua patrimonial, testigo silente de los diferentes aconteceres que han marcado la historia de la se\u00f1orial Riohacha.<\/p>\n<p>La gesta independentista, desarrollada el 25 de Mayo de 1820 , tuvo como h\u00e9roe principal a un joven capit\u00e1n de Nav\u00edo, miembro del ej\u00e9rcito libertador del General Sim\u00f3n Bol\u00edvar, quien plane\u00f3 y ejecut\u00f3 la estrategia de guerra que pondr\u00eda fin al yugo espa\u00f1ol sobre la ciudad de Riohacha, Jos\u00e9 Prudencio Padilla L\u00f3pez hijo de esta comarca,fue el responsablede la gesta hist\u00f3rica que tuvo como escenario de combate a la Laguna Sal\u00e1, relatada magistralmente por el desaparecido historiador L\u00e1zaro Diago Julio en sus escritos y conferencias, nos recrea a los protagonistas del feroz combate.<\/p>\n<p>El ej\u00e9rcito espa\u00f1ol, arrastrado hasta las inmediaciones de La Laguna Sal\u00e1 por las huestes patriotas comandadas por el general venezolano Mariano Montilla y de otra, los bravos riohacheros liderados por el Almirante Padilla y el Capit\u00e1n Trinidad Pinto, tambi\u00e9n riohachero. El combate fue cuerpo a cuerpo,llevando la peor parte el contingente espa\u00f1ol que portaban uniformes reflectivos mientras los aguerridos patriotas se camuflaban con la oscuridad y el espeso lodo de la laguna, ante la brutal acometida y con bajas considerables, el ej\u00e9rcito realista opto por la retirada, huyendo despavoridos hacia la sabana del Patr\u00f3n, con rumbo hacia Santa Marta.<\/p>\n<p>Este combate, fue la g\u00e9nesis de la liberaci\u00f3n de la costa Caribe colombiana y consolid\u00f3 dicho sea de paso la independencia nacional, por eso la importancia de la Laguna no es solamente ambiental, es un patrimonio hist\u00f3rico que debe declararse con urgencia protegido para su salvaguardia y posteriormente proyectarla como nuevo destino tur\u00edstico, ambiental e hist\u00f3rico.<\/p>\n<p>El 21 septiembre de 2011, zarparon de la hero\u00edca ciudad de Cartagena 100 expedicionarios a bordo del ARC Cartagena de Indias de la gloriosa Armada Nacional de Colombia, para realizar una c\u00e1lida traves\u00eda por el Caribe,llamada La Expedici\u00f3n Padilla, con la intenci\u00f3n de recorrer la ruta libertadora del Almirante Jos\u00e9 Prudencio Padilla en su recorrido por Cartagena,\u00a0 Barranquilla,\u00a0 Santa Marta y Riohacha la comitiva hist\u00f3rica desarroll\u00f3 una extraordinaria agenda cultural y cient\u00edfica con la intenci\u00f3n de acercar a la gente del Caribe colombiano a sus ra\u00edces e historia,al entendimiento de su participaci\u00f3n en la independencia del pa\u00eds y el rescate de su identidad.<\/p>\n<p>En cada puerto la expedici\u00f3n conformada por estudiantes, cient\u00edficos sociales, productores audiovisuales,periodistas, economistas, antrop\u00f3logos y soci\u00f3logos de Colombia y varios pa\u00edses recogieron informaci\u00f3n sobre gastronom\u00eda, archivos hist\u00f3ricos, legados culturales entre otros temas, del 1 al 3 de octubre la expedici\u00f3n estuvo en Riohacha y uno de los escenarios visitados fue la Laguna Sal\u00e1, el impacto fue muy desagradable por el abandono en que hallaron sumido al denominado Santuario de la Independencia.<\/p>\n<p>El mismo sitio que hoy agoniza muy a pesar de las recomendaciones que al respecto realiz\u00f3 la suiza Aline Helg, profesora de historia de la Universidad de Ginebra, escritora e investigadora y tal vez la persona m\u00e1s avezada en la investigaci\u00f3n sobre la vida y obra del invicto l\u00edder pardo, en entrevista especial concedida a este servidor ella conceptu\u00f3: \u201cLo primero que me impact\u00f3 fue esa poblaci\u00f3n que habita alrededor de esa Laguna, sobre todo los ni\u00f1os hay que reubicarlos urgente. Lo segundo es la recuperaci\u00f3n de ese sitio hist\u00f3rico, ah\u00ed no deber\u00edan construir nada que no vaya acorde con la importancia del lugar, tendr\u00eda que ser concertado con los historiadores y conocedores del patrimonio cultural, se tiene que limpiar, pero al mismo tiempo debe realizarse una b\u00fasqueda arqueol\u00f3gica con expertos en el tema\u201d.<\/p>\n<p>En aquel entonces, 8 a\u00f1os atr\u00e1s la historiadora expres\u00f3 su anhelo por desarrollar \u201cLos pasos de la historia\u201d un proyecto de Ecoturismo hist\u00f3rico y cultural; donde se genere la Ruta Padillista con sentido ambiental para la recuperaci\u00f3n y conservaci\u00f3n de la Laguna Sal\u00e1 desde Riohacha hasta la ciudad de Cartagena. Lo anterior esperanzados que durante esa fecha a la actualidad hubiese sido posibles implementar esta actividad que contribuir\u00eda para el desarrollo ecosist\u00e9mico y econ\u00f3mico del Distrito; tal como lo intentaron hacer con el parque tem\u00e1tico y que hoy se encuentra en completo deterioro.<\/p>\n<p>El pr\u00f3ximo 25 de mayo de 2020, se conmemorar\u00e1 el primer Bicentenario del combate independentista en la Laguna Sal\u00e1 y solo hasta ahora para su recuperaci\u00f3n Corpoguajira ha dado el primer paso interponiendo la acci\u00f3n popular teniendo en cuenta las instituciones involucradas adquirieron el compromiso para el reestablecimiento de este importante humedal. Para la celebraci\u00f3n est\u00e1 previsto realizar una jornada de senderismo hist\u00f3rico alrededor del acu\u00edfero para visibilizar la magnitud del deterioro ambiental y hacer cumplir lo estipulado por la ley.<\/p>\n","protected":false},"excerpt":{"rendered":"<p>CORPOGUAJIRA DA PASOS FIRMES PARA LA RECUPERACI\u00d3N DEL ACU\u00cdFERO PATRIMONIAL Columnista invitado: Mario Alfonso Puello \u00a0\u00a0\u00a0\u00a0\u00a0\u00a0\u00a0\u00a0\u00a0\u00a0\u00a0\u00a0\u00a0\u00a0\u00a0\u00a0\u00a0\u00a0\u00a0\u00a0\u00a0\u00a0\u00a0\u00a0\u00a0\u00a0\u00a0\u00a0\u00a0\u00a0\u00a0\u00a0\u00a0\u00a0\u00a0\u00a0\u00a0 Periodista, gestor e investigador socio cultural. La acci\u00f3n popular, herramienta jur\u00eddica, interpuesta por Corpoguajira [&hellip;]<\/p>\n","protected":false},"author":4,"featured_media":167366,"comment_status":"open","ping_status":"open","sticky":false,"template":"","format":"standard","meta":[],"categories":[384],"tags":[774],"yoast_head":"<!-- This site is optimized with the Yoast SEO plugin v18.5.1 - https:\/\/yoast.com\/wordpress\/plugins\/seo\/ -->\n<title>LA LAGUNA SAL\u00c1, QUIMERA DE UN HUMEDAL HIST\u00d3RICO | Corpoguajira<\/title>\n<meta name=\"robots\" content=\"index, follow, max-snippet:-1, max-image-preview:large, max-video-preview:-1\" \/>\n<link rel=\"canonical\" href=\"https:\/\/corpoguajira.gov.co\/wp\/la-laguna-sala-quimera-de-un-humedal-historico\/\" \/>\n<meta property=\"og:locale\" content=\"es_ES\" \/>\n<meta property=\"og:type\" content=\"article\" \/>\n<meta property=\"og:title\" content=\"LA LAGUNA SAL\u00c1, QUIMERA DE UN HUMEDAL HIST\u00d3RICO | Corpoguajira\" \/>\n<meta property=\"og:description\" content=\"CORPOGUAJIRA DA PASOS FIRMES PARA LA RECUPERACI\u00d3N DEL ACU\u00cdFERO PATRIMONIAL Columnista invitado: Mario Alfonso Puello \u00a0\u00a0\u00a0\u00a0\u00a0\u00a0\u00a0\u00a0\u00a0\u00a0\u00a0\u00a0\u00a0\u00a0\u00a0\u00a0\u00a0\u00a0\u00a0\u00a0\u00a0\u00a0\u00a0\u00a0\u00a0\u00a0\u00a0\u00a0\u00a0\u00a0\u00a0\u00a0\u00a0\u00a0\u00a0\u00a0\u00a0 Periodista, gestor e investigador socio cultural. La acci\u00f3n popular, herramienta jur\u00eddica, interpuesta por Corpoguajira [&hellip;]\" \/>\n<meta property=\"og:url\" content=\"https:\/\/corpoguajira.gov.co\/wp\/la-laguna-sala-quimera-de-un-humedal-historico\/\" \/>\n<meta property=\"og:site_name\" content=\"Corporaci\u00f3n Aut\u00f3noma Regional de La Guajira\" \/>\n<meta property=\"article:published_time\" content=\"2019-06-13T06:11:03+00:00\" \/>\n<meta property=\"article:modified_time\" content=\"2019-06-13T00:48:32+00:00\" \/>\n<meta property=\"og:image\" content=\"https:\/\/www.corpoguajira.gov.co\/wp\/wp-content\/uploads\/2019\/06\/Humedal-Laguna-Salada-1024x768.jpg\" \/>\n\t<meta property=\"og:image:width\" content=\"1024\" \/>\n\t<meta property=\"og:image:height\" content=\"768\" \/>\n\t<meta property=\"og:image:type\" content=\"image\/jpeg\" \/>\n<meta name=\"twitter:label1\" content=\"Escrito por\" \/>\n\t<meta name=\"twitter:data1\" content=\"Oficina Comunicaciones\" \/>\n\t<meta name=\"twitter:label2\" content=\"Tiempo de lectura\" \/>\n\t<meta name=\"twitter:data2\" content=\"5 minutos\" \/>\n<script type=\"application\/ld+json\" class=\"yoast-schema-graph\">{\"@context\":\"https:\/\/schema.org\",\"@graph\":[{\"@type\":\"WebSite\",\"@id\":\"https:\/\/corpoguajira.gov.co\/wp\/#website\",\"url\":\"https:\/\/corpoguajira.gov.co\/wp\/\",\"name\":\"Corporaci\u00f3n Aut\u00f3noma Regional de La Guajira\",\"description\":\"La Sostenibilidad Ambiental, un Compromiso de Todos\",\"potentialAction\":[{\"@type\":\"SearchAction\",\"target\":{\"@type\":\"EntryPoint\",\"urlTemplate\":\"https:\/\/corpoguajira.gov.co\/wp\/?s={search_term_string}\"},\"query-input\":\"required name=search_term_string\"}],\"inLanguage\":\"es\"},{\"@type\":\"ImageObject\",\"@id\":\"https:\/\/corpoguajira.gov.co\/wp\/la-laguna-sala-quimera-de-un-humedal-historico\/#primaryimage\",\"inLanguage\":\"es\",\"url\":\"https:\/\/www.corpoguajira.gov.co\/wp\/wp-content\/uploads\/2019\/06\/Humedal-Laguna-Salada.jpg\",\"contentUrl\":\"https:\/\/www.corpoguajira.gov.co\/wp\/wp-content\/uploads\/2019\/06\/Humedal-Laguna-Salada.jpg\",\"width\":4320,\"height\":3240},{\"@type\":\"WebPage\",\"@id\":\"https:\/\/corpoguajira.gov.co\/wp\/la-laguna-sala-quimera-de-un-humedal-historico\/#webpage\",\"url\":\"https:\/\/corpoguajira.gov.co\/wp\/la-laguna-sala-quimera-de-un-humedal-historico\/\",\"name\":\"LA LAGUNA SAL\u00c1, QUIMERA DE UN HUMEDAL HIST\u00d3RICO | Corpoguajira\",\"isPartOf\":{\"@id\":\"https:\/\/corpoguajira.gov.co\/wp\/#website\"},\"primaryImageOfPage\":{\"@id\":\"https:\/\/corpoguajira.gov.co\/wp\/la-laguna-sala-quimera-de-un-humedal-historico\/#primaryimage\"},\"datePublished\":\"2019-06-13T06:11:03+00:00\",\"dateModified\":\"2019-06-13T00:48:32+00:00\",\"author\":{\"@id\":\"https:\/\/corpoguajira.gov.co\/wp\/#\/schema\/person\/20b8ef7397c5a7f0b680331028e4ea90\"},\"breadcrumb\":{\"@id\":\"https:\/\/corpoguajira.gov.co\/wp\/la-laguna-sala-quimera-de-un-humedal-historico\/#breadcrumb\"},\"inLanguage\":\"es\",\"potentialAction\":[{\"@type\":\"ReadAction\",\"target\":[\"https:\/\/corpoguajira.gov.co\/wp\/la-laguna-sala-quimera-de-un-humedal-historico\/\"]}]},{\"@type\":\"BreadcrumbList\",\"@id\":\"https:\/\/corpoguajira.gov.co\/wp\/la-laguna-sala-quimera-de-un-humedal-historico\/#breadcrumb\",\"itemListElement\":[{\"@type\":\"ListItem\",\"position\":1,\"name\":\"Corpoguajira\",\"item\":\"https:\/\/corpoguajira.gov.co\/wp\/\"},{\"@type\":\"ListItem\",\"position\":2,\"name\":\"Noticias\",\"item\":\"https:\/\/corpoguajira.gov.co\/wp\/noticias\/\"},{\"@type\":\"ListItem\",\"position\":3,\"name\":\"LA LAGUNA SAL\u00c1, QUIMERA DE UN HUMEDAL HIST\u00d3RICO\"}]},{\"@type\":\"Person\",\"@id\":\"https:\/\/corpoguajira.gov.co\/wp\/#\/schema\/person\/20b8ef7397c5a7f0b680331028e4ea90\",\"name\":\"Oficina Comunicaciones\",\"image\":{\"@type\":\"ImageObject\",\"@id\":\"https:\/\/corpoguajira.gov.co\/wp\/#personlogo\",\"inLanguage\":\"es\",\"url\":\"https:\/\/secure.gravatar.com\/avatar\/ada8791cfeb6fb9bb1cf6a56a0a4199a?s=96&d=mm&r=g\",\"contentUrl\":\"https:\/\/secure.gravatar.com\/avatar\/ada8791cfeb6fb9bb1cf6a56a0a4199a?s=96&d=mm&r=g\",\"caption\":\"Oficina Comunicaciones\"},\"url\":\"https:\/\/corpoguajira.gov.co\/wp\/author\/publicaciones\/\"}]}<\/script>\n<!-- \/ Yoast SEO plugin. -->","yoast_head_json":{"title":"LA LAGUNA SAL\u00c1, QUIMERA DE UN HUMEDAL HIST\u00d3RICO | Corpoguajira","robots":{"index":"index","follow":"follow","max-snippet":"max-snippet:-1","max-image-preview":"max-image-preview:large","max-video-preview":"max-video-preview:-1"},"canonical":"https:\/\/corpoguajira.gov.co\/wp\/la-laguna-sala-quimera-de-un-humedal-historico\/","og_locale":"es_ES","og_type":"article","og_title":"LA LAGUNA SAL\u00c1, QUIMERA DE UN HUMEDAL HIST\u00d3RICO | Corpoguajira","og_description":"CORPOGUAJIRA DA PASOS FIRMES PARA LA RECUPERACI\u00d3N DEL ACU\u00cdFERO PATRIMONIAL Columnista invitado: Mario Alfonso Puello \u00a0\u00a0\u00a0\u00a0\u00a0\u00a0\u00a0\u00a0\u00a0\u00a0\u00a0\u00a0\u00a0\u00a0\u00a0\u00a0\u00a0\u00a0\u00a0\u00a0\u00a0\u00a0\u00a0\u00a0\u00a0\u00a0\u00a0\u00a0\u00a0\u00a0\u00a0\u00a0\u00a0\u00a0\u00a0\u00a0\u00a0 Periodista, gestor e investigador socio cultural. La acci\u00f3n popular, herramienta jur\u00eddica, interpuesta por Corpoguajira [&hellip;]","og_url":"https:\/\/corpoguajira.gov.co\/wp\/la-laguna-sala-quimera-de-un-humedal-historico\/","og_site_name":"Corporaci\u00f3n Aut\u00f3noma Regional de La Guajira","article_published_time":"2019-06-13T06:11:03+00:00","article_modified_time":"2019-06-13T00:48:32+00:00","og_image":[{"width":1024,"height":768,"url":"https:\/\/www.corpoguajira.gov.co\/wp\/wp-content\/uploads\/2019\/06\/Humedal-Laguna-Salada-1024x768.jpg","type":"image\/jpeg"}],"twitter_misc":{"Escrito por":"Oficina Comunicaciones","Tiempo de lectura":"5 minutos"},"schema":{"@context":"https:\/\/schema.org","@graph":[{"@type":"WebSite","@id":"https:\/\/corpoguajira.gov.co\/wp\/#website","url":"https:\/\/corpoguajira.gov.co\/wp\/","name":"Corporaci\u00f3n Aut\u00f3noma Regional de La Guajira","description":"La Sostenibilidad Ambiental, un Compromiso de Todos","potentialAction":[{"@type":"SearchAction","target":{"@type":"EntryPoint","urlTemplate":"https:\/\/corpoguajira.gov.co\/wp\/?s={search_term_string}"},"query-input":"required name=search_term_string"}],"inLanguage":"es"},{"@type":"ImageObject","@id":"https:\/\/corpoguajira.gov.co\/wp\/la-laguna-sala-quimera-de-un-humedal-historico\/#primaryimage","inLanguage":"es","url":"https:\/\/www.corpoguajira.gov.co\/wp\/wp-content\/uploads\/2019\/06\/Humedal-Laguna-Salada.jpg","contentUrl":"https:\/\/www.corpoguajira.gov.co\/wp\/wp-content\/uploads\/2019\/06\/Humedal-Laguna-Salada.jpg","width":4320,"height":3240},{"@type":"WebPage","@id":"https:\/\/corpoguajira.gov.co\/wp\/la-laguna-sala-quimera-de-un-humedal-historico\/#webpage","url":"https:\/\/corpoguajira.gov.co\/wp\/la-laguna-sala-quimera-de-un-humedal-historico\/","name":"LA LAGUNA SAL\u00c1, QUIMERA DE UN HUMEDAL HIST\u00d3RICO | Corpoguajira","isPartOf":{"@id":"https:\/\/corpoguajira.gov.co\/wp\/#website"},"primaryImageOfPage":{"@id":"https:\/\/corpoguajira.gov.co\/wp\/la-laguna-sala-quimera-de-un-humedal-historico\/#primaryimage"},"datePublished":"2019-06-13T06:11:03+00:00","dateModified":"2019-06-13T00:48:32+00:00","author":{"@id":"https:\/\/corpoguajira.gov.co\/wp\/#\/schema\/person\/20b8ef7397c5a7f0b680331028e4ea90"},"breadcrumb":{"@id":"https:\/\/corpoguajira.gov.co\/wp\/la-laguna-sala-quimera-de-un-humedal-historico\/#breadcrumb"},"inLanguage":"es","potentialAction":[{"@type":"ReadAction","target":["https:\/\/corpoguajira.gov.co\/wp\/la-laguna-sala-quimera-de-un-humedal-historico\/"]}]},{"@type":"BreadcrumbList","@id":"https:\/\/corpoguajira.gov.co\/wp\/la-laguna-sala-quimera-de-un-humedal-historico\/#breadcrumb","itemListElement":[{"@type":"ListItem","position":1,"name":"Corpoguajira","item":"https:\/\/corpoguajira.gov.co\/wp\/"},{"@type":"ListItem","position":2,"name":"Noticias","item":"https:\/\/corpoguajira.gov.co\/wp\/noticias\/"},{"@type":"ListItem","position":3,"name":"LA LAGUNA SAL\u00c1, QUIMERA DE UN HUMEDAL HIST\u00d3RICO"}]},{"@type":"Person","@id":"https:\/\/corpoguajira.gov.co\/wp\/#\/schema\/person\/20b8ef7397c5a7f0b680331028e4ea90","name":"Oficina Comunicaciones","image":{"@type":"ImageObject","@id":"https:\/\/corpoguajira.gov.co\/wp\/#personlogo","inLanguage":"es","url":"https:\/\/secure.gravatar.com\/avatar\/ada8791cfeb6fb9bb1cf6a56a0a4199a?s=96&d=mm&r=g","contentUrl":"https:\/\/secure.gravatar.com\/avatar\/ada8791cfeb6fb9bb1cf6a56a0a4199a?s=96&d=mm&r=g","caption":"Oficina Comunicaciones"},"url":"https:\/\/corpoguajira.gov.co\/wp\/author\/publicaciones\/"}]}},"_links":{"self":[{"href":"https:\/\/corpoguajira.gov.co\/wp\/wp-json\/wp\/v2\/posts\/167365"}],"collection":[{"href":"https:\/\/corpoguajira.gov.co\/wp\/wp-json\/wp\/v2\/posts"}],"about":[{"href":"https:\/\/corpoguajira.gov.co\/wp\/wp-json\/wp\/v2\/types\/post"}],"author":[{"embeddable":true,"href":"https:\/\/corpoguajira.gov.co\/wp\/wp-json\/wp\/v2\/users\/4"}],"replies":[{"embeddable":true,"href":"https:\/\/corpoguajira.gov.co\/wp\/wp-json\/wp\/v2\/comments?post=167365"}],"version-history":[{"count":1,"href":"https:\/\/corpoguajira.gov.co\/wp\/wp-json\/wp\/v2\/posts\/167365\/revisions"}],"predecessor-version":[{"id":167367,"href":"https:\/\/corpoguajira.gov.co\/wp\/wp-json\/wp\/v2\/posts\/167365\/revisions\/167367"}],"wp:featuredmedia":[{"embeddable":true,"href":"https:\/\/corpoguajira.gov.co\/wp\/wp-json\/wp\/v2\/media\/167366"}],"wp:attachment":[{"href":"https:\/\/corpoguajira.gov.co\/wp\/wp-json\/wp\/v2\/media?parent=167365"}],"wp:term":[{"taxonomy":"category","embeddable":true,"href":"https:\/\/corpoguajira.gov.co\/wp\/wp-json\/wp\/v2\/categories?post=167365"},{"taxonomy":"post_tag","embeddable":true,"href":"https:\/\/corpoguajira.gov.co\/wp\/wp-json\/wp\/v2\/tags?post=167365"}],"curies":[{"name":"wp","href":"https:\/\/api.w.org\/{rel}","templated":true}]}}