{"id":168946,"date":"2019-09-19T02:49:44","date_gmt":"2019-09-19T07:49:44","guid":{"rendered":"http:\/\/corpoguajira.gov.co\/wp\/?p=168946"},"modified":"2019-09-20T09:50:43","modified_gmt":"2019-09-20T14:50:43","slug":"en-la-guajira-se-fortalece-la-estructura-ambiental-empresarial-y-comercial-de-los-negocios-verdes","status":"publish","type":"post","link":"https:\/\/corpoguajira.gov.co\/wp\/en-la-guajira-se-fortalece-la-estructura-ambiental-empresarial-y-comercial-de-los-negocios-verdes\/","title":{"rendered":"En La Guajira se fortalece la estructura ambiental, empresarial y comercial de los negocios verdes"},"content":{"rendered":"<p>A trav\u00e9s del Ministerio de Ambiente y Desarrollo Sostenible y su articulaci\u00f3n con la Uni\u00f3n Europea se logra fortalecer a empresarios de La Guajira. Corpoguajira convoc\u00f3 durante dos d\u00edas a los productores y empresarios pertenecientes al programa Negocios Verdes y Sostenibles para que fuesen participes del Taller Regional de Formaci\u00f3n Especializada en Negocios Verdes, dictado por la empresa operaria CR\u00c9AME.<\/p>\n<p>Dicha jornada acad\u00e9mica estuvo dirigida a los empresarios verificados en el a\u00f1o 2018, involucrando el ecosistema empresarial del territorio (C\u00e1mara de Comercio \u2013 SENA \u2013 Universidad de la Guajira \u2013 Oficina de Turismo departamental entre otros) y teniendo como objetivo fortalecer la estructura ambiental, empresarial y comercial\u00a0 de los negocios intervenidos por el programa de generaci\u00f3n de Negocios Verdes, el cual contiene adem\u00e1s la realizaci\u00f3n de visitas de acompa\u00f1amiento especializado mediante las recomendaciones que se encuentran contempladas en el plan de mejora.<\/p>\n<p>Esta labor de empoderamiento se desarrolla de manera arm\u00f3nica con el plan de marketing verde que se construy\u00f3 en 2018; fortaleciendo de manera conceptual y pr\u00e1ctica en elementos de sostenibilidad ambiental, empoderamiento comercial y de mercadeo y talleres pr\u00e1cticos donde los empresarios de la regi\u00f3n alcanzaron a desarrollar las metodolog\u00edas y a trav\u00e9s de esto se robustecer\u00e1 el mecanismo para replicar los distintos procesos.<\/p>\n<p>As\u00ed mismo, se logr\u00f3 el diagn\u00f3stico de la oferta con la que cuenta el departamento, asesorando el productor en como ofrecer su servicio teniendo en cuenta que hacen parte de una estrategia de pa\u00eds que le apunta al fortalecimiento de la econom\u00eda por medio del uso sostenible de los recursos naturales, retomando la fuerza de trabajar articulados y en equipo para permitirse crear alianzas que construyan un departamento econ\u00f3micamente sostenible.<\/p>\n","protected":false},"excerpt":{"rendered":"<p>A trav\u00e9s del Ministerio de Ambiente y Desarrollo Sostenible y su articulaci\u00f3n con la Uni\u00f3n Europea se logra fortalecer a empresarios de La Guajira. Corpoguajira convoc\u00f3 durante dos d\u00edas a [&hellip;]<\/p>\n","protected":false},"author":4,"featured_media":168939,"comment_status":"open","ping_status":"open","sticky":false,"template":"","format":"standard","meta":[],"categories":[384],"tags":[774],"yoast_head":"<!-- This site is optimized with the Yoast SEO plugin v18.5.1 - https:\/\/yoast.com\/wordpress\/plugins\/seo\/ -->\n<title>En La Guajira se fortalece la estructura ambiental, empresarial y comercial de los negocios verdes | Corpoguajira<\/title>\n<meta name=\"robots\" content=\"index, follow, max-snippet:-1, max-image-preview:large, max-video-preview:-1\" \/>\n<link rel=\"canonical\" href=\"https:\/\/corpoguajira.gov.co\/wp\/en-la-guajira-se-fortalece-la-estructura-ambiental-empresarial-y-comercial-de-los-negocios-verdes\/\" \/>\n<meta property=\"og:locale\" content=\"es_ES\" \/>\n<meta property=\"og:type\" content=\"article\" \/>\n<meta property=\"og:title\" content=\"En La Guajira se fortalece la estructura ambiental, empresarial y comercial de los negocios verdes | Corpoguajira\" \/>\n<meta property=\"og:description\" content=\"A trav\u00e9s del Ministerio de Ambiente y Desarrollo Sostenible y su articulaci\u00f3n con la Uni\u00f3n Europea se logra fortalecer a empresarios de La Guajira. Corpoguajira convoc\u00f3 durante dos d\u00edas a [&hellip;]\" \/>\n<meta property=\"og:url\" content=\"https:\/\/corpoguajira.gov.co\/wp\/en-la-guajira-se-fortalece-la-estructura-ambiental-empresarial-y-comercial-de-los-negocios-verdes\/\" \/>\n<meta property=\"og:site_name\" content=\"Corporaci\u00f3n Aut\u00f3noma Regional de La Guajira\" \/>\n<meta property=\"article:published_time\" content=\"2019-09-19T07:49:44+00:00\" \/>\n<meta property=\"article:modified_time\" content=\"2019-09-20T14:50:43+00:00\" \/>\n<meta property=\"og:image\" content=\"https:\/\/www.corpoguajira.gov.co\/wp\/wp-content\/uploads\/2019\/09\/WhatsApp-Image-2019-09-18-at-9.45.36-AM-1.jpeg\" \/>\n\t<meta property=\"og:image:width\" content=\"1280\" \/>\n\t<meta property=\"og:image:height\" content=\"853\" \/>\n\t<meta property=\"og:image:type\" content=\"image\/jpeg\" \/>\n<meta name=\"twitter:label1\" content=\"Escrito por\" \/>\n\t<meta name=\"twitter:data1\" content=\"Oficina Comunicaciones\" \/>\n\t<meta name=\"twitter:label2\" content=\"Tiempo de lectura\" \/>\n\t<meta name=\"twitter:data2\" content=\"1 minuto\" \/>\n<script type=\"application\/ld+json\" class=\"yoast-schema-graph\">{\"@context\":\"https:\/\/schema.org\",\"@graph\":[{\"@type\":\"WebSite\",\"@id\":\"https:\/\/corpoguajira.gov.co\/wp\/#website\",\"url\":\"https:\/\/corpoguajira.gov.co\/wp\/\",\"name\":\"Corporaci\u00f3n Aut\u00f3noma Regional de La Guajira\",\"description\":\"La Sostenibilidad Ambiental, un Compromiso de Todos\",\"potentialAction\":[{\"@type\":\"SearchAction\",\"target\":{\"@type\":\"EntryPoint\",\"urlTemplate\":\"https:\/\/corpoguajira.gov.co\/wp\/?s={search_term_string}\"},\"query-input\":\"required name=search_term_string\"}],\"inLanguage\":\"es\"},{\"@type\":\"ImageObject\",\"@id\":\"https:\/\/corpoguajira.gov.co\/wp\/en-la-guajira-se-fortalece-la-estructura-ambiental-empresarial-y-comercial-de-los-negocios-verdes\/#primaryimage\",\"inLanguage\":\"es\",\"url\":\"https:\/\/www.corpoguajira.gov.co\/wp\/wp-content\/uploads\/2019\/09\/WhatsApp-Image-2019-09-18-at-9.45.36-AM-1.jpeg\",\"contentUrl\":\"https:\/\/www.corpoguajira.gov.co\/wp\/wp-content\/uploads\/2019\/09\/WhatsApp-Image-2019-09-18-at-9.45.36-AM-1.jpeg\",\"width\":1280,\"height\":853},{\"@type\":\"WebPage\",\"@id\":\"https:\/\/corpoguajira.gov.co\/wp\/en-la-guajira-se-fortalece-la-estructura-ambiental-empresarial-y-comercial-de-los-negocios-verdes\/#webpage\",\"url\":\"https:\/\/corpoguajira.gov.co\/wp\/en-la-guajira-se-fortalece-la-estructura-ambiental-empresarial-y-comercial-de-los-negocios-verdes\/\",\"name\":\"En La Guajira se fortalece la estructura ambiental, empresarial y comercial de los negocios verdes | Corpoguajira\",\"isPartOf\":{\"@id\":\"https:\/\/corpoguajira.gov.co\/wp\/#website\"},\"primaryImageOfPage\":{\"@id\":\"https:\/\/corpoguajira.gov.co\/wp\/en-la-guajira-se-fortalece-la-estructura-ambiental-empresarial-y-comercial-de-los-negocios-verdes\/#primaryimage\"},\"datePublished\":\"2019-09-19T07:49:44+00:00\",\"dateModified\":\"2019-09-20T14:50:43+00:00\",\"author\":{\"@id\":\"https:\/\/corpoguajira.gov.co\/wp\/#\/schema\/person\/20b8ef7397c5a7f0b680331028e4ea90\"},\"breadcrumb\":{\"@id\":\"https:\/\/corpoguajira.gov.co\/wp\/en-la-guajira-se-fortalece-la-estructura-ambiental-empresarial-y-comercial-de-los-negocios-verdes\/#breadcrumb\"},\"inLanguage\":\"es\",\"potentialAction\":[{\"@type\":\"ReadAction\",\"target\":[\"https:\/\/corpoguajira.gov.co\/wp\/en-la-guajira-se-fortalece-la-estructura-ambiental-empresarial-y-comercial-de-los-negocios-verdes\/\"]}]},{\"@type\":\"BreadcrumbList\",\"@id\":\"https:\/\/corpoguajira.gov.co\/wp\/en-la-guajira-se-fortalece-la-estructura-ambiental-empresarial-y-comercial-de-los-negocios-verdes\/#breadcrumb\",\"itemListElement\":[{\"@type\":\"ListItem\",\"position\":1,\"name\":\"Corpoguajira\",\"item\":\"https:\/\/corpoguajira.gov.co\/wp\/\"},{\"@type\":\"ListItem\",\"position\":2,\"name\":\"Noticias\",\"item\":\"https:\/\/corpoguajira.gov.co\/wp\/noticias\/\"},{\"@type\":\"ListItem\",\"position\":3,\"name\":\"En La Guajira se fortalece la estructura ambiental, empresarial y comercial de los negocios verdes\"}]},{\"@type\":\"Person\",\"@id\":\"https:\/\/corpoguajira.gov.co\/wp\/#\/schema\/person\/20b8ef7397c5a7f0b680331028e4ea90\",\"name\":\"Oficina Comunicaciones\",\"image\":{\"@type\":\"ImageObject\",\"@id\":\"https:\/\/corpoguajira.gov.co\/wp\/#personlogo\",\"inLanguage\":\"es\",\"url\":\"https:\/\/secure.gravatar.com\/avatar\/ada8791cfeb6fb9bb1cf6a56a0a4199a?s=96&d=mm&r=g\",\"contentUrl\":\"https:\/\/secure.gravatar.com\/avatar\/ada8791cfeb6fb9bb1cf6a56a0a4199a?s=96&d=mm&r=g\",\"caption\":\"Oficina Comunicaciones\"},\"url\":\"https:\/\/corpoguajira.gov.co\/wp\/author\/publicaciones\/\"}]}<\/script>\n<!-- \/ Yoast SEO plugin. -->","yoast_head_json":{"title":"En La Guajira se fortalece la estructura ambiental, empresarial y comercial de los negocios verdes | Corpoguajira","robots":{"index":"index","follow":"follow","max-snippet":"max-snippet:-1","max-image-preview":"max-image-preview:large","max-video-preview":"max-video-preview:-1"},"canonical":"https:\/\/corpoguajira.gov.co\/wp\/en-la-guajira-se-fortalece-la-estructura-ambiental-empresarial-y-comercial-de-los-negocios-verdes\/","og_locale":"es_ES","og_type":"article","og_title":"En La Guajira se fortalece la estructura ambiental, empresarial y comercial de los negocios verdes | Corpoguajira","og_description":"A trav\u00e9s del Ministerio de Ambiente y Desarrollo Sostenible y su articulaci\u00f3n con la Uni\u00f3n Europea se logra fortalecer a empresarios de La Guajira. Corpoguajira convoc\u00f3 durante dos d\u00edas a [&hellip;]","og_url":"https:\/\/corpoguajira.gov.co\/wp\/en-la-guajira-se-fortalece-la-estructura-ambiental-empresarial-y-comercial-de-los-negocios-verdes\/","og_site_name":"Corporaci\u00f3n Aut\u00f3noma Regional de La Guajira","article_published_time":"2019-09-19T07:49:44+00:00","article_modified_time":"2019-09-20T14:50:43+00:00","og_image":[{"width":1280,"height":853,"url":"https:\/\/www.corpoguajira.gov.co\/wp\/wp-content\/uploads\/2019\/09\/WhatsApp-Image-2019-09-18-at-9.45.36-AM-1.jpeg","type":"image\/jpeg"}],"twitter_misc":{"Escrito por":"Oficina Comunicaciones","Tiempo de lectura":"1 minuto"},"schema":{"@context":"https:\/\/schema.org","@graph":[{"@type":"WebSite","@id":"https:\/\/corpoguajira.gov.co\/wp\/#website","url":"https:\/\/corpoguajira.gov.co\/wp\/","name":"Corporaci\u00f3n Aut\u00f3noma Regional de La Guajira","description":"La Sostenibilidad Ambiental, un Compromiso de Todos","potentialAction":[{"@type":"SearchAction","target":{"@type":"EntryPoint","urlTemplate":"https:\/\/corpoguajira.gov.co\/wp\/?s={search_term_string}"},"query-input":"required name=search_term_string"}],"inLanguage":"es"},{"@type":"ImageObject","@id":"https:\/\/corpoguajira.gov.co\/wp\/en-la-guajira-se-fortalece-la-estructura-ambiental-empresarial-y-comercial-de-los-negocios-verdes\/#primaryimage","inLanguage":"es","url":"https:\/\/www.corpoguajira.gov.co\/wp\/wp-content\/uploads\/2019\/09\/WhatsApp-Image-2019-09-18-at-9.45.36-AM-1.jpeg","contentUrl":"https:\/\/www.corpoguajira.gov.co\/wp\/wp-content\/uploads\/2019\/09\/WhatsApp-Image-2019-09-18-at-9.45.36-AM-1.jpeg","width":1280,"height":853},{"@type":"WebPage","@id":"https:\/\/corpoguajira.gov.co\/wp\/en-la-guajira-se-fortalece-la-estructura-ambiental-empresarial-y-comercial-de-los-negocios-verdes\/#webpage","url":"https:\/\/corpoguajira.gov.co\/wp\/en-la-guajira-se-fortalece-la-estructura-ambiental-empresarial-y-comercial-de-los-negocios-verdes\/","name":"En La Guajira se fortalece la estructura ambiental, empresarial y comercial de los negocios verdes | Corpoguajira","isPartOf":{"@id":"https:\/\/corpoguajira.gov.co\/wp\/#website"},"primaryImageOfPage":{"@id":"https:\/\/corpoguajira.gov.co\/wp\/en-la-guajira-se-fortalece-la-estructura-ambiental-empresarial-y-comercial-de-los-negocios-verdes\/#primaryimage"},"datePublished":"2019-09-19T07:49:44+00:00","dateModified":"2019-09-20T14:50:43+00:00","author":{"@id":"https:\/\/corpoguajira.gov.co\/wp\/#\/schema\/person\/20b8ef7397c5a7f0b680331028e4ea90"},"breadcrumb":{"@id":"https:\/\/corpoguajira.gov.co\/wp\/en-la-guajira-se-fortalece-la-estructura-ambiental-empresarial-y-comercial-de-los-negocios-verdes\/#breadcrumb"},"inLanguage":"es","potentialAction":[{"@type":"ReadAction","target":["https:\/\/corpoguajira.gov.co\/wp\/en-la-guajira-se-fortalece-la-estructura-ambiental-empresarial-y-comercial-de-los-negocios-verdes\/"]}]},{"@type":"BreadcrumbList","@id":"https:\/\/corpoguajira.gov.co\/wp\/en-la-guajira-se-fortalece-la-estructura-ambiental-empresarial-y-comercial-de-los-negocios-verdes\/#breadcrumb","itemListElement":[{"@type":"ListItem","position":1,"name":"Corpoguajira","item":"https:\/\/corpoguajira.gov.co\/wp\/"},{"@type":"ListItem","position":2,"name":"Noticias","item":"https:\/\/corpoguajira.gov.co\/wp\/noticias\/"},{"@type":"ListItem","position":3,"name":"En La Guajira se fortalece la estructura ambiental, empresarial y comercial de los negocios verdes"}]},{"@type":"Person","@id":"https:\/\/corpoguajira.gov.co\/wp\/#\/schema\/person\/20b8ef7397c5a7f0b680331028e4ea90","name":"Oficina Comunicaciones","image":{"@type":"ImageObject","@id":"https:\/\/corpoguajira.gov.co\/wp\/#personlogo","inLanguage":"es","url":"https:\/\/secure.gravatar.com\/avatar\/ada8791cfeb6fb9bb1cf6a56a0a4199a?s=96&d=mm&r=g","contentUrl":"https:\/\/secure.gravatar.com\/avatar\/ada8791cfeb6fb9bb1cf6a56a0a4199a?s=96&d=mm&r=g","caption":"Oficina Comunicaciones"},"url":"https:\/\/corpoguajira.gov.co\/wp\/author\/publicaciones\/"}]}},"_links":{"self":[{"href":"https:\/\/corpoguajira.gov.co\/wp\/wp-json\/wp\/v2\/posts\/168946"}],"collection":[{"href":"https:\/\/corpoguajira.gov.co\/wp\/wp-json\/wp\/v2\/posts"}],"about":[{"href":"https:\/\/corpoguajira.gov.co\/wp\/wp-json\/wp\/v2\/types\/post"}],"author":[{"embeddable":true,"href":"https:\/\/corpoguajira.gov.co\/wp\/wp-json\/wp\/v2\/users\/4"}],"replies":[{"embeddable":true,"href":"https:\/\/corpoguajira.gov.co\/wp\/wp-json\/wp\/v2\/comments?post=168946"}],"version-history":[{"count":1,"href":"https:\/\/corpoguajira.gov.co\/wp\/wp-json\/wp\/v2\/posts\/168946\/revisions"}],"predecessor-version":[{"id":168947,"href":"https:\/\/corpoguajira.gov.co\/wp\/wp-json\/wp\/v2\/posts\/168946\/revisions\/168947"}],"wp:featuredmedia":[{"embeddable":true,"href":"https:\/\/corpoguajira.gov.co\/wp\/wp-json\/wp\/v2\/media\/168939"}],"wp:attachment":[{"href":"https:\/\/corpoguajira.gov.co\/wp\/wp-json\/wp\/v2\/media?parent=168946"}],"wp:term":[{"taxonomy":"category","embeddable":true,"href":"https:\/\/corpoguajira.gov.co\/wp\/wp-json\/wp\/v2\/categories?post=168946"},{"taxonomy":"post_tag","embeddable":true,"href":"https:\/\/corpoguajira.gov.co\/wp\/wp-json\/wp\/v2\/tags?post=168946"}],"curies":[{"name":"wp","href":"https:\/\/api.w.org\/{rel}","templated":true}]}}