{"id":197114,"date":"2020-05-04T07:44:15","date_gmt":"2020-05-04T12:44:15","guid":{"rendered":"http:\/\/corpoguajira.gov.co\/wp\/?p=197114"},"modified":"2020-05-04T07:44:36","modified_gmt":"2020-05-04T12:44:36","slug":"decomisadas-26-toneladas-de-carbon-vegetal-en-jurisdiccion-de-dibulla","status":"publish","type":"post","link":"https:\/\/corpoguajira.gov.co\/wp\/decomisadas-26-toneladas-de-carbon-vegetal-en-jurisdiccion-de-dibulla\/","title":{"rendered":"DECOMISADAS 26  TONELADAS DE CARB\u00d3N VEGETAL EN JURISDICCI\u00d3N DE DIBULLA"},"content":{"rendered":"<p><a href=\"http:\/\/corpoguajira.gov.co\/wp\/wp-content\/uploads\/2020\/05\/WhatsApp-Image-2020-04-30-at-6.25.00-PM.jpeg\" data-rel=\"lightbox-image-0\" data-rl_title=\"\" data-rl_caption=\"\" title=\"\"><img loading=\"lazy\" class=\"size-medium wp-image-197115 alignleft\" src=\"http:\/\/corpoguajira.gov.co\/wp\/wp-content\/uploads\/2020\/05\/WhatsApp-Image-2020-04-30-at-6.25.00-PM-300x300.jpeg\" alt=\"\" width=\"300\" height=\"300\" data-id=\"197115\" srcset=\"https:\/\/www.corpoguajira.gov.co\/wp\/wp-content\/uploads\/2020\/05\/WhatsApp-Image-2020-04-30-at-6.25.00-PM-300x300.jpeg 300w, https:\/\/www.corpoguajira.gov.co\/wp\/wp-content\/uploads\/2020\/05\/WhatsApp-Image-2020-04-30-at-6.25.00-PM-150x150.jpeg 150w, https:\/\/www.corpoguajira.gov.co\/wp\/wp-content\/uploads\/2020\/05\/WhatsApp-Image-2020-04-30-at-6.25.00-PM-768x768.jpeg 768w, https:\/\/www.corpoguajira.gov.co\/wp\/wp-content\/uploads\/2020\/05\/WhatsApp-Image-2020-04-30-at-6.25.00-PM-600x600.jpeg 600w, https:\/\/www.corpoguajira.gov.co\/wp\/wp-content\/uploads\/2020\/05\/WhatsApp-Image-2020-04-30-at-6.25.00-PM.jpeg 1000w\" sizes=\"(max-width: 300px) 100vw, 300px\" \/><\/a>En articulaci\u00f3n con el Ej\u00e9rcito Nacional, la Corporaci\u00f3n Aut\u00f3noma Regional De La Guajira incaut\u00f3 1300 bultos de carb\u00f3n vegetal que eran transportados \u00a0en una tractomula.<\/p>\n<p>El material confiscado es proveniente del corte de madera del bosque natural, producto de aprovechamientos forestales ilegales para lo cual se utiiz\u00f3 Guayac\u00e1n (Bulnesia arb\u00f3rea) especie que se encuentra protegida mediante la figura de veda regional, establecida en el Acuerdo 003 de 2012 emitido por Corpoguajira.<\/p>\n<p>Adem\u00e1s, al momento de solicitar la docuentaci\u00f3n requerida para acreditar la legalidad del aprovechamiento forestal y su transporte, el conductor no contaba con el Salvoconducto \u00danico Nacional correspondiente.<\/p>\n<p>El tr\u00e1fico ilegal de carb\u00f3n vegetal es una actividad que afecta significativamente la biodiversidad de la regi\u00f3n, es por eso que desde Corpoguajira en conjunto con la fuerza p\u00fablica se hacen constantemente operativos contra el tr\u00e1fico ilegal de dicho material.<\/p>\n<p>La tala de bosque para la \u00a0producci\u00f3n de carb\u00f3n vegetal trae consigo consecuencias como la p\u00e9rdida del h\u00e1bitat de innumerables especies, la emisi\u00f3n de gases efecto invernadero, acelera los efectos de la variabilidad clim\u00e1tica, contribuyendo con la desertificaci\u00f3n y la sequ\u00eda, entre otras.<\/p>\n","protected":false},"excerpt":{"rendered":"<p>En articulaci\u00f3n con el Ej\u00e9rcito Nacional, la Corporaci\u00f3n Aut\u00f3noma Regional De La Guajira incaut\u00f3 1300 bultos de carb\u00f3n vegetal que eran transportados \u00a0en una tractomula. El material confiscado es proveniente [&hellip;]<\/p>\n","protected":false},"author":1538,"featured_media":0,"comment_status":"open","ping_status":"open","sticky":false,"template":"","format":"standard","meta":[],"categories":[384],"tags":[774],"yoast_head":"<!-- This site is optimized with the Yoast SEO plugin v18.5.1 - https:\/\/yoast.com\/wordpress\/plugins\/seo\/ -->\n<title>DECOMISADAS 26 TONELADAS DE CARB\u00d3N VEGETAL EN JURISDICCI\u00d3N DE DIBULLA | Corpoguajira<\/title>\n<meta name=\"robots\" content=\"index, follow, max-snippet:-1, max-image-preview:large, max-video-preview:-1\" \/>\n<link rel=\"canonical\" href=\"https:\/\/corpoguajira.gov.co\/wp\/decomisadas-26-toneladas-de-carbon-vegetal-en-jurisdiccion-de-dibulla\/\" \/>\n<meta property=\"og:locale\" content=\"es_ES\" \/>\n<meta property=\"og:type\" content=\"article\" \/>\n<meta property=\"og:title\" content=\"DECOMISADAS 26 TONELADAS DE CARB\u00d3N VEGETAL EN JURISDICCI\u00d3N DE DIBULLA | Corpoguajira\" \/>\n<meta property=\"og:description\" content=\"En articulaci\u00f3n con el Ej\u00e9rcito Nacional, la Corporaci\u00f3n Aut\u00f3noma Regional De La Guajira incaut\u00f3 1300 bultos de carb\u00f3n vegetal que eran transportados \u00a0en una tractomula. El material confiscado es proveniente [&hellip;]\" \/>\n<meta property=\"og:url\" content=\"https:\/\/corpoguajira.gov.co\/wp\/decomisadas-26-toneladas-de-carbon-vegetal-en-jurisdiccion-de-dibulla\/\" \/>\n<meta property=\"og:site_name\" content=\"Corporaci\u00f3n Aut\u00f3noma Regional de La Guajira\" \/>\n<meta property=\"article:published_time\" content=\"2020-05-04T12:44:15+00:00\" \/>\n<meta property=\"article:modified_time\" content=\"2020-05-04T12:44:36+00:00\" \/>\n<meta property=\"og:image\" content=\"http:\/\/corpoguajira.gov.co\/wp\/wp-content\/uploads\/2020\/05\/WhatsApp-Image-2020-04-30-at-6.25.00-PM-300x300.jpeg\" \/>\n<meta name=\"twitter:label1\" content=\"Escrito por\" \/>\n\t<meta name=\"twitter:data1\" content=\"Comunicaciones\" \/>\n\t<meta name=\"twitter:label2\" content=\"Tiempo de lectura\" \/>\n\t<meta name=\"twitter:data2\" content=\"1 minuto\" \/>\n<script type=\"application\/ld+json\" class=\"yoast-schema-graph\">{\"@context\":\"https:\/\/schema.org\",\"@graph\":[{\"@type\":\"WebSite\",\"@id\":\"https:\/\/corpoguajira.gov.co\/wp\/#website\",\"url\":\"https:\/\/corpoguajira.gov.co\/wp\/\",\"name\":\"Corporaci\u00f3n Aut\u00f3noma Regional de La Guajira\",\"description\":\"La Sostenibilidad Ambiental, un Compromiso de Todos\",\"potentialAction\":[{\"@type\":\"SearchAction\",\"target\":{\"@type\":\"EntryPoint\",\"urlTemplate\":\"https:\/\/corpoguajira.gov.co\/wp\/?s={search_term_string}\"},\"query-input\":\"required name=search_term_string\"}],\"inLanguage\":\"es\"},{\"@type\":\"ImageObject\",\"@id\":\"https:\/\/corpoguajira.gov.co\/wp\/decomisadas-26-toneladas-de-carbon-vegetal-en-jurisdiccion-de-dibulla\/#primaryimage\",\"inLanguage\":\"es\",\"url\":\"http:\/\/corpoguajira.gov.co\/wp\/wp-content\/uploads\/2020\/05\/WhatsApp-Image-2020-04-30-at-6.25.00-PM-300x300.jpeg\",\"contentUrl\":\"http:\/\/corpoguajira.gov.co\/wp\/wp-content\/uploads\/2020\/05\/WhatsApp-Image-2020-04-30-at-6.25.00-PM-300x300.jpeg\"},{\"@type\":\"WebPage\",\"@id\":\"https:\/\/corpoguajira.gov.co\/wp\/decomisadas-26-toneladas-de-carbon-vegetal-en-jurisdiccion-de-dibulla\/#webpage\",\"url\":\"https:\/\/corpoguajira.gov.co\/wp\/decomisadas-26-toneladas-de-carbon-vegetal-en-jurisdiccion-de-dibulla\/\",\"name\":\"DECOMISADAS 26 TONELADAS DE CARB\u00d3N VEGETAL EN JURISDICCI\u00d3N DE DIBULLA | Corpoguajira\",\"isPartOf\":{\"@id\":\"https:\/\/corpoguajira.gov.co\/wp\/#website\"},\"primaryImageOfPage\":{\"@id\":\"https:\/\/corpoguajira.gov.co\/wp\/decomisadas-26-toneladas-de-carbon-vegetal-en-jurisdiccion-de-dibulla\/#primaryimage\"},\"datePublished\":\"2020-05-04T12:44:15+00:00\",\"dateModified\":\"2020-05-04T12:44:36+00:00\",\"author\":{\"@id\":\"https:\/\/corpoguajira.gov.co\/wp\/#\/schema\/person\/e44cf20513f6049cbaddf01a18c4dbb7\"},\"breadcrumb\":{\"@id\":\"https:\/\/corpoguajira.gov.co\/wp\/decomisadas-26-toneladas-de-carbon-vegetal-en-jurisdiccion-de-dibulla\/#breadcrumb\"},\"inLanguage\":\"es\",\"potentialAction\":[{\"@type\":\"ReadAction\",\"target\":[\"https:\/\/corpoguajira.gov.co\/wp\/decomisadas-26-toneladas-de-carbon-vegetal-en-jurisdiccion-de-dibulla\/\"]}]},{\"@type\":\"BreadcrumbList\",\"@id\":\"https:\/\/corpoguajira.gov.co\/wp\/decomisadas-26-toneladas-de-carbon-vegetal-en-jurisdiccion-de-dibulla\/#breadcrumb\",\"itemListElement\":[{\"@type\":\"ListItem\",\"position\":1,\"name\":\"Corpoguajira\",\"item\":\"https:\/\/corpoguajira.gov.co\/wp\/\"},{\"@type\":\"ListItem\",\"position\":2,\"name\":\"Noticias\",\"item\":\"https:\/\/corpoguajira.gov.co\/wp\/noticias\/\"},{\"@type\":\"ListItem\",\"position\":3,\"name\":\"DECOMISADAS 26 TONELADAS DE CARB\u00d3N VEGETAL EN JURISDICCI\u00d3N DE DIBULLA\"}]},{\"@type\":\"Person\",\"@id\":\"https:\/\/corpoguajira.gov.co\/wp\/#\/schema\/person\/e44cf20513f6049cbaddf01a18c4dbb7\",\"name\":\"Comunicaciones\",\"image\":{\"@type\":\"ImageObject\",\"@id\":\"https:\/\/corpoguajira.gov.co\/wp\/#personlogo\",\"inLanguage\":\"es\",\"url\":\"https:\/\/secure.gravatar.com\/avatar\/78cdaaa2678ebf19fb9e44f84e38a07c?s=96&d=mm&r=g\",\"contentUrl\":\"https:\/\/secure.gravatar.com\/avatar\/78cdaaa2678ebf19fb9e44f84e38a07c?s=96&d=mm&r=g\",\"caption\":\"Comunicaciones\"},\"url\":\"https:\/\/corpoguajira.gov.co\/wp\/author\/comunicaciones\/\"}]}<\/script>\n<!-- \/ Yoast SEO plugin. -->","yoast_head_json":{"title":"DECOMISADAS 26 TONELADAS DE CARB\u00d3N VEGETAL EN JURISDICCI\u00d3N DE DIBULLA | Corpoguajira","robots":{"index":"index","follow":"follow","max-snippet":"max-snippet:-1","max-image-preview":"max-image-preview:large","max-video-preview":"max-video-preview:-1"},"canonical":"https:\/\/corpoguajira.gov.co\/wp\/decomisadas-26-toneladas-de-carbon-vegetal-en-jurisdiccion-de-dibulla\/","og_locale":"es_ES","og_type":"article","og_title":"DECOMISADAS 26 TONELADAS DE CARB\u00d3N VEGETAL EN JURISDICCI\u00d3N DE DIBULLA | Corpoguajira","og_description":"En articulaci\u00f3n con el Ej\u00e9rcito Nacional, la Corporaci\u00f3n Aut\u00f3noma Regional De La Guajira incaut\u00f3 1300 bultos de carb\u00f3n vegetal que eran transportados \u00a0en una tractomula. El material confiscado es proveniente [&hellip;]","og_url":"https:\/\/corpoguajira.gov.co\/wp\/decomisadas-26-toneladas-de-carbon-vegetal-en-jurisdiccion-de-dibulla\/","og_site_name":"Corporaci\u00f3n Aut\u00f3noma Regional de La Guajira","article_published_time":"2020-05-04T12:44:15+00:00","article_modified_time":"2020-05-04T12:44:36+00:00","og_image":[{"url":"http:\/\/corpoguajira.gov.co\/wp\/wp-content\/uploads\/2020\/05\/WhatsApp-Image-2020-04-30-at-6.25.00-PM-300x300.jpeg"}],"twitter_misc":{"Escrito por":"Comunicaciones","Tiempo de lectura":"1 minuto"},"schema":{"@context":"https:\/\/schema.org","@graph":[{"@type":"WebSite","@id":"https:\/\/corpoguajira.gov.co\/wp\/#website","url":"https:\/\/corpoguajira.gov.co\/wp\/","name":"Corporaci\u00f3n Aut\u00f3noma Regional de La Guajira","description":"La Sostenibilidad Ambiental, un Compromiso de Todos","potentialAction":[{"@type":"SearchAction","target":{"@type":"EntryPoint","urlTemplate":"https:\/\/corpoguajira.gov.co\/wp\/?s={search_term_string}"},"query-input":"required name=search_term_string"}],"inLanguage":"es"},{"@type":"ImageObject","@id":"https:\/\/corpoguajira.gov.co\/wp\/decomisadas-26-toneladas-de-carbon-vegetal-en-jurisdiccion-de-dibulla\/#primaryimage","inLanguage":"es","url":"http:\/\/corpoguajira.gov.co\/wp\/wp-content\/uploads\/2020\/05\/WhatsApp-Image-2020-04-30-at-6.25.00-PM-300x300.jpeg","contentUrl":"http:\/\/corpoguajira.gov.co\/wp\/wp-content\/uploads\/2020\/05\/WhatsApp-Image-2020-04-30-at-6.25.00-PM-300x300.jpeg"},{"@type":"WebPage","@id":"https:\/\/corpoguajira.gov.co\/wp\/decomisadas-26-toneladas-de-carbon-vegetal-en-jurisdiccion-de-dibulla\/#webpage","url":"https:\/\/corpoguajira.gov.co\/wp\/decomisadas-26-toneladas-de-carbon-vegetal-en-jurisdiccion-de-dibulla\/","name":"DECOMISADAS 26 TONELADAS DE CARB\u00d3N VEGETAL EN JURISDICCI\u00d3N DE DIBULLA | Corpoguajira","isPartOf":{"@id":"https:\/\/corpoguajira.gov.co\/wp\/#website"},"primaryImageOfPage":{"@id":"https:\/\/corpoguajira.gov.co\/wp\/decomisadas-26-toneladas-de-carbon-vegetal-en-jurisdiccion-de-dibulla\/#primaryimage"},"datePublished":"2020-05-04T12:44:15+00:00","dateModified":"2020-05-04T12:44:36+00:00","author":{"@id":"https:\/\/corpoguajira.gov.co\/wp\/#\/schema\/person\/e44cf20513f6049cbaddf01a18c4dbb7"},"breadcrumb":{"@id":"https:\/\/corpoguajira.gov.co\/wp\/decomisadas-26-toneladas-de-carbon-vegetal-en-jurisdiccion-de-dibulla\/#breadcrumb"},"inLanguage":"es","potentialAction":[{"@type":"ReadAction","target":["https:\/\/corpoguajira.gov.co\/wp\/decomisadas-26-toneladas-de-carbon-vegetal-en-jurisdiccion-de-dibulla\/"]}]},{"@type":"BreadcrumbList","@id":"https:\/\/corpoguajira.gov.co\/wp\/decomisadas-26-toneladas-de-carbon-vegetal-en-jurisdiccion-de-dibulla\/#breadcrumb","itemListElement":[{"@type":"ListItem","position":1,"name":"Corpoguajira","item":"https:\/\/corpoguajira.gov.co\/wp\/"},{"@type":"ListItem","position":2,"name":"Noticias","item":"https:\/\/corpoguajira.gov.co\/wp\/noticias\/"},{"@type":"ListItem","position":3,"name":"DECOMISADAS 26 TONELADAS DE CARB\u00d3N VEGETAL EN JURISDICCI\u00d3N DE DIBULLA"}]},{"@type":"Person","@id":"https:\/\/corpoguajira.gov.co\/wp\/#\/schema\/person\/e44cf20513f6049cbaddf01a18c4dbb7","name":"Comunicaciones","image":{"@type":"ImageObject","@id":"https:\/\/corpoguajira.gov.co\/wp\/#personlogo","inLanguage":"es","url":"https:\/\/secure.gravatar.com\/avatar\/78cdaaa2678ebf19fb9e44f84e38a07c?s=96&d=mm&r=g","contentUrl":"https:\/\/secure.gravatar.com\/avatar\/78cdaaa2678ebf19fb9e44f84e38a07c?s=96&d=mm&r=g","caption":"Comunicaciones"},"url":"https:\/\/corpoguajira.gov.co\/wp\/author\/comunicaciones\/"}]}},"_links":{"self":[{"href":"https:\/\/corpoguajira.gov.co\/wp\/wp-json\/wp\/v2\/posts\/197114"}],"collection":[{"href":"https:\/\/corpoguajira.gov.co\/wp\/wp-json\/wp\/v2\/posts"}],"about":[{"href":"https:\/\/corpoguajira.gov.co\/wp\/wp-json\/wp\/v2\/types\/post"}],"author":[{"embeddable":true,"href":"https:\/\/corpoguajira.gov.co\/wp\/wp-json\/wp\/v2\/users\/1538"}],"replies":[{"embeddable":true,"href":"https:\/\/corpoguajira.gov.co\/wp\/wp-json\/wp\/v2\/comments?post=197114"}],"version-history":[{"count":1,"href":"https:\/\/corpoguajira.gov.co\/wp\/wp-json\/wp\/v2\/posts\/197114\/revisions"}],"predecessor-version":[{"id":197116,"href":"https:\/\/corpoguajira.gov.co\/wp\/wp-json\/wp\/v2\/posts\/197114\/revisions\/197116"}],"wp:attachment":[{"href":"https:\/\/corpoguajira.gov.co\/wp\/wp-json\/wp\/v2\/media?parent=197114"}],"wp:term":[{"taxonomy":"category","embeddable":true,"href":"https:\/\/corpoguajira.gov.co\/wp\/wp-json\/wp\/v2\/categories?post=197114"},{"taxonomy":"post_tag","embeddable":true,"href":"https:\/\/corpoguajira.gov.co\/wp\/wp-json\/wp\/v2\/tags?post=197114"}],"curies":[{"name":"wp","href":"https:\/\/api.w.org\/{rel}","templated":true}]}}