{"id":201650,"date":"2021-10-15T08:51:40","date_gmt":"2021-10-15T13:51:40","guid":{"rendered":"https:\/\/corpoguajira.gov.co\/wp\/?p=201650"},"modified":"2021-10-15T08:51:40","modified_gmt":"2021-10-15T13:51:40","slug":"inicio-la-gran-sembraton-de-la-guajira","status":"publish","type":"post","link":"https:\/\/corpoguajira.gov.co\/wp\/inicio-la-gran-sembraton-de-la-guajira\/","title":{"rendered":"Inici\u00f3 la gran sembrat\u00f3n de La Guajira"},"content":{"rendered":"<p><strong><em>La jornada cont\u00f3 con la participaci\u00f3n especial de la Directora del Ideam, Yolanda Gonz\u00e1lez Hern\u00e1ndez.<\/em><\/strong><\/p>\n<p><img loading=\"lazy\" class=\"alignleft size-medium wp-image-201653\" src=\"https:\/\/corpoguajira.gov.co\/wp\/wp-content\/uploads\/2021\/10\/Inicia-la-sembraton-300x200.jpg\" alt=\"\" width=\"300\" height=\"200\" data-id=\"201653\" srcset=\"https:\/\/www.corpoguajira.gov.co\/wp\/wp-content\/uploads\/2021\/10\/Inicia-la-sembraton-300x200.jpg 300w, https:\/\/www.corpoguajira.gov.co\/wp\/wp-content\/uploads\/2021\/10\/Inicia-la-sembraton-768x512.jpg 768w, https:\/\/www.corpoguajira.gov.co\/wp\/wp-content\/uploads\/2021\/10\/Inicia-la-sembraton-600x400.jpg 600w, https:\/\/www.corpoguajira.gov.co\/wp\/wp-content\/uploads\/2021\/10\/Inicia-la-sembraton-150x100.jpg 150w, https:\/\/www.corpoguajira.gov.co\/wp\/wp-content\/uploads\/2021\/10\/Inicia-la-sembraton.jpg 837w\" sizes=\"(max-width: 300px) 100vw, 300px\" \/>Con la siembra de 18.000 \u00e1rboles en Maicao, la Corporaci\u00f3n Aut\u00f3noma Regional de La Guajira, dio inicio a las actividades conmemorativas del D\u00eda Mundial del \u00c1rbol. La sembrat\u00f3n se extender\u00e1 durante todo el mes de octubre, en los 15 municipios del departamento.<\/p>\n<p>Como parte de esta iniciativa, en La Guajira se est\u00e1n sembrando m\u00e1s de 70.000 \u00e1rboles en las zonas urbanas y ruralesgg, indic\u00f3 Samuel Lanao Robles, Director General de Corpoguajira, \u201c15.000 de estas plantas van a enriquecer la Reserva Forestal Protectora Montes de Oca, una joya ecol\u00f3gica de Maicao, por esta raz\u00f3n la importancia de \u00a0preservar esta cuenca del r\u00edo Carraip\u00eda. Los \u00e1rboles restantes est\u00e1n siendo plantados en la zona urbana del municipio fronterizo\u201d, a\u00f1adi\u00f3.<\/p>\n<p>Asimismo, precis\u00f3 que los eventos, realizados en el barrio Flor del Ca\u00f1aguate y el humedal laguna Washington contribuyen a promover la valoraci\u00f3n ambiental de las zonas o bienes de uso p\u00fablico, a impulsar la protecci\u00f3n de las cuencas, el aumento de \u00e1reas verdes y el \u00edndice de calidad ecol\u00f3gica urbana y rural del territorio guajiro.<\/p>\n<p>La jornada cont\u00f3 con la participaci\u00f3n especial de la Directora del Ideam, Yolanda Gonz\u00e1lez Hern\u00e1ndez, quien explic\u00f3 que el Gobierno Nacional promueve esta estrategia la cual tiene como meta global la siembra de 180 millones de \u00e1rboles en todo el pa\u00eds, \u201ccon esta actividad estamos preservando la biodiversidad de La Guajira, representada en la gran cantidad de sus ecosistemas. Le apuntamos a cuidar el aire, el agua y a protegernos de los fuertes vientos\u201d.<\/p>\n<p>Por su parte, el Alcalde de Maicao, Mohamad Dasuki Hajj, manifest\u00f3 que la sembrat\u00f3n ser\u00e1 \u00fatil para seguirnos preparando y adaptando ante los efectos del cambio clim\u00e1tico, \u201clo que buscamos es implementar medidas preventivas a corto, mediano y largo plazo, que nos permitan consolidar un municipio m\u00e1s verde y sostenible\u201d.<\/p>\n<p>Cabe se\u00f1alar que estas actividades se llevan a cabo a trav\u00e9s del trabajo articulado entre la Corporaci\u00f3n, entes territoriales, gestoras sociales, fuerza p\u00fablica, asociaciones ambientales, l\u00edderes comunitarios y empresas del sector privado como Hocol, Grupo de Energ\u00eda de Bogot\u00e1, Celsia, Enel, Grupo empresarial Edpr, entre otras.<\/p>\n<p>La programaci\u00f3n tambi\u00e9n se extendi\u00f3 a los municipios de El Molino, La Jagua del Pilar, Urumita, Distracci\u00f3n y Uribia.\u00a0 Entre tanto, en Riohacha m\u00e1s de 2.500 \u00e1rboles ser\u00e1n sembrados\u00a0 los d\u00edas 13 y 14 de octubre; los eventos se llevaran a cabo en el barrio Villa Iller y en la comunidad ind\u00edgena Puerto Caracol, respectivamente.<\/p>\n<p>Los \u00e1rboles que se est\u00e1n sembrado corresponden a las especies yaguaro, guayac\u00e1n, coraz\u00f3n fino, ca\u00f1aguate, caracol\u00ed, n\u00edspero, guan\u00e1bana, mara\u00f1\u00f3n, entre otras.<\/p>\n","protected":false},"excerpt":{"rendered":"<p>La jornada cont\u00f3 con la participaci\u00f3n especial de la Directora del Ideam, Yolanda Gonz\u00e1lez Hern\u00e1ndez. Con la siembra de 18.000 \u00e1rboles en Maicao, la Corporaci\u00f3n Aut\u00f3noma Regional de La Guajira, [&hellip;]<\/p>\n","protected":false},"author":1538,"featured_media":0,"comment_status":"open","ping_status":"open","sticky":false,"template":"","format":"standard","meta":[],"categories":[384],"tags":[774],"yoast_head":"<!-- This site is optimized with the Yoast SEO plugin v18.5.1 - https:\/\/yoast.com\/wordpress\/plugins\/seo\/ -->\n<title>Inici\u00f3 la gran sembrat\u00f3n de La Guajira | Corpoguajira<\/title>\n<meta name=\"robots\" content=\"index, follow, max-snippet:-1, max-image-preview:large, max-video-preview:-1\" \/>\n<link rel=\"canonical\" href=\"https:\/\/corpoguajira.gov.co\/wp\/inicio-la-gran-sembraton-de-la-guajira\/\" \/>\n<meta property=\"og:locale\" content=\"es_ES\" \/>\n<meta property=\"og:type\" content=\"article\" \/>\n<meta property=\"og:title\" content=\"Inici\u00f3 la gran sembrat\u00f3n de La Guajira | Corpoguajira\" \/>\n<meta property=\"og:description\" content=\"La jornada cont\u00f3 con la participaci\u00f3n especial de la Directora del Ideam, Yolanda Gonz\u00e1lez Hern\u00e1ndez. Con la siembra de 18.000 \u00e1rboles en Maicao, la Corporaci\u00f3n Aut\u00f3noma Regional de La Guajira, [&hellip;]\" \/>\n<meta property=\"og:url\" content=\"https:\/\/corpoguajira.gov.co\/wp\/inicio-la-gran-sembraton-de-la-guajira\/\" \/>\n<meta property=\"og:site_name\" content=\"Corporaci\u00f3n Aut\u00f3noma Regional de La Guajira\" \/>\n<meta property=\"article:published_time\" content=\"2021-10-15T13:51:40+00:00\" \/>\n<meta property=\"og:image\" content=\"https:\/\/corpoguajira.gov.co\/wp\/wp-content\/uploads\/2021\/10\/Inicia-la-sembraton-300x200.jpg\" \/>\n<meta name=\"twitter:label1\" content=\"Escrito por\" \/>\n\t<meta name=\"twitter:data1\" content=\"Comunicaciones\" \/>\n\t<meta name=\"twitter:label2\" content=\"Tiempo de lectura\" \/>\n\t<meta name=\"twitter:data2\" content=\"3 minutos\" \/>\n<script type=\"application\/ld+json\" class=\"yoast-schema-graph\">{\"@context\":\"https:\/\/schema.org\",\"@graph\":[{\"@type\":\"WebSite\",\"@id\":\"https:\/\/corpoguajira.gov.co\/wp\/#website\",\"url\":\"https:\/\/corpoguajira.gov.co\/wp\/\",\"name\":\"Corporaci\u00f3n Aut\u00f3noma Regional de La Guajira\",\"description\":\"La Sostenibilidad Ambiental, un Compromiso de Todos\",\"potentialAction\":[{\"@type\":\"SearchAction\",\"target\":{\"@type\":\"EntryPoint\",\"urlTemplate\":\"https:\/\/corpoguajira.gov.co\/wp\/?s={search_term_string}\"},\"query-input\":\"required name=search_term_string\"}],\"inLanguage\":\"es\"},{\"@type\":\"ImageObject\",\"@id\":\"https:\/\/corpoguajira.gov.co\/wp\/inicio-la-gran-sembraton-de-la-guajira\/#primaryimage\",\"inLanguage\":\"es\",\"url\":\"https:\/\/corpoguajira.gov.co\/wp\/wp-content\/uploads\/2021\/10\/Inicia-la-sembraton-300x200.jpg\",\"contentUrl\":\"https:\/\/corpoguajira.gov.co\/wp\/wp-content\/uploads\/2021\/10\/Inicia-la-sembraton-300x200.jpg\"},{\"@type\":\"WebPage\",\"@id\":\"https:\/\/corpoguajira.gov.co\/wp\/inicio-la-gran-sembraton-de-la-guajira\/#webpage\",\"url\":\"https:\/\/corpoguajira.gov.co\/wp\/inicio-la-gran-sembraton-de-la-guajira\/\",\"name\":\"Inici\u00f3 la gran sembrat\u00f3n de La Guajira | Corpoguajira\",\"isPartOf\":{\"@id\":\"https:\/\/corpoguajira.gov.co\/wp\/#website\"},\"primaryImageOfPage\":{\"@id\":\"https:\/\/corpoguajira.gov.co\/wp\/inicio-la-gran-sembraton-de-la-guajira\/#primaryimage\"},\"datePublished\":\"2021-10-15T13:51:40+00:00\",\"dateModified\":\"2021-10-15T13:51:40+00:00\",\"author\":{\"@id\":\"https:\/\/corpoguajira.gov.co\/wp\/#\/schema\/person\/e44cf20513f6049cbaddf01a18c4dbb7\"},\"breadcrumb\":{\"@id\":\"https:\/\/corpoguajira.gov.co\/wp\/inicio-la-gran-sembraton-de-la-guajira\/#breadcrumb\"},\"inLanguage\":\"es\",\"potentialAction\":[{\"@type\":\"ReadAction\",\"target\":[\"https:\/\/corpoguajira.gov.co\/wp\/inicio-la-gran-sembraton-de-la-guajira\/\"]}]},{\"@type\":\"BreadcrumbList\",\"@id\":\"https:\/\/corpoguajira.gov.co\/wp\/inicio-la-gran-sembraton-de-la-guajira\/#breadcrumb\",\"itemListElement\":[{\"@type\":\"ListItem\",\"position\":1,\"name\":\"Corpoguajira\",\"item\":\"https:\/\/corpoguajira.gov.co\/wp\/\"},{\"@type\":\"ListItem\",\"position\":2,\"name\":\"Noticias\",\"item\":\"https:\/\/corpoguajira.gov.co\/wp\/noticias\/\"},{\"@type\":\"ListItem\",\"position\":3,\"name\":\"Inici\u00f3 la gran sembrat\u00f3n de La Guajira\"}]},{\"@type\":\"Person\",\"@id\":\"https:\/\/corpoguajira.gov.co\/wp\/#\/schema\/person\/e44cf20513f6049cbaddf01a18c4dbb7\",\"name\":\"Comunicaciones\",\"image\":{\"@type\":\"ImageObject\",\"@id\":\"https:\/\/corpoguajira.gov.co\/wp\/#personlogo\",\"inLanguage\":\"es\",\"url\":\"https:\/\/secure.gravatar.com\/avatar\/78cdaaa2678ebf19fb9e44f84e38a07c?s=96&d=mm&r=g\",\"contentUrl\":\"https:\/\/secure.gravatar.com\/avatar\/78cdaaa2678ebf19fb9e44f84e38a07c?s=96&d=mm&r=g\",\"caption\":\"Comunicaciones\"},\"url\":\"https:\/\/corpoguajira.gov.co\/wp\/author\/comunicaciones\/\"}]}<\/script>\n<!-- \/ Yoast SEO plugin. -->","yoast_head_json":{"title":"Inici\u00f3 la gran sembrat\u00f3n de La Guajira | Corpoguajira","robots":{"index":"index","follow":"follow","max-snippet":"max-snippet:-1","max-image-preview":"max-image-preview:large","max-video-preview":"max-video-preview:-1"},"canonical":"https:\/\/corpoguajira.gov.co\/wp\/inicio-la-gran-sembraton-de-la-guajira\/","og_locale":"es_ES","og_type":"article","og_title":"Inici\u00f3 la gran sembrat\u00f3n de La Guajira | Corpoguajira","og_description":"La jornada cont\u00f3 con la participaci\u00f3n especial de la Directora del Ideam, Yolanda Gonz\u00e1lez Hern\u00e1ndez. Con la siembra de 18.000 \u00e1rboles en Maicao, la Corporaci\u00f3n Aut\u00f3noma Regional de La Guajira, [&hellip;]","og_url":"https:\/\/corpoguajira.gov.co\/wp\/inicio-la-gran-sembraton-de-la-guajira\/","og_site_name":"Corporaci\u00f3n Aut\u00f3noma Regional de La Guajira","article_published_time":"2021-10-15T13:51:40+00:00","og_image":[{"url":"https:\/\/corpoguajira.gov.co\/wp\/wp-content\/uploads\/2021\/10\/Inicia-la-sembraton-300x200.jpg"}],"twitter_misc":{"Escrito por":"Comunicaciones","Tiempo de lectura":"3 minutos"},"schema":{"@context":"https:\/\/schema.org","@graph":[{"@type":"WebSite","@id":"https:\/\/corpoguajira.gov.co\/wp\/#website","url":"https:\/\/corpoguajira.gov.co\/wp\/","name":"Corporaci\u00f3n Aut\u00f3noma Regional de La Guajira","description":"La Sostenibilidad Ambiental, un Compromiso de Todos","potentialAction":[{"@type":"SearchAction","target":{"@type":"EntryPoint","urlTemplate":"https:\/\/corpoguajira.gov.co\/wp\/?s={search_term_string}"},"query-input":"required name=search_term_string"}],"inLanguage":"es"},{"@type":"ImageObject","@id":"https:\/\/corpoguajira.gov.co\/wp\/inicio-la-gran-sembraton-de-la-guajira\/#primaryimage","inLanguage":"es","url":"https:\/\/corpoguajira.gov.co\/wp\/wp-content\/uploads\/2021\/10\/Inicia-la-sembraton-300x200.jpg","contentUrl":"https:\/\/corpoguajira.gov.co\/wp\/wp-content\/uploads\/2021\/10\/Inicia-la-sembraton-300x200.jpg"},{"@type":"WebPage","@id":"https:\/\/corpoguajira.gov.co\/wp\/inicio-la-gran-sembraton-de-la-guajira\/#webpage","url":"https:\/\/corpoguajira.gov.co\/wp\/inicio-la-gran-sembraton-de-la-guajira\/","name":"Inici\u00f3 la gran sembrat\u00f3n de La Guajira | Corpoguajira","isPartOf":{"@id":"https:\/\/corpoguajira.gov.co\/wp\/#website"},"primaryImageOfPage":{"@id":"https:\/\/corpoguajira.gov.co\/wp\/inicio-la-gran-sembraton-de-la-guajira\/#primaryimage"},"datePublished":"2021-10-15T13:51:40+00:00","dateModified":"2021-10-15T13:51:40+00:00","author":{"@id":"https:\/\/corpoguajira.gov.co\/wp\/#\/schema\/person\/e44cf20513f6049cbaddf01a18c4dbb7"},"breadcrumb":{"@id":"https:\/\/corpoguajira.gov.co\/wp\/inicio-la-gran-sembraton-de-la-guajira\/#breadcrumb"},"inLanguage":"es","potentialAction":[{"@type":"ReadAction","target":["https:\/\/corpoguajira.gov.co\/wp\/inicio-la-gran-sembraton-de-la-guajira\/"]}]},{"@type":"BreadcrumbList","@id":"https:\/\/corpoguajira.gov.co\/wp\/inicio-la-gran-sembraton-de-la-guajira\/#breadcrumb","itemListElement":[{"@type":"ListItem","position":1,"name":"Corpoguajira","item":"https:\/\/corpoguajira.gov.co\/wp\/"},{"@type":"ListItem","position":2,"name":"Noticias","item":"https:\/\/corpoguajira.gov.co\/wp\/noticias\/"},{"@type":"ListItem","position":3,"name":"Inici\u00f3 la gran sembrat\u00f3n de La Guajira"}]},{"@type":"Person","@id":"https:\/\/corpoguajira.gov.co\/wp\/#\/schema\/person\/e44cf20513f6049cbaddf01a18c4dbb7","name":"Comunicaciones","image":{"@type":"ImageObject","@id":"https:\/\/corpoguajira.gov.co\/wp\/#personlogo","inLanguage":"es","url":"https:\/\/secure.gravatar.com\/avatar\/78cdaaa2678ebf19fb9e44f84e38a07c?s=96&d=mm&r=g","contentUrl":"https:\/\/secure.gravatar.com\/avatar\/78cdaaa2678ebf19fb9e44f84e38a07c?s=96&d=mm&r=g","caption":"Comunicaciones"},"url":"https:\/\/corpoguajira.gov.co\/wp\/author\/comunicaciones\/"}]}},"_links":{"self":[{"href":"https:\/\/corpoguajira.gov.co\/wp\/wp-json\/wp\/v2\/posts\/201650"}],"collection":[{"href":"https:\/\/corpoguajira.gov.co\/wp\/wp-json\/wp\/v2\/posts"}],"about":[{"href":"https:\/\/corpoguajira.gov.co\/wp\/wp-json\/wp\/v2\/types\/post"}],"author":[{"embeddable":true,"href":"https:\/\/corpoguajira.gov.co\/wp\/wp-json\/wp\/v2\/users\/1538"}],"replies":[{"embeddable":true,"href":"https:\/\/corpoguajira.gov.co\/wp\/wp-json\/wp\/v2\/comments?post=201650"}],"version-history":[{"count":1,"href":"https:\/\/corpoguajira.gov.co\/wp\/wp-json\/wp\/v2\/posts\/201650\/revisions"}],"predecessor-version":[{"id":201655,"href":"https:\/\/corpoguajira.gov.co\/wp\/wp-json\/wp\/v2\/posts\/201650\/revisions\/201655"}],"wp:attachment":[{"href":"https:\/\/corpoguajira.gov.co\/wp\/wp-json\/wp\/v2\/media?parent=201650"}],"wp:term":[{"taxonomy":"category","embeddable":true,"href":"https:\/\/corpoguajira.gov.co\/wp\/wp-json\/wp\/v2\/categories?post=201650"},{"taxonomy":"post_tag","embeddable":true,"href":"https:\/\/corpoguajira.gov.co\/wp\/wp-json\/wp\/v2\/tags?post=201650"}],"curies":[{"name":"wp","href":"https:\/\/api.w.org\/{rel}","templated":true}]}}