{"id":296,"date":"2011-07-12T14:21:10","date_gmt":"2011-07-12T14:21:10","guid":{"rendered":"http:\/\/localhost\/corpoguajira\/?p=296"},"modified":"2011-07-12T14:21:10","modified_gmt":"2011-07-12T14:21:10","slug":"productores-agricolas-de-la-guajira-consolidan-negociaciones-internacionales-con-empresarios-de-curacao","status":"publish","type":"post","link":"https:\/\/corpoguajira.gov.co\/wp\/productores-agricolas-de-la-guajira-consolidan-negociaciones-internacionales-con-empresarios-de-curacao\/","title":{"rendered":"Productores agr\u00edcolas de La Guajira, consolidan negociaciones internacionales con empresarios de Curacao"},"content":{"rendered":"<p> \t<img loading=\"lazy\" alt=\"alt\" height=\"354\" src=\"http:\/\/www.corpoguajira.gov.co\/web\/images\/REUNION DELEGACION CURACAO.JPG\" width=\"400\" \/><\/p>\n<p> \t<span style=\"font-size:9px;\">Representantes de las asociaciones productivas apoyadas por Corpoguajira, se trasladaran a Curacao en octubre de 2011, con informaci\u00f3n precisa de la oferta de los productos a comercializar<\/span><\/p>\n<p style=\"text-align: justify; \"> \tCon el prop\u00f3sito de explorar mercados internacionales, para comercializar bienes y servicios verdes que producen las organizaciones vinculadas al proyecto de Mercados Verdes que impulsa Corpoguajira, funcionarios de la m\u00e1xima autoridad ambiental del departamento y representantes de varias asociaciones productivas del sector agropecuario de La Guajira, sostuvieron una reuni\u00f3n con empresarios de la isla de Curacao, quienes est\u00e1n interesados en consolidar negociaciones comerciales de productos alimenticios cultivados en La Guajira.<\/p>\n<p style=\"text-align: justify; \"> \t\u00a0<\/p>\n<p> <!--more--> <\/p>\n<p style=\"text-align: justify; \"> \tComo parte de \u00e9ste encuentro, se efectu\u00f3 una visita a la planta de producci\u00f3n de bioabono de COOGRUPADI, en el municipio de Dibulla, en la que fueron presentadas las experiencias y avances en agricultura sostenible que adelanta \u00e9sta Cooperativa apoyada por la Corporaci\u00f3n.<\/p>\n<p style=\"text-align: justify; \"> \tEste acercamiento comercial con las islas que hacen parte de las Antillas Holandesas, ha sido posible gracias a la participaci\u00f3n de Corpoguajira en una misi\u00f3n empresarial a Aruba y Curacao, en junio de 2010, con el objetivo de dar a conocer los adelantos obtenidos por parte de productores agr\u00edcolas de La Guajira, que hacen parte de la Red Guajira Verde.<\/p>\n<p style=\"text-align: justify; \"> \tLa comisi\u00f3n de Curacao, estuvo conformada por Rudolph Haseth, Miembro de la Junta de la C\u00e1mara de Comercio e Industria de Curacao; Wilbert Geertruida, Presidente Asociaci\u00f3n de Pymes de Curacao ADECK; Don Martina (Ex Primer Ministro de las Antillas Holandesas, actualmente jubilado y Presidente de la Fundaci\u00f3n Tierra Aire y Semilla (TAS); Suze Martina &ndash; Giskus, Secretaria de la Fundaci\u00f3n TAS y \u00a0Boy Magdalena, Secretario de ADECK.\u00a0<\/p>\n<p style=\"text-align: justify; \"> \tLas asociaciones que hacen parte del proyacto son: Red Guajira Verde, Asohofrucol, Coogrupadi, EAT Rio Claro, Agronegocios Rancher\u00eda, EAT Piyaya, Cooprocojume y del sector agropecuario del Sur de La Guajira.<\/p>\n<p style=\"text-align: justify; \"> \tComo conclusi\u00f3n de la reuni\u00f3n, se destaca la complacencia de los isle\u00f1os y la firme decisi\u00f3n de avanzar de manera \u00e1gil en la consolidaci\u00f3n de negociaciones comerciales; para lo cual se adelantar\u00e1n \u00a0contrataciones con una sola organizaci\u00f3n que represente a todos los productores y asociaciones. Como parte de \u00e9ste proceso, extendieron una invitaci\u00f3n para que en la tercera semana de octubre de 2011, representantes de las asociaciones productivas de La Guajira se trasladaran a Curacao con informaci\u00f3n precisa de la oferta de los productos a comercializar.\u00a0<\/p>\n<p style=\"text-align: justify; \"> \tPor otra parte, los productores agr\u00edcolas, se mostraron motivados y entusiasmados para fortalecer su capacidad productiva y organizacional, aspectos que les permitir\u00e1 aprovechar de manera efectiva las oportunidades de mercado que ofrecen las islas del Caribe.<\/p>\n<p style=\"text-align: justify; \"> \t\u00a0<\/p>\n<p style=\"text-align: justify; \"> \t\u00a0<\/p>\n<p style=\"text-align: justify; \"> \t\u00a0<\/p>\n<p style=\"text-align: justify; \"> \t\u00a0<\/p>\n<p style=\"text-align: justify; \"> \t\u00a0<\/p>\n<p style=\"text-align: justify; \"> \t\u00a0<\/p>\n","protected":false},"excerpt":{"rendered":"<p>Representantes de las asociaciones productivas apoyadas por Corpoguajira, se trasladaran a Curacao en octubre de 2011, con informaci\u00f3n precisa de la oferta de los productos a comercializar Con el prop\u00f3sito [&hellip;]<\/p>\n","protected":false},"author":2,"featured_media":0,"comment_status":"open","ping_status":"open","sticky":false,"template":"","format":"standard","meta":[],"categories":[384],"tags":[],"yoast_head":"<!-- This site is optimized with the Yoast SEO plugin v18.5.1 - https:\/\/yoast.com\/wordpress\/plugins\/seo\/ -->\n<title>Productores agr\u00edcolas de La Guajira, consolidan negociaciones internacionales con empresarios de Curacao | Corpoguajira<\/title>\n<meta name=\"robots\" content=\"index, follow, max-snippet:-1, max-image-preview:large, max-video-preview:-1\" \/>\n<link rel=\"canonical\" href=\"https:\/\/corpoguajira.gov.co\/wp\/productores-agricolas-de-la-guajira-consolidan-negociaciones-internacionales-con-empresarios-de-curacao\/\" \/>\n<meta property=\"og:locale\" content=\"es_ES\" \/>\n<meta property=\"og:type\" content=\"article\" \/>\n<meta property=\"og:title\" content=\"Productores agr\u00edcolas de La Guajira, consolidan negociaciones internacionales con empresarios de Curacao | Corpoguajira\" \/>\n<meta property=\"og:description\" content=\"Representantes de las asociaciones productivas apoyadas por Corpoguajira, se trasladaran a Curacao en octubre de 2011, con informaci\u00f3n precisa de la oferta de los productos a comercializar Con el prop\u00f3sito [&hellip;]\" \/>\n<meta property=\"og:url\" content=\"https:\/\/corpoguajira.gov.co\/wp\/productores-agricolas-de-la-guajira-consolidan-negociaciones-internacionales-con-empresarios-de-curacao\/\" \/>\n<meta property=\"og:site_name\" content=\"Corporaci\u00f3n Aut\u00f3noma Regional de La Guajira\" \/>\n<meta property=\"article:published_time\" content=\"2011-07-12T14:21:10+00:00\" \/>\n<meta name=\"twitter:label1\" content=\"Escrito por\" \/>\n\t<meta name=\"twitter:data1\" content=\"Administrador Web\" \/>\n\t<meta name=\"twitter:label2\" content=\"Tiempo de lectura\" \/>\n\t<meta name=\"twitter:data2\" content=\"2 minutos\" \/>\n<script type=\"application\/ld+json\" class=\"yoast-schema-graph\">{\"@context\":\"https:\/\/schema.org\",\"@graph\":[{\"@type\":\"WebSite\",\"@id\":\"https:\/\/corpoguajira.gov.co\/wp\/#website\",\"url\":\"https:\/\/corpoguajira.gov.co\/wp\/\",\"name\":\"Corporaci\u00f3n Aut\u00f3noma Regional de La Guajira\",\"description\":\"La Sostenibilidad Ambiental, un Compromiso de Todos\",\"potentialAction\":[{\"@type\":\"SearchAction\",\"target\":{\"@type\":\"EntryPoint\",\"urlTemplate\":\"https:\/\/corpoguajira.gov.co\/wp\/?s={search_term_string}\"},\"query-input\":\"required name=search_term_string\"}],\"inLanguage\":\"es\"},{\"@type\":\"WebPage\",\"@id\":\"https:\/\/corpoguajira.gov.co\/wp\/productores-agricolas-de-la-guajira-consolidan-negociaciones-internacionales-con-empresarios-de-curacao\/#webpage\",\"url\":\"https:\/\/corpoguajira.gov.co\/wp\/productores-agricolas-de-la-guajira-consolidan-negociaciones-internacionales-con-empresarios-de-curacao\/\",\"name\":\"Productores agr\u00edcolas de La Guajira, consolidan negociaciones internacionales con empresarios de Curacao | Corpoguajira\",\"isPartOf\":{\"@id\":\"https:\/\/corpoguajira.gov.co\/wp\/#website\"},\"datePublished\":\"2011-07-12T14:21:10+00:00\",\"dateModified\":\"2011-07-12T14:21:10+00:00\",\"author\":{\"@id\":\"https:\/\/corpoguajira.gov.co\/wp\/#\/schema\/person\/0b6ea52ef43991ee31b9f82375aa2105\"},\"breadcrumb\":{\"@id\":\"https:\/\/corpoguajira.gov.co\/wp\/productores-agricolas-de-la-guajira-consolidan-negociaciones-internacionales-con-empresarios-de-curacao\/#breadcrumb\"},\"inLanguage\":\"es\",\"potentialAction\":[{\"@type\":\"ReadAction\",\"target\":[\"https:\/\/corpoguajira.gov.co\/wp\/productores-agricolas-de-la-guajira-consolidan-negociaciones-internacionales-con-empresarios-de-curacao\/\"]}]},{\"@type\":\"BreadcrumbList\",\"@id\":\"https:\/\/corpoguajira.gov.co\/wp\/productores-agricolas-de-la-guajira-consolidan-negociaciones-internacionales-con-empresarios-de-curacao\/#breadcrumb\",\"itemListElement\":[{\"@type\":\"ListItem\",\"position\":1,\"name\":\"Corpoguajira\",\"item\":\"https:\/\/corpoguajira.gov.co\/wp\/\"},{\"@type\":\"ListItem\",\"position\":2,\"name\":\"Noticias\",\"item\":\"https:\/\/corpoguajira.gov.co\/wp\/noticias\/\"},{\"@type\":\"ListItem\",\"position\":3,\"name\":\"Productores agr\u00edcolas de La Guajira, consolidan negociaciones internacionales con empresarios de Curacao\"}]},{\"@type\":\"Person\",\"@id\":\"https:\/\/corpoguajira.gov.co\/wp\/#\/schema\/person\/0b6ea52ef43991ee31b9f82375aa2105\",\"name\":\"Administrador Web\",\"image\":{\"@type\":\"ImageObject\",\"@id\":\"https:\/\/corpoguajira.gov.co\/wp\/#personlogo\",\"inLanguage\":\"es\",\"url\":\"https:\/\/secure.gravatar.com\/avatar\/d54ee19bd233172ef0db2ba7739289b8?s=96&d=mm&r=g\",\"contentUrl\":\"https:\/\/secure.gravatar.com\/avatar\/d54ee19bd233172ef0db2ba7739289b8?s=96&d=mm&r=g\",\"caption\":\"Administrador Web\"},\"description\":\"Administrador Web de Corpoguajira.\",\"url\":\"https:\/\/corpoguajira.gov.co\/wp\/author\/webmaster\/\"}]}<\/script>\n<!-- \/ Yoast SEO plugin. -->","yoast_head_json":{"title":"Productores agr\u00edcolas de La Guajira, consolidan negociaciones internacionales con empresarios de Curacao | Corpoguajira","robots":{"index":"index","follow":"follow","max-snippet":"max-snippet:-1","max-image-preview":"max-image-preview:large","max-video-preview":"max-video-preview:-1"},"canonical":"https:\/\/corpoguajira.gov.co\/wp\/productores-agricolas-de-la-guajira-consolidan-negociaciones-internacionales-con-empresarios-de-curacao\/","og_locale":"es_ES","og_type":"article","og_title":"Productores agr\u00edcolas de La Guajira, consolidan negociaciones internacionales con empresarios de Curacao | Corpoguajira","og_description":"Representantes de las asociaciones productivas apoyadas por Corpoguajira, se trasladaran a Curacao en octubre de 2011, con informaci\u00f3n precisa de la oferta de los productos a comercializar Con el prop\u00f3sito [&hellip;]","og_url":"https:\/\/corpoguajira.gov.co\/wp\/productores-agricolas-de-la-guajira-consolidan-negociaciones-internacionales-con-empresarios-de-curacao\/","og_site_name":"Corporaci\u00f3n Aut\u00f3noma Regional de La Guajira","article_published_time":"2011-07-12T14:21:10+00:00","twitter_misc":{"Escrito por":"Administrador Web","Tiempo de lectura":"2 minutos"},"schema":{"@context":"https:\/\/schema.org","@graph":[{"@type":"WebSite","@id":"https:\/\/corpoguajira.gov.co\/wp\/#website","url":"https:\/\/corpoguajira.gov.co\/wp\/","name":"Corporaci\u00f3n Aut\u00f3noma Regional de La Guajira","description":"La Sostenibilidad Ambiental, un Compromiso de Todos","potentialAction":[{"@type":"SearchAction","target":{"@type":"EntryPoint","urlTemplate":"https:\/\/corpoguajira.gov.co\/wp\/?s={search_term_string}"},"query-input":"required name=search_term_string"}],"inLanguage":"es"},{"@type":"WebPage","@id":"https:\/\/corpoguajira.gov.co\/wp\/productores-agricolas-de-la-guajira-consolidan-negociaciones-internacionales-con-empresarios-de-curacao\/#webpage","url":"https:\/\/corpoguajira.gov.co\/wp\/productores-agricolas-de-la-guajira-consolidan-negociaciones-internacionales-con-empresarios-de-curacao\/","name":"Productores agr\u00edcolas de La Guajira, consolidan negociaciones internacionales con empresarios de Curacao | Corpoguajira","isPartOf":{"@id":"https:\/\/corpoguajira.gov.co\/wp\/#website"},"datePublished":"2011-07-12T14:21:10+00:00","dateModified":"2011-07-12T14:21:10+00:00","author":{"@id":"https:\/\/corpoguajira.gov.co\/wp\/#\/schema\/person\/0b6ea52ef43991ee31b9f82375aa2105"},"breadcrumb":{"@id":"https:\/\/corpoguajira.gov.co\/wp\/productores-agricolas-de-la-guajira-consolidan-negociaciones-internacionales-con-empresarios-de-curacao\/#breadcrumb"},"inLanguage":"es","potentialAction":[{"@type":"ReadAction","target":["https:\/\/corpoguajira.gov.co\/wp\/productores-agricolas-de-la-guajira-consolidan-negociaciones-internacionales-con-empresarios-de-curacao\/"]}]},{"@type":"BreadcrumbList","@id":"https:\/\/corpoguajira.gov.co\/wp\/productores-agricolas-de-la-guajira-consolidan-negociaciones-internacionales-con-empresarios-de-curacao\/#breadcrumb","itemListElement":[{"@type":"ListItem","position":1,"name":"Corpoguajira","item":"https:\/\/corpoguajira.gov.co\/wp\/"},{"@type":"ListItem","position":2,"name":"Noticias","item":"https:\/\/corpoguajira.gov.co\/wp\/noticias\/"},{"@type":"ListItem","position":3,"name":"Productores agr\u00edcolas de La Guajira, consolidan negociaciones internacionales con empresarios de Curacao"}]},{"@type":"Person","@id":"https:\/\/corpoguajira.gov.co\/wp\/#\/schema\/person\/0b6ea52ef43991ee31b9f82375aa2105","name":"Administrador Web","image":{"@type":"ImageObject","@id":"https:\/\/corpoguajira.gov.co\/wp\/#personlogo","inLanguage":"es","url":"https:\/\/secure.gravatar.com\/avatar\/d54ee19bd233172ef0db2ba7739289b8?s=96&d=mm&r=g","contentUrl":"https:\/\/secure.gravatar.com\/avatar\/d54ee19bd233172ef0db2ba7739289b8?s=96&d=mm&r=g","caption":"Administrador Web"},"description":"Administrador Web de Corpoguajira.","url":"https:\/\/corpoguajira.gov.co\/wp\/author\/webmaster\/"}]}},"_links":{"self":[{"href":"https:\/\/corpoguajira.gov.co\/wp\/wp-json\/wp\/v2\/posts\/296"}],"collection":[{"href":"https:\/\/corpoguajira.gov.co\/wp\/wp-json\/wp\/v2\/posts"}],"about":[{"href":"https:\/\/corpoguajira.gov.co\/wp\/wp-json\/wp\/v2\/types\/post"}],"author":[{"embeddable":true,"href":"https:\/\/corpoguajira.gov.co\/wp\/wp-json\/wp\/v2\/users\/2"}],"replies":[{"embeddable":true,"href":"https:\/\/corpoguajira.gov.co\/wp\/wp-json\/wp\/v2\/comments?post=296"}],"version-history":[{"count":0,"href":"https:\/\/corpoguajira.gov.co\/wp\/wp-json\/wp\/v2\/posts\/296\/revisions"}],"wp:attachment":[{"href":"https:\/\/corpoguajira.gov.co\/wp\/wp-json\/wp\/v2\/media?parent=296"}],"wp:term":[{"taxonomy":"category","embeddable":true,"href":"https:\/\/corpoguajira.gov.co\/wp\/wp-json\/wp\/v2\/categories?post=296"},{"taxonomy":"post_tag","embeddable":true,"href":"https:\/\/corpoguajira.gov.co\/wp\/wp-json\/wp\/v2\/tags?post=296"}],"curies":[{"name":"wp","href":"https:\/\/api.w.org\/{rel}","templated":true}]}}