{"id":320,"date":"2011-09-02T23:26:34","date_gmt":"2011-09-02T23:26:34","guid":{"rendered":"http:\/\/localhost\/corpoguajira\/?p=320"},"modified":"2011-09-02T23:26:34","modified_gmt":"2011-09-02T23:26:34","slug":"corpoguajira-participo-en-firma-del-pacto-por-la-madera-legal-en-colombi","status":"publish","type":"post","link":"https:\/\/corpoguajira.gov.co\/wp\/corpoguajira-participo-en-firma-del-pacto-por-la-madera-legal-en-colombi\/","title":{"rendered":"Corpoguajira particip\u00f3 en firma del  Pacto por la Madera Legal en Colombia"},"content":{"rendered":"<p> \t\u00a0<\/p>\n<p style=\"text-align: justify; \"> \tLa Corporaci\u00f3n Aut\u00f3noma Regional de La Guajira, (Corpoguajira) fue una de las entidades participantes en la firma del Pacto por la Madera Legal en Colombia, el cual tiene como prop\u00f3sito generar iniciativas que pretenden aminorar el impacto medioambiental causado por la tala ilegal, en la que se calculan m\u00e1s de 330 mil hect\u00e1reas de bosques perdidos al a\u00f1o.<\/p>\n<p style=\"text-align: justify; \"> \t\u00a0<\/p>\n<p> <!--more--> <\/p>\n<p style=\"text-align: justify; \"> \tEl Pacto fue suscrito por m\u00e1s de cuarenta organizaciones de los sectores p\u00fablico y privado y de la sociedad civil, entre ellas la Asociaci\u00f3n de Corporaciones Aut\u00f3nomas Regionales y de Desarrollo Sostenible, de la cual hace parte Corpoguajira.<\/p>\n<p style=\"text-align: justify; \"> \tEl evento, realizado en la Casa de Nari\u00f1o cont\u00f3 con la participaci\u00f3n del Presidente de la Rep\u00fablica, Juan Manuel Santos, quien manifest\u00f3 que la meta del pacto es asegurar que toda la madera que se extraiga, se comercialice y se utilice en Colombia, provenga exclusivamente de fuentes legales. \u00a0As\u00ed mismo, revel\u00f3 que el negocio de la madera ilegal mueve alrededor de 60 millones de d\u00f3lares al a\u00f1o.<\/p>\n<p style=\"text-align: justify; \"> \t&ldquo;Como m\u00e1xima autoridad ambiental de La Guajira, estamos altamente comprometidos por contribuir con el cumplimiento de los objetivos del Pacto, para lo cual vamos a trabajar en \u00a0en la suscripci\u00f3n de alianzas a nivel departamental, as\u00ed como la optimizaci\u00f3n de tr\u00e1mites en el estudio de solicitudes de permisos y autorizaciones de aprovechamiento forestal&rdquo;, afirm\u00f3 Arcesio Romero P\u00e9rez, Director General de Corpoguajira.<\/p>\n<p style=\"text-align: justify; \"> \tComo aliadas de \u00e9sta iniciativa, las CAR fortalecer\u00e1n los trabajos de divulgaci\u00f3n \u00a0de la \u00a0informaci\u00f3n legal, ambiental y cartogr\u00e1fica, a trav\u00e9s de la cual se puedan determinar claramente las \u00e1reas de bosques donde las actividades de aprovechamiento forestal y de extracci\u00f3n de la madera son permitidas legalmente. \u00a0\u00a0<\/p>\n<p style=\"text-align: justify; \"> \tEl Pacto por la Madera Legal en Colombia tendr\u00e1 una duraci\u00f3n inicial de dos a\u00f1os, prorrogables de com\u00fan acuerdo entre las partes, su suscripci\u00f3n se llev\u00f3 a cabo en el marco de la celebraci\u00f3n del A\u00f1o Internacional de los Bosques.<\/p>\n","protected":false},"excerpt":{"rendered":"<p>\u00a0 La Corporaci\u00f3n Aut\u00f3noma Regional de La Guajira, (Corpoguajira) fue una de las entidades participantes en la firma del Pacto por la Madera Legal en Colombia, el cual tiene como [&hellip;]<\/p>\n","protected":false},"author":2,"featured_media":0,"comment_status":"open","ping_status":"open","sticky":false,"template":"","format":"standard","meta":[],"categories":[384],"tags":[],"yoast_head":"<!-- This site is optimized with the Yoast SEO plugin v18.5.1 - https:\/\/yoast.com\/wordpress\/plugins\/seo\/ -->\n<title>Corpoguajira particip\u00f3 en firma del Pacto por la Madera Legal en Colombia | Corpoguajira<\/title>\n<meta name=\"robots\" content=\"index, follow, max-snippet:-1, max-image-preview:large, max-video-preview:-1\" \/>\n<link rel=\"canonical\" href=\"https:\/\/corpoguajira.gov.co\/wp\/corpoguajira-participo-en-firma-del-pacto-por-la-madera-legal-en-colombi\/\" \/>\n<meta property=\"og:locale\" content=\"es_ES\" \/>\n<meta property=\"og:type\" content=\"article\" \/>\n<meta property=\"og:title\" content=\"Corpoguajira particip\u00f3 en firma del Pacto por la Madera Legal en Colombia | Corpoguajira\" \/>\n<meta property=\"og:description\" content=\"\u00a0 La Corporaci\u00f3n Aut\u00f3noma Regional de La Guajira, (Corpoguajira) fue una de las entidades participantes en la firma del Pacto por la Madera Legal en Colombia, el cual tiene como [&hellip;]\" \/>\n<meta property=\"og:url\" content=\"https:\/\/corpoguajira.gov.co\/wp\/corpoguajira-participo-en-firma-del-pacto-por-la-madera-legal-en-colombi\/\" \/>\n<meta property=\"og:site_name\" content=\"Corporaci\u00f3n Aut\u00f3noma Regional de La Guajira\" \/>\n<meta property=\"article:published_time\" content=\"2011-09-02T23:26:34+00:00\" \/>\n<meta name=\"twitter:label1\" content=\"Escrito por\" \/>\n\t<meta name=\"twitter:data1\" content=\"Administrador Web\" \/>\n\t<meta name=\"twitter:label2\" content=\"Tiempo de lectura\" \/>\n\t<meta name=\"twitter:data2\" content=\"2 minutos\" \/>\n<script type=\"application\/ld+json\" class=\"yoast-schema-graph\">{\"@context\":\"https:\/\/schema.org\",\"@graph\":[{\"@type\":\"WebSite\",\"@id\":\"https:\/\/corpoguajira.gov.co\/wp\/#website\",\"url\":\"https:\/\/corpoguajira.gov.co\/wp\/\",\"name\":\"Corporaci\u00f3n Aut\u00f3noma Regional de La Guajira\",\"description\":\"La Sostenibilidad Ambiental, un Compromiso de Todos\",\"potentialAction\":[{\"@type\":\"SearchAction\",\"target\":{\"@type\":\"EntryPoint\",\"urlTemplate\":\"https:\/\/corpoguajira.gov.co\/wp\/?s={search_term_string}\"},\"query-input\":\"required name=search_term_string\"}],\"inLanguage\":\"es\"},{\"@type\":\"WebPage\",\"@id\":\"https:\/\/corpoguajira.gov.co\/wp\/corpoguajira-participo-en-firma-del-pacto-por-la-madera-legal-en-colombi\/#webpage\",\"url\":\"https:\/\/corpoguajira.gov.co\/wp\/corpoguajira-participo-en-firma-del-pacto-por-la-madera-legal-en-colombi\/\",\"name\":\"Corpoguajira particip\u00f3 en firma del Pacto por la Madera Legal en Colombia | Corpoguajira\",\"isPartOf\":{\"@id\":\"https:\/\/corpoguajira.gov.co\/wp\/#website\"},\"datePublished\":\"2011-09-02T23:26:34+00:00\",\"dateModified\":\"2011-09-02T23:26:34+00:00\",\"author\":{\"@id\":\"https:\/\/corpoguajira.gov.co\/wp\/#\/schema\/person\/0b6ea52ef43991ee31b9f82375aa2105\"},\"breadcrumb\":{\"@id\":\"https:\/\/corpoguajira.gov.co\/wp\/corpoguajira-participo-en-firma-del-pacto-por-la-madera-legal-en-colombi\/#breadcrumb\"},\"inLanguage\":\"es\",\"potentialAction\":[{\"@type\":\"ReadAction\",\"target\":[\"https:\/\/corpoguajira.gov.co\/wp\/corpoguajira-participo-en-firma-del-pacto-por-la-madera-legal-en-colombi\/\"]}]},{\"@type\":\"BreadcrumbList\",\"@id\":\"https:\/\/corpoguajira.gov.co\/wp\/corpoguajira-participo-en-firma-del-pacto-por-la-madera-legal-en-colombi\/#breadcrumb\",\"itemListElement\":[{\"@type\":\"ListItem\",\"position\":1,\"name\":\"Corpoguajira\",\"item\":\"https:\/\/corpoguajira.gov.co\/wp\/\"},{\"@type\":\"ListItem\",\"position\":2,\"name\":\"Noticias\",\"item\":\"https:\/\/corpoguajira.gov.co\/wp\/noticias\/\"},{\"@type\":\"ListItem\",\"position\":3,\"name\":\"Corpoguajira particip\u00f3 en firma del Pacto por la Madera Legal en Colombia\"}]},{\"@type\":\"Person\",\"@id\":\"https:\/\/corpoguajira.gov.co\/wp\/#\/schema\/person\/0b6ea52ef43991ee31b9f82375aa2105\",\"name\":\"Administrador Web\",\"image\":{\"@type\":\"ImageObject\",\"@id\":\"https:\/\/corpoguajira.gov.co\/wp\/#personlogo\",\"inLanguage\":\"es\",\"url\":\"https:\/\/secure.gravatar.com\/avatar\/d54ee19bd233172ef0db2ba7739289b8?s=96&d=mm&r=g\",\"contentUrl\":\"https:\/\/secure.gravatar.com\/avatar\/d54ee19bd233172ef0db2ba7739289b8?s=96&d=mm&r=g\",\"caption\":\"Administrador Web\"},\"description\":\"Administrador Web de Corpoguajira.\",\"url\":\"https:\/\/corpoguajira.gov.co\/wp\/author\/webmaster\/\"}]}<\/script>\n<!-- \/ Yoast SEO plugin. -->","yoast_head_json":{"title":"Corpoguajira particip\u00f3 en firma del Pacto por la Madera Legal en Colombia | Corpoguajira","robots":{"index":"index","follow":"follow","max-snippet":"max-snippet:-1","max-image-preview":"max-image-preview:large","max-video-preview":"max-video-preview:-1"},"canonical":"https:\/\/corpoguajira.gov.co\/wp\/corpoguajira-participo-en-firma-del-pacto-por-la-madera-legal-en-colombi\/","og_locale":"es_ES","og_type":"article","og_title":"Corpoguajira particip\u00f3 en firma del Pacto por la Madera Legal en Colombia | Corpoguajira","og_description":"\u00a0 La Corporaci\u00f3n Aut\u00f3noma Regional de La Guajira, (Corpoguajira) fue una de las entidades participantes en la firma del Pacto por la Madera Legal en Colombia, el cual tiene como [&hellip;]","og_url":"https:\/\/corpoguajira.gov.co\/wp\/corpoguajira-participo-en-firma-del-pacto-por-la-madera-legal-en-colombi\/","og_site_name":"Corporaci\u00f3n Aut\u00f3noma Regional de La Guajira","article_published_time":"2011-09-02T23:26:34+00:00","twitter_misc":{"Escrito por":"Administrador Web","Tiempo de lectura":"2 minutos"},"schema":{"@context":"https:\/\/schema.org","@graph":[{"@type":"WebSite","@id":"https:\/\/corpoguajira.gov.co\/wp\/#website","url":"https:\/\/corpoguajira.gov.co\/wp\/","name":"Corporaci\u00f3n Aut\u00f3noma Regional de La Guajira","description":"La Sostenibilidad Ambiental, un Compromiso de Todos","potentialAction":[{"@type":"SearchAction","target":{"@type":"EntryPoint","urlTemplate":"https:\/\/corpoguajira.gov.co\/wp\/?s={search_term_string}"},"query-input":"required name=search_term_string"}],"inLanguage":"es"},{"@type":"WebPage","@id":"https:\/\/corpoguajira.gov.co\/wp\/corpoguajira-participo-en-firma-del-pacto-por-la-madera-legal-en-colombi\/#webpage","url":"https:\/\/corpoguajira.gov.co\/wp\/corpoguajira-participo-en-firma-del-pacto-por-la-madera-legal-en-colombi\/","name":"Corpoguajira particip\u00f3 en firma del Pacto por la Madera Legal en Colombia | Corpoguajira","isPartOf":{"@id":"https:\/\/corpoguajira.gov.co\/wp\/#website"},"datePublished":"2011-09-02T23:26:34+00:00","dateModified":"2011-09-02T23:26:34+00:00","author":{"@id":"https:\/\/corpoguajira.gov.co\/wp\/#\/schema\/person\/0b6ea52ef43991ee31b9f82375aa2105"},"breadcrumb":{"@id":"https:\/\/corpoguajira.gov.co\/wp\/corpoguajira-participo-en-firma-del-pacto-por-la-madera-legal-en-colombi\/#breadcrumb"},"inLanguage":"es","potentialAction":[{"@type":"ReadAction","target":["https:\/\/corpoguajira.gov.co\/wp\/corpoguajira-participo-en-firma-del-pacto-por-la-madera-legal-en-colombi\/"]}]},{"@type":"BreadcrumbList","@id":"https:\/\/corpoguajira.gov.co\/wp\/corpoguajira-participo-en-firma-del-pacto-por-la-madera-legal-en-colombi\/#breadcrumb","itemListElement":[{"@type":"ListItem","position":1,"name":"Corpoguajira","item":"https:\/\/corpoguajira.gov.co\/wp\/"},{"@type":"ListItem","position":2,"name":"Noticias","item":"https:\/\/corpoguajira.gov.co\/wp\/noticias\/"},{"@type":"ListItem","position":3,"name":"Corpoguajira particip\u00f3 en firma del Pacto por la Madera Legal en Colombia"}]},{"@type":"Person","@id":"https:\/\/corpoguajira.gov.co\/wp\/#\/schema\/person\/0b6ea52ef43991ee31b9f82375aa2105","name":"Administrador Web","image":{"@type":"ImageObject","@id":"https:\/\/corpoguajira.gov.co\/wp\/#personlogo","inLanguage":"es","url":"https:\/\/secure.gravatar.com\/avatar\/d54ee19bd233172ef0db2ba7739289b8?s=96&d=mm&r=g","contentUrl":"https:\/\/secure.gravatar.com\/avatar\/d54ee19bd233172ef0db2ba7739289b8?s=96&d=mm&r=g","caption":"Administrador Web"},"description":"Administrador Web de Corpoguajira.","url":"https:\/\/corpoguajira.gov.co\/wp\/author\/webmaster\/"}]}},"_links":{"self":[{"href":"https:\/\/corpoguajira.gov.co\/wp\/wp-json\/wp\/v2\/posts\/320"}],"collection":[{"href":"https:\/\/corpoguajira.gov.co\/wp\/wp-json\/wp\/v2\/posts"}],"about":[{"href":"https:\/\/corpoguajira.gov.co\/wp\/wp-json\/wp\/v2\/types\/post"}],"author":[{"embeddable":true,"href":"https:\/\/corpoguajira.gov.co\/wp\/wp-json\/wp\/v2\/users\/2"}],"replies":[{"embeddable":true,"href":"https:\/\/corpoguajira.gov.co\/wp\/wp-json\/wp\/v2\/comments?post=320"}],"version-history":[{"count":0,"href":"https:\/\/corpoguajira.gov.co\/wp\/wp-json\/wp\/v2\/posts\/320\/revisions"}],"wp:attachment":[{"href":"https:\/\/corpoguajira.gov.co\/wp\/wp-json\/wp\/v2\/media?parent=320"}],"wp:term":[{"taxonomy":"category","embeddable":true,"href":"https:\/\/corpoguajira.gov.co\/wp\/wp-json\/wp\/v2\/categories?post=320"},{"taxonomy":"post_tag","embeddable":true,"href":"https:\/\/corpoguajira.gov.co\/wp\/wp-json\/wp\/v2\/tags?post=320"}],"curies":[{"name":"wp","href":"https:\/\/api.w.org\/{rel}","templated":true}]}}