{"id":352,"date":"2011-11-22T21:40:52","date_gmt":"2011-11-22T21:40:52","guid":{"rendered":"http:\/\/localhost\/corpoguajira\/?p=352"},"modified":"2011-11-22T21:40:52","modified_gmt":"2011-11-22T21:40:52","slug":"avanzan-trabajos-para-la-declaracion-de-un-area-natural-protegida-en-la-region-de-banaderos-y-cuenca-superior-del-rio-camarones","status":"publish","type":"post","link":"https:\/\/corpoguajira.gov.co\/wp\/avanzan-trabajos-para-la-declaracion-de-un-area-natural-protegida-en-la-region-de-banaderos-y-cuenca-superior-del-rio-camarones\/","title":{"rendered":"Avanzan trabajos para la declaraci\u00f3n de un \u00e1rea natural protegida en la regi\u00f3n de Ba\u00f1aderos y cuenca superior del r\u00edo Camarones"},"content":{"rendered":"<p> \t\u00a0<\/p>\n<p style=\"text-align: justify; \"> \tCon el establecimiento de \u00e9sta \u00a0\u00e1rea natural protegida, su administraci\u00f3n y manejo, \u00a0se lograr\u00e1n suspender los procesos que atentan contra su integridad, como son la extracci\u00f3n de madera y la expansi\u00f3n de la frontera agropecuaria a costas del bosque; de igual forma se pretenden propiciar escenarios adecuados para avanzar en la restauraci\u00f3n ecol\u00f3gica de los ecosistemas que a trav\u00e9s del tiempo han sido alterados por estas actividades.<\/p>\n<p style=\"text-align: justify; \"> \t\u00a0<\/p>\n<p> <!--more--> <\/p>\n<p style=\"text-align: justify; \"> \tEl tama\u00f1o estimado a declarar son 16.000 hect\u00e1reas, destinadas tambi\u00e9n a la conservaci\u00f3n y mantenimiento de las poblaciones de fauna y flora silvestres, especialmente de aquellas que se encuentran amenazados de extinci\u00f3n o que por tener una distribuci\u00f3n restringida requieren de un cuidado especial de sus h\u00e1bitats.<\/p>\n<p style=\"text-align: justify; \"> \tLos trabajos se adelantan de manera articulada entre Corpoguajira, la Fundaci\u00f3n Biocolombia, la Organizaci\u00f3n para la Conservaci\u00f3n de la Naturaleza TNC y AID; entidades que han programado una visita de campo al \u00e1rea a declarar durante los d\u00edas 23, 24 y 25 de noviembre de 2011.<\/p>\n<p style=\"text-align: justify; \"> \t&ldquo;Estamos altamente comprometidos con \u00e9ste proyecto, ya que el \u00e1rea de inter\u00e9s est\u00e1 sujeta actualmente a un proceso permanente de fragmentaci\u00f3n de su cobertura vegetal, mediante extracci\u00f3n de maderas y quemas para ampliaci\u00f3n de potreros y zonas de cultivos, con lo cual se est\u00e1 perdiendo paulatinamente la funci\u00f3n de regulaci\u00f3n h\u00eddrica que cumple la cobertura boscosa original, incurriendo de esta manera en un grave riesgo de mantener a trav\u00e9s del tiempo el caudal de la cuenca del r\u00edo Camarones&rdquo;, se\u00f1al\u00f3 Arcesio Romero P\u00e9rez, Director General de Corpoguajira.<\/p>\n<p style=\"text-align: justify; \"> \tPara la ejecuci\u00f3n del proyecto se emplea la metodolog\u00eda de planificaci\u00f3n participativa, mediante reuniones de trabajo y talleres en los que se busca la participaci\u00f3n de los actores que tienen relaci\u00f3n con el \u00e1rea, en este sentido se adelantan reuniones informativas con la comunidad, talleres para la evaluaci\u00f3n de la problem\u00e1tica, valores naturales y objetos de conservaci\u00f3n; \u00a0talleres para la formulaci\u00f3n del plan de manejo, reuniones institucionales y visitas de campo.<\/p>\n<p style=\"text-align: justify; \"> \tLos trabajos est\u00e1n previstos para llevarse a cabo en un per\u00edodo de un a\u00f1o, actualmente se encuentran en la primera fase; con los mismos tambi\u00e9n se espera que mediante la implementaci\u00f3n de medidas de manejo debidamente concertadas con los pobladores locales se haga un mejor manejo de residuos l\u00edquidos y s\u00f3lidos provenientes de actividades humanas y actividades productivas, con el consecuente beneficio que ello traer\u00e1 tanto en corrientes h\u00eddricas superficiales como subterr\u00e1neas.<\/p>\n<p style=\"text-align: justify; \"> \tEl \u00e1rea de estudio se localiza sobre las primeras estribaciones de la Sierra Nevada de Santa Marta y por su ubicaci\u00f3n geogr\u00e1fica se constituye en un espacio cubierto en su mayor parte por bosques nublados que son resultado de la condensaci\u00f3n de vientos cargados de humedad provenientes de la regi\u00f3n Caribe. De esta manera, la zona se ubican los nacimientos de la cuenca hidrogr\u00e1fica de la quebrada de Moreno, que aporta un caudal importante al r\u00edo Rancher\u00eda en la parte inferior, as\u00ed como tambi\u00e9n los nacimientos del r\u00edo Camarones, el cual desemboca directamente en el mar Caribe, conformando un delta que da lugar a la conformaci\u00f3n de las lagunas de Manzanilla y Nav\u00edo Quebrado que presentan una alta productividad de recursos hidrobiol\u00f3gicos.<\/p>\n","protected":false},"excerpt":{"rendered":"<p>\u00a0 Con el establecimiento de \u00e9sta \u00a0\u00e1rea natural protegida, su administraci\u00f3n y manejo, \u00a0se lograr\u00e1n suspender los procesos que atentan contra su integridad, como son la extracci\u00f3n de madera y [&hellip;]<\/p>\n","protected":false},"author":2,"featured_media":0,"comment_status":"open","ping_status":"open","sticky":false,"template":"","format":"standard","meta":[],"categories":[384],"tags":[],"yoast_head":"<!-- This site is optimized with the Yoast SEO plugin v18.5.1 - https:\/\/yoast.com\/wordpress\/plugins\/seo\/ -->\n<title>Avanzan trabajos para la declaraci\u00f3n de un \u00e1rea natural protegida en la regi\u00f3n de Ba\u00f1aderos y cuenca superior del r\u00edo Camarones | Corpoguajira<\/title>\n<meta name=\"robots\" content=\"index, follow, max-snippet:-1, max-image-preview:large, max-video-preview:-1\" \/>\n<link rel=\"canonical\" href=\"https:\/\/corpoguajira.gov.co\/wp\/avanzan-trabajos-para-la-declaracion-de-un-area-natural-protegida-en-la-region-de-banaderos-y-cuenca-superior-del-rio-camarones\/\" \/>\n<meta property=\"og:locale\" content=\"es_ES\" \/>\n<meta property=\"og:type\" content=\"article\" \/>\n<meta property=\"og:title\" content=\"Avanzan trabajos para la declaraci\u00f3n de un \u00e1rea natural protegida en la regi\u00f3n de Ba\u00f1aderos y cuenca superior del r\u00edo Camarones | Corpoguajira\" \/>\n<meta property=\"og:description\" content=\"\u00a0 Con el establecimiento de \u00e9sta \u00a0\u00e1rea natural protegida, su administraci\u00f3n y manejo, \u00a0se lograr\u00e1n suspender los procesos que atentan contra su integridad, como son la extracci\u00f3n de madera y [&hellip;]\" \/>\n<meta property=\"og:url\" content=\"https:\/\/corpoguajira.gov.co\/wp\/avanzan-trabajos-para-la-declaracion-de-un-area-natural-protegida-en-la-region-de-banaderos-y-cuenca-superior-del-rio-camarones\/\" \/>\n<meta property=\"og:site_name\" content=\"Corporaci\u00f3n Aut\u00f3noma Regional de La Guajira\" \/>\n<meta property=\"article:published_time\" content=\"2011-11-22T21:40:52+00:00\" \/>\n<meta name=\"twitter:label1\" content=\"Escrito por\" \/>\n\t<meta name=\"twitter:data1\" content=\"Administrador Web\" \/>\n\t<meta name=\"twitter:label2\" content=\"Tiempo de lectura\" \/>\n\t<meta name=\"twitter:data2\" content=\"3 minutos\" \/>\n<script type=\"application\/ld+json\" class=\"yoast-schema-graph\">{\"@context\":\"https:\/\/schema.org\",\"@graph\":[{\"@type\":\"WebSite\",\"@id\":\"https:\/\/corpoguajira.gov.co\/wp\/#website\",\"url\":\"https:\/\/corpoguajira.gov.co\/wp\/\",\"name\":\"Corporaci\u00f3n Aut\u00f3noma Regional de La Guajira\",\"description\":\"La Sostenibilidad Ambiental, un Compromiso de Todos\",\"potentialAction\":[{\"@type\":\"SearchAction\",\"target\":{\"@type\":\"EntryPoint\",\"urlTemplate\":\"https:\/\/corpoguajira.gov.co\/wp\/?s={search_term_string}\"},\"query-input\":\"required name=search_term_string\"}],\"inLanguage\":\"es\"},{\"@type\":\"WebPage\",\"@id\":\"https:\/\/corpoguajira.gov.co\/wp\/avanzan-trabajos-para-la-declaracion-de-un-area-natural-protegida-en-la-region-de-banaderos-y-cuenca-superior-del-rio-camarones\/#webpage\",\"url\":\"https:\/\/corpoguajira.gov.co\/wp\/avanzan-trabajos-para-la-declaracion-de-un-area-natural-protegida-en-la-region-de-banaderos-y-cuenca-superior-del-rio-camarones\/\",\"name\":\"Avanzan trabajos para la declaraci\u00f3n de un \u00e1rea natural protegida en la regi\u00f3n de Ba\u00f1aderos y cuenca superior del r\u00edo Camarones | Corpoguajira\",\"isPartOf\":{\"@id\":\"https:\/\/corpoguajira.gov.co\/wp\/#website\"},\"datePublished\":\"2011-11-22T21:40:52+00:00\",\"dateModified\":\"2011-11-22T21:40:52+00:00\",\"author\":{\"@id\":\"https:\/\/corpoguajira.gov.co\/wp\/#\/schema\/person\/0b6ea52ef43991ee31b9f82375aa2105\"},\"breadcrumb\":{\"@id\":\"https:\/\/corpoguajira.gov.co\/wp\/avanzan-trabajos-para-la-declaracion-de-un-area-natural-protegida-en-la-region-de-banaderos-y-cuenca-superior-del-rio-camarones\/#breadcrumb\"},\"inLanguage\":\"es\",\"potentialAction\":[{\"@type\":\"ReadAction\",\"target\":[\"https:\/\/corpoguajira.gov.co\/wp\/avanzan-trabajos-para-la-declaracion-de-un-area-natural-protegida-en-la-region-de-banaderos-y-cuenca-superior-del-rio-camarones\/\"]}]},{\"@type\":\"BreadcrumbList\",\"@id\":\"https:\/\/corpoguajira.gov.co\/wp\/avanzan-trabajos-para-la-declaracion-de-un-area-natural-protegida-en-la-region-de-banaderos-y-cuenca-superior-del-rio-camarones\/#breadcrumb\",\"itemListElement\":[{\"@type\":\"ListItem\",\"position\":1,\"name\":\"Corpoguajira\",\"item\":\"https:\/\/corpoguajira.gov.co\/wp\/\"},{\"@type\":\"ListItem\",\"position\":2,\"name\":\"Noticias\",\"item\":\"https:\/\/corpoguajira.gov.co\/wp\/noticias\/\"},{\"@type\":\"ListItem\",\"position\":3,\"name\":\"Avanzan trabajos para la declaraci\u00f3n de un \u00e1rea natural protegida en la regi\u00f3n de Ba\u00f1aderos y cuenca superior del r\u00edo Camarones\"}]},{\"@type\":\"Person\",\"@id\":\"https:\/\/corpoguajira.gov.co\/wp\/#\/schema\/person\/0b6ea52ef43991ee31b9f82375aa2105\",\"name\":\"Administrador Web\",\"image\":{\"@type\":\"ImageObject\",\"@id\":\"https:\/\/corpoguajira.gov.co\/wp\/#personlogo\",\"inLanguage\":\"es\",\"url\":\"https:\/\/secure.gravatar.com\/avatar\/d54ee19bd233172ef0db2ba7739289b8?s=96&d=mm&r=g\",\"contentUrl\":\"https:\/\/secure.gravatar.com\/avatar\/d54ee19bd233172ef0db2ba7739289b8?s=96&d=mm&r=g\",\"caption\":\"Administrador Web\"},\"description\":\"Administrador Web de Corpoguajira.\",\"url\":\"https:\/\/corpoguajira.gov.co\/wp\/author\/webmaster\/\"}]}<\/script>\n<!-- \/ Yoast SEO plugin. -->","yoast_head_json":{"title":"Avanzan trabajos para la declaraci\u00f3n de un \u00e1rea natural protegida en la regi\u00f3n de Ba\u00f1aderos y cuenca superior del r\u00edo Camarones | Corpoguajira","robots":{"index":"index","follow":"follow","max-snippet":"max-snippet:-1","max-image-preview":"max-image-preview:large","max-video-preview":"max-video-preview:-1"},"canonical":"https:\/\/corpoguajira.gov.co\/wp\/avanzan-trabajos-para-la-declaracion-de-un-area-natural-protegida-en-la-region-de-banaderos-y-cuenca-superior-del-rio-camarones\/","og_locale":"es_ES","og_type":"article","og_title":"Avanzan trabajos para la declaraci\u00f3n de un \u00e1rea natural protegida en la regi\u00f3n de Ba\u00f1aderos y cuenca superior del r\u00edo Camarones | Corpoguajira","og_description":"\u00a0 Con el establecimiento de \u00e9sta \u00a0\u00e1rea natural protegida, su administraci\u00f3n y manejo, \u00a0se lograr\u00e1n suspender los procesos que atentan contra su integridad, como son la extracci\u00f3n de madera y [&hellip;]","og_url":"https:\/\/corpoguajira.gov.co\/wp\/avanzan-trabajos-para-la-declaracion-de-un-area-natural-protegida-en-la-region-de-banaderos-y-cuenca-superior-del-rio-camarones\/","og_site_name":"Corporaci\u00f3n Aut\u00f3noma Regional de La Guajira","article_published_time":"2011-11-22T21:40:52+00:00","twitter_misc":{"Escrito por":"Administrador Web","Tiempo de lectura":"3 minutos"},"schema":{"@context":"https:\/\/schema.org","@graph":[{"@type":"WebSite","@id":"https:\/\/corpoguajira.gov.co\/wp\/#website","url":"https:\/\/corpoguajira.gov.co\/wp\/","name":"Corporaci\u00f3n Aut\u00f3noma Regional de La Guajira","description":"La Sostenibilidad Ambiental, un Compromiso de Todos","potentialAction":[{"@type":"SearchAction","target":{"@type":"EntryPoint","urlTemplate":"https:\/\/corpoguajira.gov.co\/wp\/?s={search_term_string}"},"query-input":"required name=search_term_string"}],"inLanguage":"es"},{"@type":"WebPage","@id":"https:\/\/corpoguajira.gov.co\/wp\/avanzan-trabajos-para-la-declaracion-de-un-area-natural-protegida-en-la-region-de-banaderos-y-cuenca-superior-del-rio-camarones\/#webpage","url":"https:\/\/corpoguajira.gov.co\/wp\/avanzan-trabajos-para-la-declaracion-de-un-area-natural-protegida-en-la-region-de-banaderos-y-cuenca-superior-del-rio-camarones\/","name":"Avanzan trabajos para la declaraci\u00f3n de un \u00e1rea natural protegida en la regi\u00f3n de Ba\u00f1aderos y cuenca superior del r\u00edo Camarones | Corpoguajira","isPartOf":{"@id":"https:\/\/corpoguajira.gov.co\/wp\/#website"},"datePublished":"2011-11-22T21:40:52+00:00","dateModified":"2011-11-22T21:40:52+00:00","author":{"@id":"https:\/\/corpoguajira.gov.co\/wp\/#\/schema\/person\/0b6ea52ef43991ee31b9f82375aa2105"},"breadcrumb":{"@id":"https:\/\/corpoguajira.gov.co\/wp\/avanzan-trabajos-para-la-declaracion-de-un-area-natural-protegida-en-la-region-de-banaderos-y-cuenca-superior-del-rio-camarones\/#breadcrumb"},"inLanguage":"es","potentialAction":[{"@type":"ReadAction","target":["https:\/\/corpoguajira.gov.co\/wp\/avanzan-trabajos-para-la-declaracion-de-un-area-natural-protegida-en-la-region-de-banaderos-y-cuenca-superior-del-rio-camarones\/"]}]},{"@type":"BreadcrumbList","@id":"https:\/\/corpoguajira.gov.co\/wp\/avanzan-trabajos-para-la-declaracion-de-un-area-natural-protegida-en-la-region-de-banaderos-y-cuenca-superior-del-rio-camarones\/#breadcrumb","itemListElement":[{"@type":"ListItem","position":1,"name":"Corpoguajira","item":"https:\/\/corpoguajira.gov.co\/wp\/"},{"@type":"ListItem","position":2,"name":"Noticias","item":"https:\/\/corpoguajira.gov.co\/wp\/noticias\/"},{"@type":"ListItem","position":3,"name":"Avanzan trabajos para la declaraci\u00f3n de un \u00e1rea natural protegida en la regi\u00f3n de Ba\u00f1aderos y cuenca superior del r\u00edo Camarones"}]},{"@type":"Person","@id":"https:\/\/corpoguajira.gov.co\/wp\/#\/schema\/person\/0b6ea52ef43991ee31b9f82375aa2105","name":"Administrador Web","image":{"@type":"ImageObject","@id":"https:\/\/corpoguajira.gov.co\/wp\/#personlogo","inLanguage":"es","url":"https:\/\/secure.gravatar.com\/avatar\/d54ee19bd233172ef0db2ba7739289b8?s=96&d=mm&r=g","contentUrl":"https:\/\/secure.gravatar.com\/avatar\/d54ee19bd233172ef0db2ba7739289b8?s=96&d=mm&r=g","caption":"Administrador Web"},"description":"Administrador Web de Corpoguajira.","url":"https:\/\/corpoguajira.gov.co\/wp\/author\/webmaster\/"}]}},"_links":{"self":[{"href":"https:\/\/corpoguajira.gov.co\/wp\/wp-json\/wp\/v2\/posts\/352"}],"collection":[{"href":"https:\/\/corpoguajira.gov.co\/wp\/wp-json\/wp\/v2\/posts"}],"about":[{"href":"https:\/\/corpoguajira.gov.co\/wp\/wp-json\/wp\/v2\/types\/post"}],"author":[{"embeddable":true,"href":"https:\/\/corpoguajira.gov.co\/wp\/wp-json\/wp\/v2\/users\/2"}],"replies":[{"embeddable":true,"href":"https:\/\/corpoguajira.gov.co\/wp\/wp-json\/wp\/v2\/comments?post=352"}],"version-history":[{"count":0,"href":"https:\/\/corpoguajira.gov.co\/wp\/wp-json\/wp\/v2\/posts\/352\/revisions"}],"wp:attachment":[{"href":"https:\/\/corpoguajira.gov.co\/wp\/wp-json\/wp\/v2\/media?parent=352"}],"wp:term":[{"taxonomy":"category","embeddable":true,"href":"https:\/\/corpoguajira.gov.co\/wp\/wp-json\/wp\/v2\/categories?post=352"},{"taxonomy":"post_tag","embeddable":true,"href":"https:\/\/corpoguajira.gov.co\/wp\/wp-json\/wp\/v2\/tags?post=352"}],"curies":[{"name":"wp","href":"https:\/\/api.w.org\/{rel}","templated":true}]}}