{"id":405,"date":"2012-03-13T21:45:17","date_gmt":"2012-03-13T21:45:17","guid":{"rendered":"http:\/\/localhost\/corpoguajira\/?p=405"},"modified":"2012-03-13T21:45:17","modified_gmt":"2012-03-13T21:45:17","slug":"corpoguajira-presento-ante-el-pais-rendicion-de-cuentas-de-obras-para-mitigar-efectos-de-la-ola-invernal","status":"publish","type":"post","link":"https:\/\/corpoguajira.gov.co\/wp\/corpoguajira-presento-ante-el-pais-rendicion-de-cuentas-de-obras-para-mitigar-efectos-de-la-ola-invernal\/","title":{"rendered":"Corpoguajira present\u00f3 ante el pa\u00eds, rendici\u00f3n de cuentas de obras para mitigar efectos de la ola invernal."},"content":{"rendered":"<p> \t\u00a0<\/p>\n<p style=\"text-align: center; \"> \t<img loading=\"lazy\" alt=\"alt\" height=\"206\" src=\"http:\/\/corpoguajira.gov.co\/web\/images\/P1000920.JPG\" width=\"400\" \/><\/p>\n<address style=\"text-align: center; \"> \t\u00a0<\/address>\n<div> \t<em><br class=\"Apple-interchange-newline\" \/> \t<\/em><\/div>\n<address style=\"text-align: justify; \">\n<div> \t\tLa audiencia p\u00fablica de rendici\u00f3n de cuentas, se llev\u00f3 a cabo en Bogot\u00e1 y cont\u00f3 con la participaci\u00f3n de las Corporaciones Aut\u00f3nomas Regionales y dem\u00e1s entidades que han invertido recursos del Fondo Nacional de Calamidades &ndash; Ministerio de Ambiente y Desarrollo Sostenible, para atender y restablecer las condiciones ambientales en las zonas afectadas por la ola invernal, la mitigaci\u00f3n de sus efectos y prevenir nuevas situaciones de emergencia.<\/div>\n<div> \t\tEn este sentido, Corpoguajira y el Ministerio de Ambiente, aunaron esfuerzos para la ejecuci\u00f3n de obras \u00a0en \u00a0San Juan del Cesar, Fonseca, Riohacha, La Jagua del Pilar, El Molino, Dibulla, Villanueva, Maicao y Albania; \u00a0por valor de $23.000 millones.<em>\u00a0<\/em><\/div>\n<\/p><\/address>\n<div> \t\u00a0<\/div>\n<p> <!--more--> <\/p>\n<p> \t\u00a0<\/p>\n<p style=\"text-align: justify; \"> \tDurante la audiencia, la cual estuvo presidida por el Ministro de Ambiente, Frank Pearl Gonz\u00e1lez; el Director General de Corpoguajira Arcesio Romero P\u00e9rez, explic\u00f3 detalladamente el avance de cada uno de los proyectos que se realizan en la pen\u00ednsula, entre ellos los trabajos de recuperaci\u00f3n de varios tramos de r\u00edos erosionados, a trav\u00e9s de la construcci\u00f3n de obras de encauzamiento, canalizaci\u00f3n y obras en gaviones en muros longitudinales y tipo espig\u00f3n, para la protecci\u00f3n y recuperaci\u00f3n de m\u00e1rgenes de los r\u00edos Ca\u00f1averales, Cesar, Ca\u00f1as, Paraguach\u00f3n, Tomarraz\u00f3n, El Molino, Villanueva y arroyo Tabaco.<\/p>\n<p style=\"text-align: justify; \"> \tDurante su participaci\u00f3n, Romero P\u00e9rez, \u00a0tambi\u00e9n manifest\u00f3 que la entidad trabaja en la construcci\u00f3n de un canal en concreto para la escorrent\u00eda superficial de un arroyo ubicado en el per\u00edmetro urbano de La Jagua del Pilar. \u00a0Por su parte en el r\u00edo Paraguach\u00f3n, se realizan labores de construcci\u00f3n de gaviones para la protecci\u00f3n y recuperaci\u00f3n del sector de los Mantilla, as\u00ed mismo labores de desedimentaci\u00f3n del canal de drenaje de la laguna Paraguach\u00f3n, \u00a0aleda\u00f1o a la carretera nacional.<\/p>\n<p style=\"text-align: justify; \"> \t&ldquo;A trav\u00e9s de este evento, hemos presentado ante el pa\u00eds nuestro compromiso con la gesti\u00f3n integral del riesgo en La Guajira. \u00a0Con estas labores, hemos beneficiado a 290.000 habitantes de la regi\u00f3n, adem\u00e1s de generar un total de 126 empleos&rdquo;, explic\u00f3 Arcesio Romero P\u00e9rez, Director de Corpoguajira.<\/p>\n<p style=\"text-align: justify; \"> \tLa audiencia p\u00fablica se llev\u00f3 \u00a0a cabo en las instalaciones de Radio Televisi\u00f3n de Colombia (RTVC). \u00a0Fue transmitida en vivo y en directo, a trav\u00e9s del Canal Institucional.<\/p>\n<div style=\"text-align: justify; \"> \t\u00a0<\/div>\n","protected":false},"excerpt":{"rendered":"<p>\u00a0 \u00a0 La audiencia p\u00fablica de rendici\u00f3n de cuentas, se llev\u00f3 a cabo en Bogot\u00e1 y cont\u00f3 con la participaci\u00f3n de las Corporaciones Aut\u00f3nomas Regionales y dem\u00e1s entidades que han [&hellip;]<\/p>\n","protected":false},"author":2,"featured_media":0,"comment_status":"open","ping_status":"open","sticky":false,"template":"","format":"standard","meta":[],"categories":[384],"tags":[],"yoast_head":"<!-- This site is optimized with the Yoast SEO plugin v18.5.1 - https:\/\/yoast.com\/wordpress\/plugins\/seo\/ -->\n<title>Corpoguajira present\u00f3 ante el pa\u00eds, rendici\u00f3n de cuentas de obras para mitigar efectos de la ola invernal. | Corpoguajira<\/title>\n<meta name=\"robots\" content=\"index, follow, max-snippet:-1, max-image-preview:large, max-video-preview:-1\" \/>\n<link rel=\"canonical\" href=\"https:\/\/corpoguajira.gov.co\/wp\/corpoguajira-presento-ante-el-pais-rendicion-de-cuentas-de-obras-para-mitigar-efectos-de-la-ola-invernal\/\" \/>\n<meta property=\"og:locale\" content=\"es_ES\" \/>\n<meta property=\"og:type\" content=\"article\" \/>\n<meta property=\"og:title\" content=\"Corpoguajira present\u00f3 ante el pa\u00eds, rendici\u00f3n de cuentas de obras para mitigar efectos de la ola invernal. | Corpoguajira\" \/>\n<meta property=\"og:description\" content=\"\u00a0 \u00a0 La audiencia p\u00fablica de rendici\u00f3n de cuentas, se llev\u00f3 a cabo en Bogot\u00e1 y cont\u00f3 con la participaci\u00f3n de las Corporaciones Aut\u00f3nomas Regionales y dem\u00e1s entidades que han [&hellip;]\" \/>\n<meta property=\"og:url\" content=\"https:\/\/corpoguajira.gov.co\/wp\/corpoguajira-presento-ante-el-pais-rendicion-de-cuentas-de-obras-para-mitigar-efectos-de-la-ola-invernal\/\" \/>\n<meta property=\"og:site_name\" content=\"Corporaci\u00f3n Aut\u00f3noma Regional de La Guajira\" \/>\n<meta property=\"article:published_time\" content=\"2012-03-13T21:45:17+00:00\" \/>\n<meta property=\"og:image\" content=\"http:\/\/corpoguajira.gov.co\/web\/images\/P1000920.JPG\" \/>\n<meta name=\"twitter:label1\" content=\"Escrito por\" \/>\n\t<meta name=\"twitter:data1\" content=\"Administrador Web\" \/>\n\t<meta name=\"twitter:label2\" content=\"Tiempo de lectura\" \/>\n\t<meta name=\"twitter:data2\" content=\"2 minutos\" \/>\n<script type=\"application\/ld+json\" class=\"yoast-schema-graph\">{\"@context\":\"https:\/\/schema.org\",\"@graph\":[{\"@type\":\"WebSite\",\"@id\":\"https:\/\/corpoguajira.gov.co\/wp\/#website\",\"url\":\"https:\/\/corpoguajira.gov.co\/wp\/\",\"name\":\"Corporaci\u00f3n Aut\u00f3noma Regional de La Guajira\",\"description\":\"La Sostenibilidad Ambiental, un Compromiso de Todos\",\"potentialAction\":[{\"@type\":\"SearchAction\",\"target\":{\"@type\":\"EntryPoint\",\"urlTemplate\":\"https:\/\/corpoguajira.gov.co\/wp\/?s={search_term_string}\"},\"query-input\":\"required name=search_term_string\"}],\"inLanguage\":\"es\"},{\"@type\":\"ImageObject\",\"@id\":\"https:\/\/corpoguajira.gov.co\/wp\/corpoguajira-presento-ante-el-pais-rendicion-de-cuentas-de-obras-para-mitigar-efectos-de-la-ola-invernal\/#primaryimage\",\"inLanguage\":\"es\",\"url\":\"http:\/\/corpoguajira.gov.co\/web\/images\/P1000920.JPG\",\"contentUrl\":\"http:\/\/corpoguajira.gov.co\/web\/images\/P1000920.JPG\"},{\"@type\":\"WebPage\",\"@id\":\"https:\/\/corpoguajira.gov.co\/wp\/corpoguajira-presento-ante-el-pais-rendicion-de-cuentas-de-obras-para-mitigar-efectos-de-la-ola-invernal\/#webpage\",\"url\":\"https:\/\/corpoguajira.gov.co\/wp\/corpoguajira-presento-ante-el-pais-rendicion-de-cuentas-de-obras-para-mitigar-efectos-de-la-ola-invernal\/\",\"name\":\"Corpoguajira present\u00f3 ante el pa\u00eds, rendici\u00f3n de cuentas de obras para mitigar efectos de la ola invernal. | Corpoguajira\",\"isPartOf\":{\"@id\":\"https:\/\/corpoguajira.gov.co\/wp\/#website\"},\"primaryImageOfPage\":{\"@id\":\"https:\/\/corpoguajira.gov.co\/wp\/corpoguajira-presento-ante-el-pais-rendicion-de-cuentas-de-obras-para-mitigar-efectos-de-la-ola-invernal\/#primaryimage\"},\"datePublished\":\"2012-03-13T21:45:17+00:00\",\"dateModified\":\"2012-03-13T21:45:17+00:00\",\"author\":{\"@id\":\"https:\/\/corpoguajira.gov.co\/wp\/#\/schema\/person\/0b6ea52ef43991ee31b9f82375aa2105\"},\"breadcrumb\":{\"@id\":\"https:\/\/corpoguajira.gov.co\/wp\/corpoguajira-presento-ante-el-pais-rendicion-de-cuentas-de-obras-para-mitigar-efectos-de-la-ola-invernal\/#breadcrumb\"},\"inLanguage\":\"es\",\"potentialAction\":[{\"@type\":\"ReadAction\",\"target\":[\"https:\/\/corpoguajira.gov.co\/wp\/corpoguajira-presento-ante-el-pais-rendicion-de-cuentas-de-obras-para-mitigar-efectos-de-la-ola-invernal\/\"]}]},{\"@type\":\"BreadcrumbList\",\"@id\":\"https:\/\/corpoguajira.gov.co\/wp\/corpoguajira-presento-ante-el-pais-rendicion-de-cuentas-de-obras-para-mitigar-efectos-de-la-ola-invernal\/#breadcrumb\",\"itemListElement\":[{\"@type\":\"ListItem\",\"position\":1,\"name\":\"Corpoguajira\",\"item\":\"https:\/\/corpoguajira.gov.co\/wp\/\"},{\"@type\":\"ListItem\",\"position\":2,\"name\":\"Noticias\",\"item\":\"https:\/\/corpoguajira.gov.co\/wp\/noticias\/\"},{\"@type\":\"ListItem\",\"position\":3,\"name\":\"Corpoguajira present\u00f3 ante el pa\u00eds, rendici\u00f3n de cuentas de obras para mitigar efectos de la ola invernal.\"}]},{\"@type\":\"Person\",\"@id\":\"https:\/\/corpoguajira.gov.co\/wp\/#\/schema\/person\/0b6ea52ef43991ee31b9f82375aa2105\",\"name\":\"Administrador Web\",\"image\":{\"@type\":\"ImageObject\",\"@id\":\"https:\/\/corpoguajira.gov.co\/wp\/#personlogo\",\"inLanguage\":\"es\",\"url\":\"https:\/\/secure.gravatar.com\/avatar\/d54ee19bd233172ef0db2ba7739289b8?s=96&d=mm&r=g\",\"contentUrl\":\"https:\/\/secure.gravatar.com\/avatar\/d54ee19bd233172ef0db2ba7739289b8?s=96&d=mm&r=g\",\"caption\":\"Administrador Web\"},\"description\":\"Administrador Web de Corpoguajira.\",\"url\":\"https:\/\/corpoguajira.gov.co\/wp\/author\/webmaster\/\"}]}<\/script>\n<!-- \/ Yoast SEO plugin. -->","yoast_head_json":{"title":"Corpoguajira present\u00f3 ante el pa\u00eds, rendici\u00f3n de cuentas de obras para mitigar efectos de la ola invernal. | Corpoguajira","robots":{"index":"index","follow":"follow","max-snippet":"max-snippet:-1","max-image-preview":"max-image-preview:large","max-video-preview":"max-video-preview:-1"},"canonical":"https:\/\/corpoguajira.gov.co\/wp\/corpoguajira-presento-ante-el-pais-rendicion-de-cuentas-de-obras-para-mitigar-efectos-de-la-ola-invernal\/","og_locale":"es_ES","og_type":"article","og_title":"Corpoguajira present\u00f3 ante el pa\u00eds, rendici\u00f3n de cuentas de obras para mitigar efectos de la ola invernal. | Corpoguajira","og_description":"\u00a0 \u00a0 La audiencia p\u00fablica de rendici\u00f3n de cuentas, se llev\u00f3 a cabo en Bogot\u00e1 y cont\u00f3 con la participaci\u00f3n de las Corporaciones Aut\u00f3nomas Regionales y dem\u00e1s entidades que han [&hellip;]","og_url":"https:\/\/corpoguajira.gov.co\/wp\/corpoguajira-presento-ante-el-pais-rendicion-de-cuentas-de-obras-para-mitigar-efectos-de-la-ola-invernal\/","og_site_name":"Corporaci\u00f3n Aut\u00f3noma Regional de La Guajira","article_published_time":"2012-03-13T21:45:17+00:00","og_image":[{"url":"http:\/\/corpoguajira.gov.co\/web\/images\/P1000920.JPG"}],"twitter_misc":{"Escrito por":"Administrador Web","Tiempo de lectura":"2 minutos"},"schema":{"@context":"https:\/\/schema.org","@graph":[{"@type":"WebSite","@id":"https:\/\/corpoguajira.gov.co\/wp\/#website","url":"https:\/\/corpoguajira.gov.co\/wp\/","name":"Corporaci\u00f3n Aut\u00f3noma Regional de La Guajira","description":"La Sostenibilidad Ambiental, un Compromiso de Todos","potentialAction":[{"@type":"SearchAction","target":{"@type":"EntryPoint","urlTemplate":"https:\/\/corpoguajira.gov.co\/wp\/?s={search_term_string}"},"query-input":"required name=search_term_string"}],"inLanguage":"es"},{"@type":"ImageObject","@id":"https:\/\/corpoguajira.gov.co\/wp\/corpoguajira-presento-ante-el-pais-rendicion-de-cuentas-de-obras-para-mitigar-efectos-de-la-ola-invernal\/#primaryimage","inLanguage":"es","url":"http:\/\/corpoguajira.gov.co\/web\/images\/P1000920.JPG","contentUrl":"http:\/\/corpoguajira.gov.co\/web\/images\/P1000920.JPG"},{"@type":"WebPage","@id":"https:\/\/corpoguajira.gov.co\/wp\/corpoguajira-presento-ante-el-pais-rendicion-de-cuentas-de-obras-para-mitigar-efectos-de-la-ola-invernal\/#webpage","url":"https:\/\/corpoguajira.gov.co\/wp\/corpoguajira-presento-ante-el-pais-rendicion-de-cuentas-de-obras-para-mitigar-efectos-de-la-ola-invernal\/","name":"Corpoguajira present\u00f3 ante el pa\u00eds, rendici\u00f3n de cuentas de obras para mitigar efectos de la ola invernal. | Corpoguajira","isPartOf":{"@id":"https:\/\/corpoguajira.gov.co\/wp\/#website"},"primaryImageOfPage":{"@id":"https:\/\/corpoguajira.gov.co\/wp\/corpoguajira-presento-ante-el-pais-rendicion-de-cuentas-de-obras-para-mitigar-efectos-de-la-ola-invernal\/#primaryimage"},"datePublished":"2012-03-13T21:45:17+00:00","dateModified":"2012-03-13T21:45:17+00:00","author":{"@id":"https:\/\/corpoguajira.gov.co\/wp\/#\/schema\/person\/0b6ea52ef43991ee31b9f82375aa2105"},"breadcrumb":{"@id":"https:\/\/corpoguajira.gov.co\/wp\/corpoguajira-presento-ante-el-pais-rendicion-de-cuentas-de-obras-para-mitigar-efectos-de-la-ola-invernal\/#breadcrumb"},"inLanguage":"es","potentialAction":[{"@type":"ReadAction","target":["https:\/\/corpoguajira.gov.co\/wp\/corpoguajira-presento-ante-el-pais-rendicion-de-cuentas-de-obras-para-mitigar-efectos-de-la-ola-invernal\/"]}]},{"@type":"BreadcrumbList","@id":"https:\/\/corpoguajira.gov.co\/wp\/corpoguajira-presento-ante-el-pais-rendicion-de-cuentas-de-obras-para-mitigar-efectos-de-la-ola-invernal\/#breadcrumb","itemListElement":[{"@type":"ListItem","position":1,"name":"Corpoguajira","item":"https:\/\/corpoguajira.gov.co\/wp\/"},{"@type":"ListItem","position":2,"name":"Noticias","item":"https:\/\/corpoguajira.gov.co\/wp\/noticias\/"},{"@type":"ListItem","position":3,"name":"Corpoguajira present\u00f3 ante el pa\u00eds, rendici\u00f3n de cuentas de obras para mitigar efectos de la ola invernal."}]},{"@type":"Person","@id":"https:\/\/corpoguajira.gov.co\/wp\/#\/schema\/person\/0b6ea52ef43991ee31b9f82375aa2105","name":"Administrador Web","image":{"@type":"ImageObject","@id":"https:\/\/corpoguajira.gov.co\/wp\/#personlogo","inLanguage":"es","url":"https:\/\/secure.gravatar.com\/avatar\/d54ee19bd233172ef0db2ba7739289b8?s=96&d=mm&r=g","contentUrl":"https:\/\/secure.gravatar.com\/avatar\/d54ee19bd233172ef0db2ba7739289b8?s=96&d=mm&r=g","caption":"Administrador Web"},"description":"Administrador Web de Corpoguajira.","url":"https:\/\/corpoguajira.gov.co\/wp\/author\/webmaster\/"}]}},"_links":{"self":[{"href":"https:\/\/corpoguajira.gov.co\/wp\/wp-json\/wp\/v2\/posts\/405"}],"collection":[{"href":"https:\/\/corpoguajira.gov.co\/wp\/wp-json\/wp\/v2\/posts"}],"about":[{"href":"https:\/\/corpoguajira.gov.co\/wp\/wp-json\/wp\/v2\/types\/post"}],"author":[{"embeddable":true,"href":"https:\/\/corpoguajira.gov.co\/wp\/wp-json\/wp\/v2\/users\/2"}],"replies":[{"embeddable":true,"href":"https:\/\/corpoguajira.gov.co\/wp\/wp-json\/wp\/v2\/comments?post=405"}],"version-history":[{"count":0,"href":"https:\/\/corpoguajira.gov.co\/wp\/wp-json\/wp\/v2\/posts\/405\/revisions"}],"wp:attachment":[{"href":"https:\/\/corpoguajira.gov.co\/wp\/wp-json\/wp\/v2\/media?parent=405"}],"wp:term":[{"taxonomy":"category","embeddable":true,"href":"https:\/\/corpoguajira.gov.co\/wp\/wp-json\/wp\/v2\/categories?post=405"},{"taxonomy":"post_tag","embeddable":true,"href":"https:\/\/corpoguajira.gov.co\/wp\/wp-json\/wp\/v2\/tags?post=405"}],"curies":[{"name":"wp","href":"https:\/\/api.w.org\/{rel}","templated":true}]}}