{"id":411,"date":"2012-03-21T23:30:06","date_gmt":"2012-03-21T23:30:06","guid":{"rendered":"http:\/\/localhost\/corpoguajira\/?p=411"},"modified":"2012-03-21T23:30:06","modified_gmt":"2012-03-21T23:30:06","slug":"marzo-22-de-2012-dia-mundial-del-agua","status":"publish","type":"post","link":"https:\/\/corpoguajira.gov.co\/wp\/marzo-22-de-2012-dia-mundial-del-agua\/","title":{"rendered":"Marzo 22 de 2012:  DIA MUNDIAL DEL AGUA"},"content":{"rendered":"<p style=\"text-align: justify;\"> \tEste a\u00f1o el D\u00eda Mundial del Agua est\u00e1 orientado a llamar la atenci\u00f3n internacional sobre la alimentaci\u00f3n y su relaci\u00f3n con el agua.<\/p>\n<p style=\"text-align: justify;\"> \tSeg\u00fan la Unesco, &ldquo;hoy en d\u00eda hay 7 000 millones de personas que alimentar en el planeta y se prev\u00e9 que habr\u00e1 otros 2 000\u00a0 millones para el a\u00f1o 2050. Las estad\u00edsticas indican que todas las personas beben de 2 a 4 litros de agua a diario, sin embargo, la mayor parte del agua que &#8216;bebemos&#8217; est\u00e1 incorporada en los alimentos que consumimos: producir 1 kilo de carne de vacuno, por ejemplo, consume 15 000 litros de agua, y 1 kilo de trigo se unos 1 500 litros&rdquo;.<\/p>\n<p style=\"text-align: justify;\"> \tCon el prop\u00f3sito de unirse a esta celebraci\u00f3n, la Corporaci\u00f3n Aut\u00f3noma Regional de La Guajira, realizar\u00e1 una serie de actividades entre las que se destacan el desarrollo de jornadas pedag\u00f3gicas ambientales sobre medidas sanitarias del agua para consumo, atenci\u00f3n y prevenci\u00f3n de desastres y conservaci\u00f3n de la Cuenca del R\u00edo Tapias.\u00a0 El evento se llevar\u00e1 a cabo en la instituci\u00f3n educativa Eugenia Herrena de Matitas y est\u00e1 dirigida a docentes,\u00a0 estudiantes padres de familia y comunidad en general.\u00a0\u00a0 La programaci\u00f3n es\u00a0 organizada por el Grupo de Educaci\u00f3n Ambiental de Corpoguajira, bajo la orientaci\u00f3n de la Fundaci\u00f3n Casa Ecol\u00f3gica de Riohacha y cuenta con el apoyo de la Cruz Roja (seccional La Guajira).\u00a0 <\/p>\n<p> <!--more--> <\/p>\n<p> \t\u00a0<\/p>\n<p style=\"text-align: justify;\"> \tLa conmemoraci\u00f3n del D\u00eda Mundial del Agua, tambi\u00e9n incluir\u00e1 una gran campa\u00f1a de limpieza y embellecimiento en el municipio de Maicao,\u00a0 en el marco del programa de Comparendos Ambientales, iniciativa que busca concientizar a la ciudadan\u00eda sobre su responsabilidad social frente al manejo inadecuado de basuras,\u00a0 las cuales en un a\u00f1o,\u00a0 seg\u00fan datos del Ministerio de Ambiente y Desarrollo Sostenible,\u00a0 contaminan m\u00e1s de un mill\u00f3n de metros c\u00fabicos de agua.\u00a0 La jornada estar\u00e1 organizada por Corpoguajira y la Fundaci\u00f3n Popular de Vivienda Santo Tom\u00e1s, y cuenta con el respaldo de la administraci\u00f3n municipal, la Polic\u00eda Nacional y las Juntas de Acci\u00f3n Comunal.<\/p>\n<p> \t\u00a0<\/p>\n<p style=\"text-align: justify;\"> \t\u00a0<\/p>\n<p style=\"text-align: justify;\"> \tEn Riohacha, se realizar\u00e1 una pr\u00e1ctica de senderismo ambiental por la margen del r\u00edo Rancher\u00eda,\u00a0 a partir de las 3:00 p.m.\u00a0 Los participantes har\u00e1n el recorrido por detr\u00e1s de Anas Ma\u00ed,\u00a0 hasta el puente sobre el R\u00edito.\u00a0 Esta actividad se desarrollar\u00e1 con los Ni\u00f1os Cuidapalos de la Polic\u00eda Ecol\u00f3gica y Ambiental\u00a0 y el Grupo de Educaci\u00f3n Ambiental de Corpoguajira; quienes estar\u00e1n apoyados por la Fundaci\u00f3n Casa Ecol\u00f3gica de Riohacha y la Corporaci\u00f3n Milagros Verdes.\u00a0\u00a0 En este recorrido se ilustrar\u00e1 a los caminantes sobre las caracter\u00edsticas f\u00edsicas de esta importante corriente, el tipo de suelos y la fauna y flora que integran este ecosistema, las comunidades ind\u00edgenas aleda\u00f1as y la presi\u00f3n sobre el medio.<\/p>\n<p style=\"text-align: justify;\"> \tEl D\u00eda Mundial del Agua, en La Guajira, tambi\u00e9n incluir\u00e1 la socializaci\u00f3n de la Colecci\u00f3n Did\u00e1ctica Ambiental conserva tu Planeta y el Software Agroecologito V.2.0 en el municipio de San Juan del Cesar.\u00a0 Este evento es organizado por MPX y Corpoguajira y va dirigido a suplir las falencias que en materia de herramientas pedag\u00f3gicas para la pr\u00e1ctica de la educaci\u00f3n ambiental tienen las instituciones educativas de su \u00e1rea de influencia.<\/p>\n<p style=\"text-align: justify;\"> \tFinalmente, la programaci\u00f3n finalizar\u00e1 con una Noche Ecol\u00f3gica, en la Comunidad del Barrio Camilo Torres de Riohacha, para abordar temas relacionados sobre los trabajos que se adelantan para la recuperaci\u00f3n y conservaci\u00f3n del Humedal Urbano Laguna Sal\u00e1.\u00a0 La actividad contar\u00e1 con la participaci\u00f3n del Biologo Jairo Rosado Vega, como representaci\u00f3n de la Universidad de La Guajira; tambi\u00e9n acompa\u00f1ar\u00e1n a Corpoguajira en esta programaci\u00f3n la Corporaci\u00f3n Preservar y la Secretar\u00eda de Salud de Departamento.<\/p>\n<p style=\"text-align: justify;\"> \tEsta celebraci\u00f3n que fue institucionalizada por La Asamblea General de las Naciones Unidas en 1992.<br \/> \t\u00a0<\/p>\n","protected":false},"excerpt":{"rendered":"<p>Este a\u00f1o el D\u00eda Mundial del Agua est\u00e1 orientado a llamar la atenci\u00f3n internacional sobre la alimentaci\u00f3n y su relaci\u00f3n con el agua. Seg\u00fan la Unesco, &ldquo;hoy en d\u00eda hay [&hellip;]<\/p>\n","protected":false},"author":2,"featured_media":0,"comment_status":"open","ping_status":"open","sticky":false,"template":"","format":"standard","meta":[],"categories":[384],"tags":[],"yoast_head":"<!-- This site is optimized with the Yoast SEO plugin v18.5.1 - https:\/\/yoast.com\/wordpress\/plugins\/seo\/ -->\n<title>Marzo 22 de 2012: DIA MUNDIAL DEL AGUA | Corpoguajira<\/title>\n<meta name=\"robots\" content=\"index, follow, max-snippet:-1, max-image-preview:large, max-video-preview:-1\" \/>\n<link rel=\"canonical\" href=\"https:\/\/corpoguajira.gov.co\/wp\/marzo-22-de-2012-dia-mundial-del-agua\/\" \/>\n<meta property=\"og:locale\" content=\"es_ES\" \/>\n<meta property=\"og:type\" content=\"article\" \/>\n<meta property=\"og:title\" content=\"Marzo 22 de 2012: DIA MUNDIAL DEL AGUA | Corpoguajira\" \/>\n<meta property=\"og:description\" content=\"Este a\u00f1o el D\u00eda Mundial del Agua est\u00e1 orientado a llamar la atenci\u00f3n internacional sobre la alimentaci\u00f3n y su relaci\u00f3n con el agua. Seg\u00fan la Unesco, &ldquo;hoy en d\u00eda hay [&hellip;]\" \/>\n<meta property=\"og:url\" content=\"https:\/\/corpoguajira.gov.co\/wp\/marzo-22-de-2012-dia-mundial-del-agua\/\" \/>\n<meta property=\"og:site_name\" content=\"Corporaci\u00f3n Aut\u00f3noma Regional de La Guajira\" \/>\n<meta property=\"article:published_time\" content=\"2012-03-21T23:30:06+00:00\" \/>\n<meta name=\"twitter:label1\" content=\"Escrito por\" \/>\n\t<meta name=\"twitter:data1\" content=\"Administrador Web\" \/>\n\t<meta name=\"twitter:label2\" content=\"Tiempo de lectura\" \/>\n\t<meta name=\"twitter:data2\" content=\"3 minutos\" \/>\n<script type=\"application\/ld+json\" class=\"yoast-schema-graph\">{\"@context\":\"https:\/\/schema.org\",\"@graph\":[{\"@type\":\"WebSite\",\"@id\":\"https:\/\/corpoguajira.gov.co\/wp\/#website\",\"url\":\"https:\/\/corpoguajira.gov.co\/wp\/\",\"name\":\"Corporaci\u00f3n Aut\u00f3noma Regional de La Guajira\",\"description\":\"La Sostenibilidad Ambiental, un Compromiso de Todos\",\"potentialAction\":[{\"@type\":\"SearchAction\",\"target\":{\"@type\":\"EntryPoint\",\"urlTemplate\":\"https:\/\/corpoguajira.gov.co\/wp\/?s={search_term_string}\"},\"query-input\":\"required name=search_term_string\"}],\"inLanguage\":\"es\"},{\"@type\":\"WebPage\",\"@id\":\"https:\/\/corpoguajira.gov.co\/wp\/marzo-22-de-2012-dia-mundial-del-agua\/#webpage\",\"url\":\"https:\/\/corpoguajira.gov.co\/wp\/marzo-22-de-2012-dia-mundial-del-agua\/\",\"name\":\"Marzo 22 de 2012: DIA MUNDIAL DEL AGUA | Corpoguajira\",\"isPartOf\":{\"@id\":\"https:\/\/corpoguajira.gov.co\/wp\/#website\"},\"datePublished\":\"2012-03-21T23:30:06+00:00\",\"dateModified\":\"2012-03-21T23:30:06+00:00\",\"author\":{\"@id\":\"https:\/\/corpoguajira.gov.co\/wp\/#\/schema\/person\/0b6ea52ef43991ee31b9f82375aa2105\"},\"breadcrumb\":{\"@id\":\"https:\/\/corpoguajira.gov.co\/wp\/marzo-22-de-2012-dia-mundial-del-agua\/#breadcrumb\"},\"inLanguage\":\"es\",\"potentialAction\":[{\"@type\":\"ReadAction\",\"target\":[\"https:\/\/corpoguajira.gov.co\/wp\/marzo-22-de-2012-dia-mundial-del-agua\/\"]}]},{\"@type\":\"BreadcrumbList\",\"@id\":\"https:\/\/corpoguajira.gov.co\/wp\/marzo-22-de-2012-dia-mundial-del-agua\/#breadcrumb\",\"itemListElement\":[{\"@type\":\"ListItem\",\"position\":1,\"name\":\"Corpoguajira\",\"item\":\"https:\/\/corpoguajira.gov.co\/wp\/\"},{\"@type\":\"ListItem\",\"position\":2,\"name\":\"Noticias\",\"item\":\"https:\/\/corpoguajira.gov.co\/wp\/noticias\/\"},{\"@type\":\"ListItem\",\"position\":3,\"name\":\"Marzo 22 de 2012: DIA MUNDIAL DEL AGUA\"}]},{\"@type\":\"Person\",\"@id\":\"https:\/\/corpoguajira.gov.co\/wp\/#\/schema\/person\/0b6ea52ef43991ee31b9f82375aa2105\",\"name\":\"Administrador Web\",\"image\":{\"@type\":\"ImageObject\",\"@id\":\"https:\/\/corpoguajira.gov.co\/wp\/#personlogo\",\"inLanguage\":\"es\",\"url\":\"https:\/\/secure.gravatar.com\/avatar\/d54ee19bd233172ef0db2ba7739289b8?s=96&d=mm&r=g\",\"contentUrl\":\"https:\/\/secure.gravatar.com\/avatar\/d54ee19bd233172ef0db2ba7739289b8?s=96&d=mm&r=g\",\"caption\":\"Administrador Web\"},\"description\":\"Administrador Web de Corpoguajira.\",\"url\":\"https:\/\/corpoguajira.gov.co\/wp\/author\/webmaster\/\"}]}<\/script>\n<!-- \/ Yoast SEO plugin. -->","yoast_head_json":{"title":"Marzo 22 de 2012: DIA MUNDIAL DEL AGUA | Corpoguajira","robots":{"index":"index","follow":"follow","max-snippet":"max-snippet:-1","max-image-preview":"max-image-preview:large","max-video-preview":"max-video-preview:-1"},"canonical":"https:\/\/corpoguajira.gov.co\/wp\/marzo-22-de-2012-dia-mundial-del-agua\/","og_locale":"es_ES","og_type":"article","og_title":"Marzo 22 de 2012: DIA MUNDIAL DEL AGUA | Corpoguajira","og_description":"Este a\u00f1o el D\u00eda Mundial del Agua est\u00e1 orientado a llamar la atenci\u00f3n internacional sobre la alimentaci\u00f3n y su relaci\u00f3n con el agua. Seg\u00fan la Unesco, &ldquo;hoy en d\u00eda hay [&hellip;]","og_url":"https:\/\/corpoguajira.gov.co\/wp\/marzo-22-de-2012-dia-mundial-del-agua\/","og_site_name":"Corporaci\u00f3n Aut\u00f3noma Regional de La Guajira","article_published_time":"2012-03-21T23:30:06+00:00","twitter_misc":{"Escrito por":"Administrador Web","Tiempo de lectura":"3 minutos"},"schema":{"@context":"https:\/\/schema.org","@graph":[{"@type":"WebSite","@id":"https:\/\/corpoguajira.gov.co\/wp\/#website","url":"https:\/\/corpoguajira.gov.co\/wp\/","name":"Corporaci\u00f3n Aut\u00f3noma Regional de La Guajira","description":"La Sostenibilidad Ambiental, un Compromiso de Todos","potentialAction":[{"@type":"SearchAction","target":{"@type":"EntryPoint","urlTemplate":"https:\/\/corpoguajira.gov.co\/wp\/?s={search_term_string}"},"query-input":"required name=search_term_string"}],"inLanguage":"es"},{"@type":"WebPage","@id":"https:\/\/corpoguajira.gov.co\/wp\/marzo-22-de-2012-dia-mundial-del-agua\/#webpage","url":"https:\/\/corpoguajira.gov.co\/wp\/marzo-22-de-2012-dia-mundial-del-agua\/","name":"Marzo 22 de 2012: DIA MUNDIAL DEL AGUA | Corpoguajira","isPartOf":{"@id":"https:\/\/corpoguajira.gov.co\/wp\/#website"},"datePublished":"2012-03-21T23:30:06+00:00","dateModified":"2012-03-21T23:30:06+00:00","author":{"@id":"https:\/\/corpoguajira.gov.co\/wp\/#\/schema\/person\/0b6ea52ef43991ee31b9f82375aa2105"},"breadcrumb":{"@id":"https:\/\/corpoguajira.gov.co\/wp\/marzo-22-de-2012-dia-mundial-del-agua\/#breadcrumb"},"inLanguage":"es","potentialAction":[{"@type":"ReadAction","target":["https:\/\/corpoguajira.gov.co\/wp\/marzo-22-de-2012-dia-mundial-del-agua\/"]}]},{"@type":"BreadcrumbList","@id":"https:\/\/corpoguajira.gov.co\/wp\/marzo-22-de-2012-dia-mundial-del-agua\/#breadcrumb","itemListElement":[{"@type":"ListItem","position":1,"name":"Corpoguajira","item":"https:\/\/corpoguajira.gov.co\/wp\/"},{"@type":"ListItem","position":2,"name":"Noticias","item":"https:\/\/corpoguajira.gov.co\/wp\/noticias\/"},{"@type":"ListItem","position":3,"name":"Marzo 22 de 2012: DIA MUNDIAL DEL AGUA"}]},{"@type":"Person","@id":"https:\/\/corpoguajira.gov.co\/wp\/#\/schema\/person\/0b6ea52ef43991ee31b9f82375aa2105","name":"Administrador Web","image":{"@type":"ImageObject","@id":"https:\/\/corpoguajira.gov.co\/wp\/#personlogo","inLanguage":"es","url":"https:\/\/secure.gravatar.com\/avatar\/d54ee19bd233172ef0db2ba7739289b8?s=96&d=mm&r=g","contentUrl":"https:\/\/secure.gravatar.com\/avatar\/d54ee19bd233172ef0db2ba7739289b8?s=96&d=mm&r=g","caption":"Administrador Web"},"description":"Administrador Web de Corpoguajira.","url":"https:\/\/corpoguajira.gov.co\/wp\/author\/webmaster\/"}]}},"_links":{"self":[{"href":"https:\/\/corpoguajira.gov.co\/wp\/wp-json\/wp\/v2\/posts\/411"}],"collection":[{"href":"https:\/\/corpoguajira.gov.co\/wp\/wp-json\/wp\/v2\/posts"}],"about":[{"href":"https:\/\/corpoguajira.gov.co\/wp\/wp-json\/wp\/v2\/types\/post"}],"author":[{"embeddable":true,"href":"https:\/\/corpoguajira.gov.co\/wp\/wp-json\/wp\/v2\/users\/2"}],"replies":[{"embeddable":true,"href":"https:\/\/corpoguajira.gov.co\/wp\/wp-json\/wp\/v2\/comments?post=411"}],"version-history":[{"count":0,"href":"https:\/\/corpoguajira.gov.co\/wp\/wp-json\/wp\/v2\/posts\/411\/revisions"}],"wp:attachment":[{"href":"https:\/\/corpoguajira.gov.co\/wp\/wp-json\/wp\/v2\/media?parent=411"}],"wp:term":[{"taxonomy":"category","embeddable":true,"href":"https:\/\/corpoguajira.gov.co\/wp\/wp-json\/wp\/v2\/categories?post=411"},{"taxonomy":"post_tag","embeddable":true,"href":"https:\/\/corpoguajira.gov.co\/wp\/wp-json\/wp\/v2\/tags?post=411"}],"curies":[{"name":"wp","href":"https:\/\/api.w.org\/{rel}","templated":true}]}}