{"id":4848,"date":"2015-07-07T10:05:02","date_gmt":"2015-07-07T15:05:02","guid":{"rendered":"http:\/\/corpoguajira.gov.co\/wp\/?p=4848"},"modified":"2015-07-07T10:05:02","modified_gmt":"2015-07-07T15:05:02","slug":"corpoguajira-hace-frente-a-emergencia-provocada-por-incendios-forestales-en-la-sierra-nevada-de-santa-marta%e2%80%8b","status":"publish","type":"post","link":"https:\/\/corpoguajira.gov.co\/wp\/corpoguajira-hace-frente-a-emergencia-provocada-por-incendios-forestales-en-la-sierra-nevada-de-santa-marta%e2%80%8b\/","title":{"rendered":"Corpoguajira hace frente a emergencia provocada por incendios forestales en la Sierra Nevada de Santa Marta\u200b"},"content":{"rendered":"<p>Funcionarios de la Corporaci\u00f3n Aut\u00f3noma Regional de La Guajira viajaron a la zona afectada por el incendio que afecta varios puntos de la Sierra Nevada de Santa Marta a la altura del municipio de Dibulla.<\/p>\n<p>La visita a la zona afectada se realiz\u00f3 para diagnosticar el da\u00f1o ambiental que han provocado las llamas en el \u00e1rea de bosque.<\/p>\n<p>Durante toda la emergencia, Corpoguajira ha estado atenta de la evoluci\u00f3n de la misma y ya se est\u00e1n planeando acciones para enfrentar las consecuencias que resulten al t\u00e9rmino de la misma. Como primera\u00a0 medida se cre\u00f3\u00a0 un comit\u00e9 de evaluaci\u00f3n que se encargar\u00e1 de determinar el \u00e1rea de degradaci\u00f3n que los incendios dejaron a su paso por los bosques. Una vez delimitados los terrenos afectados, se implementar\u00e1n las acciones de restauraci\u00f3n, las cuales consisten en recuperar la vegetaci\u00f3n mediante el sembrado de \u00e1rboles.<\/p>\n<p>Para evitar que emergencias como las que a\u00fan se tratan de controlar en la Sierra Nevada de Santa Marta vuelvan a repetirse, el Director General de Corpoguajira, el Ingeniero Luis Medina Toro, le recomend\u00f3 a la ciudadan\u00eda, a trav\u00e9s de declaraciones a medios nacionales, que evite provocar quemas en los bosques, debido a que estas pueden salirse de control y generar da\u00f1os serios a los ecosistemas de los macizos monta\u00f1osos de la Guajira.<\/p>\n<p>&nbsp;<\/p>\n","protected":false},"excerpt":{"rendered":"<p>Funcionarios de la Corporaci\u00f3n Aut\u00f3noma Regional de La Guajira viajaron a la zona afectada por el incendio que afecta varios puntos de la Sierra Nevada de Santa Marta a la [&hellip;]<\/p>\n","protected":false},"author":4,"featured_media":4849,"comment_status":"open","ping_status":"open","sticky":false,"template":"","format":"standard","meta":[],"categories":[384],"tags":[774],"yoast_head":"<!-- This site is optimized with the Yoast SEO plugin v18.5.1 - https:\/\/yoast.com\/wordpress\/plugins\/seo\/ -->\n<title>Corpoguajira hace frente a emergencia provocada por incendios forestales en la Sierra Nevada de Santa Marta\u200b | Corpoguajira<\/title>\n<meta name=\"robots\" content=\"index, follow, max-snippet:-1, max-image-preview:large, max-video-preview:-1\" \/>\n<link rel=\"canonical\" href=\"https:\/\/corpoguajira.gov.co\/wp\/corpoguajira-hace-frente-a-emergencia-provocada-por-incendios-forestales-en-la-sierra-nevada-de-santa-marta\u200b\/\" \/>\n<meta property=\"og:locale\" content=\"es_ES\" \/>\n<meta property=\"og:type\" content=\"article\" \/>\n<meta property=\"og:title\" content=\"Corpoguajira hace frente a emergencia provocada por incendios forestales en la Sierra Nevada de Santa Marta\u200b | Corpoguajira\" \/>\n<meta property=\"og:description\" content=\"Funcionarios de la Corporaci\u00f3n Aut\u00f3noma Regional de La Guajira viajaron a la zona afectada por el incendio que afecta varios puntos de la Sierra Nevada de Santa Marta a la [&hellip;]\" \/>\n<meta property=\"og:url\" content=\"https:\/\/corpoguajira.gov.co\/wp\/corpoguajira-hace-frente-a-emergencia-provocada-por-incendios-forestales-en-la-sierra-nevada-de-santa-marta\u200b\/\" \/>\n<meta property=\"og:site_name\" content=\"Corporaci\u00f3n Aut\u00f3noma Regional de La Guajira\" \/>\n<meta property=\"article:published_time\" content=\"2015-07-07T15:05:02+00:00\" \/>\n<meta property=\"og:image\" content=\"https:\/\/www.corpoguajira.gov.co\/wp\/wp-content\/uploads\/2015\/07\/FOTO-NOTA-2-JULIO-9-DE-2015.jpg\" \/>\n\t<meta property=\"og:image:width\" content=\"894\" \/>\n\t<meta property=\"og:image:height\" content=\"503\" \/>\n\t<meta property=\"og:image:type\" content=\"image\/jpeg\" \/>\n<meta name=\"twitter:label1\" content=\"Escrito por\" \/>\n\t<meta name=\"twitter:data1\" content=\"Oficina Comunicaciones\" \/>\n\t<meta name=\"twitter:label2\" content=\"Tiempo de lectura\" \/>\n\t<meta name=\"twitter:data2\" content=\"1 minuto\" \/>\n<script type=\"application\/ld+json\" class=\"yoast-schema-graph\">{\"@context\":\"https:\/\/schema.org\",\"@graph\":[{\"@type\":\"WebSite\",\"@id\":\"https:\/\/corpoguajira.gov.co\/wp\/#website\",\"url\":\"https:\/\/corpoguajira.gov.co\/wp\/\",\"name\":\"Corporaci\u00f3n Aut\u00f3noma Regional de La Guajira\",\"description\":\"La Sostenibilidad Ambiental, un Compromiso de Todos\",\"potentialAction\":[{\"@type\":\"SearchAction\",\"target\":{\"@type\":\"EntryPoint\",\"urlTemplate\":\"https:\/\/corpoguajira.gov.co\/wp\/?s={search_term_string}\"},\"query-input\":\"required name=search_term_string\"}],\"inLanguage\":\"es\"},{\"@type\":\"ImageObject\",\"@id\":\"https:\/\/corpoguajira.gov.co\/wp\/corpoguajira-hace-frente-a-emergencia-provocada-por-incendios-forestales-en-la-sierra-nevada-de-santa-marta%e2%80%8b\/#primaryimage\",\"inLanguage\":\"es\",\"url\":\"https:\/\/www.corpoguajira.gov.co\/wp\/wp-content\/uploads\/2015\/07\/FOTO-NOTA-2-JULIO-9-DE-2015.jpg\",\"contentUrl\":\"https:\/\/www.corpoguajira.gov.co\/wp\/wp-content\/uploads\/2015\/07\/FOTO-NOTA-2-JULIO-9-DE-2015.jpg\",\"width\":894,\"height\":503},{\"@type\":\"WebPage\",\"@id\":\"https:\/\/corpoguajira.gov.co\/wp\/corpoguajira-hace-frente-a-emergencia-provocada-por-incendios-forestales-en-la-sierra-nevada-de-santa-marta%e2%80%8b\/#webpage\",\"url\":\"https:\/\/corpoguajira.gov.co\/wp\/corpoguajira-hace-frente-a-emergencia-provocada-por-incendios-forestales-en-la-sierra-nevada-de-santa-marta%e2%80%8b\/\",\"name\":\"Corpoguajira hace frente a emergencia provocada por incendios forestales en la Sierra Nevada de Santa Marta\u200b | Corpoguajira\",\"isPartOf\":{\"@id\":\"https:\/\/corpoguajira.gov.co\/wp\/#website\"},\"primaryImageOfPage\":{\"@id\":\"https:\/\/corpoguajira.gov.co\/wp\/corpoguajira-hace-frente-a-emergencia-provocada-por-incendios-forestales-en-la-sierra-nevada-de-santa-marta%e2%80%8b\/#primaryimage\"},\"datePublished\":\"2015-07-07T15:05:02+00:00\",\"dateModified\":\"2015-07-07T15:05:02+00:00\",\"author\":{\"@id\":\"https:\/\/corpoguajira.gov.co\/wp\/#\/schema\/person\/20b8ef7397c5a7f0b680331028e4ea90\"},\"breadcrumb\":{\"@id\":\"https:\/\/corpoguajira.gov.co\/wp\/corpoguajira-hace-frente-a-emergencia-provocada-por-incendios-forestales-en-la-sierra-nevada-de-santa-marta%e2%80%8b\/#breadcrumb\"},\"inLanguage\":\"es\",\"potentialAction\":[{\"@type\":\"ReadAction\",\"target\":[\"https:\/\/corpoguajira.gov.co\/wp\/corpoguajira-hace-frente-a-emergencia-provocada-por-incendios-forestales-en-la-sierra-nevada-de-santa-marta%e2%80%8b\/\"]}]},{\"@type\":\"BreadcrumbList\",\"@id\":\"https:\/\/corpoguajira.gov.co\/wp\/corpoguajira-hace-frente-a-emergencia-provocada-por-incendios-forestales-en-la-sierra-nevada-de-santa-marta%e2%80%8b\/#breadcrumb\",\"itemListElement\":[{\"@type\":\"ListItem\",\"position\":1,\"name\":\"Corpoguajira\",\"item\":\"https:\/\/corpoguajira.gov.co\/wp\/\"},{\"@type\":\"ListItem\",\"position\":2,\"name\":\"Noticias\",\"item\":\"https:\/\/corpoguajira.gov.co\/wp\/noticias\/\"},{\"@type\":\"ListItem\",\"position\":3,\"name\":\"Corpoguajira hace frente a emergencia provocada por incendios forestales en la Sierra Nevada de Santa Marta\u200b\"}]},{\"@type\":\"Person\",\"@id\":\"https:\/\/corpoguajira.gov.co\/wp\/#\/schema\/person\/20b8ef7397c5a7f0b680331028e4ea90\",\"name\":\"Oficina Comunicaciones\",\"image\":{\"@type\":\"ImageObject\",\"@id\":\"https:\/\/corpoguajira.gov.co\/wp\/#personlogo\",\"inLanguage\":\"es\",\"url\":\"https:\/\/secure.gravatar.com\/avatar\/ada8791cfeb6fb9bb1cf6a56a0a4199a?s=96&d=mm&r=g\",\"contentUrl\":\"https:\/\/secure.gravatar.com\/avatar\/ada8791cfeb6fb9bb1cf6a56a0a4199a?s=96&d=mm&r=g\",\"caption\":\"Oficina Comunicaciones\"},\"url\":\"https:\/\/corpoguajira.gov.co\/wp\/author\/publicaciones\/\"}]}<\/script>\n<!-- \/ Yoast SEO plugin. -->","yoast_head_json":{"title":"Corpoguajira hace frente a emergencia provocada por incendios forestales en la Sierra Nevada de Santa Marta\u200b | Corpoguajira","robots":{"index":"index","follow":"follow","max-snippet":"max-snippet:-1","max-image-preview":"max-image-preview:large","max-video-preview":"max-video-preview:-1"},"canonical":"https:\/\/corpoguajira.gov.co\/wp\/corpoguajira-hace-frente-a-emergencia-provocada-por-incendios-forestales-en-la-sierra-nevada-de-santa-marta\u200b\/","og_locale":"es_ES","og_type":"article","og_title":"Corpoguajira hace frente a emergencia provocada por incendios forestales en la Sierra Nevada de Santa Marta\u200b | Corpoguajira","og_description":"Funcionarios de la Corporaci\u00f3n Aut\u00f3noma Regional de La Guajira viajaron a la zona afectada por el incendio que afecta varios puntos de la Sierra Nevada de Santa Marta a la [&hellip;]","og_url":"https:\/\/corpoguajira.gov.co\/wp\/corpoguajira-hace-frente-a-emergencia-provocada-por-incendios-forestales-en-la-sierra-nevada-de-santa-marta\u200b\/","og_site_name":"Corporaci\u00f3n Aut\u00f3noma Regional de La Guajira","article_published_time":"2015-07-07T15:05:02+00:00","og_image":[{"width":894,"height":503,"url":"https:\/\/www.corpoguajira.gov.co\/wp\/wp-content\/uploads\/2015\/07\/FOTO-NOTA-2-JULIO-9-DE-2015.jpg","type":"image\/jpeg"}],"twitter_misc":{"Escrito por":"Oficina Comunicaciones","Tiempo de lectura":"1 minuto"},"schema":{"@context":"https:\/\/schema.org","@graph":[{"@type":"WebSite","@id":"https:\/\/corpoguajira.gov.co\/wp\/#website","url":"https:\/\/corpoguajira.gov.co\/wp\/","name":"Corporaci\u00f3n Aut\u00f3noma Regional de La Guajira","description":"La Sostenibilidad Ambiental, un Compromiso de Todos","potentialAction":[{"@type":"SearchAction","target":{"@type":"EntryPoint","urlTemplate":"https:\/\/corpoguajira.gov.co\/wp\/?s={search_term_string}"},"query-input":"required name=search_term_string"}],"inLanguage":"es"},{"@type":"ImageObject","@id":"https:\/\/corpoguajira.gov.co\/wp\/corpoguajira-hace-frente-a-emergencia-provocada-por-incendios-forestales-en-la-sierra-nevada-de-santa-marta%e2%80%8b\/#primaryimage","inLanguage":"es","url":"https:\/\/www.corpoguajira.gov.co\/wp\/wp-content\/uploads\/2015\/07\/FOTO-NOTA-2-JULIO-9-DE-2015.jpg","contentUrl":"https:\/\/www.corpoguajira.gov.co\/wp\/wp-content\/uploads\/2015\/07\/FOTO-NOTA-2-JULIO-9-DE-2015.jpg","width":894,"height":503},{"@type":"WebPage","@id":"https:\/\/corpoguajira.gov.co\/wp\/corpoguajira-hace-frente-a-emergencia-provocada-por-incendios-forestales-en-la-sierra-nevada-de-santa-marta%e2%80%8b\/#webpage","url":"https:\/\/corpoguajira.gov.co\/wp\/corpoguajira-hace-frente-a-emergencia-provocada-por-incendios-forestales-en-la-sierra-nevada-de-santa-marta%e2%80%8b\/","name":"Corpoguajira hace frente a emergencia provocada por incendios forestales en la Sierra Nevada de Santa Marta\u200b | Corpoguajira","isPartOf":{"@id":"https:\/\/corpoguajira.gov.co\/wp\/#website"},"primaryImageOfPage":{"@id":"https:\/\/corpoguajira.gov.co\/wp\/corpoguajira-hace-frente-a-emergencia-provocada-por-incendios-forestales-en-la-sierra-nevada-de-santa-marta%e2%80%8b\/#primaryimage"},"datePublished":"2015-07-07T15:05:02+00:00","dateModified":"2015-07-07T15:05:02+00:00","author":{"@id":"https:\/\/corpoguajira.gov.co\/wp\/#\/schema\/person\/20b8ef7397c5a7f0b680331028e4ea90"},"breadcrumb":{"@id":"https:\/\/corpoguajira.gov.co\/wp\/corpoguajira-hace-frente-a-emergencia-provocada-por-incendios-forestales-en-la-sierra-nevada-de-santa-marta%e2%80%8b\/#breadcrumb"},"inLanguage":"es","potentialAction":[{"@type":"ReadAction","target":["https:\/\/corpoguajira.gov.co\/wp\/corpoguajira-hace-frente-a-emergencia-provocada-por-incendios-forestales-en-la-sierra-nevada-de-santa-marta%e2%80%8b\/"]}]},{"@type":"BreadcrumbList","@id":"https:\/\/corpoguajira.gov.co\/wp\/corpoguajira-hace-frente-a-emergencia-provocada-por-incendios-forestales-en-la-sierra-nevada-de-santa-marta%e2%80%8b\/#breadcrumb","itemListElement":[{"@type":"ListItem","position":1,"name":"Corpoguajira","item":"https:\/\/corpoguajira.gov.co\/wp\/"},{"@type":"ListItem","position":2,"name":"Noticias","item":"https:\/\/corpoguajira.gov.co\/wp\/noticias\/"},{"@type":"ListItem","position":3,"name":"Corpoguajira hace frente a emergencia provocada por incendios forestales en la Sierra Nevada de Santa Marta\u200b"}]},{"@type":"Person","@id":"https:\/\/corpoguajira.gov.co\/wp\/#\/schema\/person\/20b8ef7397c5a7f0b680331028e4ea90","name":"Oficina Comunicaciones","image":{"@type":"ImageObject","@id":"https:\/\/corpoguajira.gov.co\/wp\/#personlogo","inLanguage":"es","url":"https:\/\/secure.gravatar.com\/avatar\/ada8791cfeb6fb9bb1cf6a56a0a4199a?s=96&d=mm&r=g","contentUrl":"https:\/\/secure.gravatar.com\/avatar\/ada8791cfeb6fb9bb1cf6a56a0a4199a?s=96&d=mm&r=g","caption":"Oficina Comunicaciones"},"url":"https:\/\/corpoguajira.gov.co\/wp\/author\/publicaciones\/"}]}},"_links":{"self":[{"href":"https:\/\/corpoguajira.gov.co\/wp\/wp-json\/wp\/v2\/posts\/4848"}],"collection":[{"href":"https:\/\/corpoguajira.gov.co\/wp\/wp-json\/wp\/v2\/posts"}],"about":[{"href":"https:\/\/corpoguajira.gov.co\/wp\/wp-json\/wp\/v2\/types\/post"}],"author":[{"embeddable":true,"href":"https:\/\/corpoguajira.gov.co\/wp\/wp-json\/wp\/v2\/users\/4"}],"replies":[{"embeddable":true,"href":"https:\/\/corpoguajira.gov.co\/wp\/wp-json\/wp\/v2\/comments?post=4848"}],"version-history":[{"count":1,"href":"https:\/\/corpoguajira.gov.co\/wp\/wp-json\/wp\/v2\/posts\/4848\/revisions"}],"predecessor-version":[{"id":4850,"href":"https:\/\/corpoguajira.gov.co\/wp\/wp-json\/wp\/v2\/posts\/4848\/revisions\/4850"}],"wp:featuredmedia":[{"embeddable":true,"href":"https:\/\/corpoguajira.gov.co\/wp\/wp-json\/wp\/v2\/media\/4849"}],"wp:attachment":[{"href":"https:\/\/corpoguajira.gov.co\/wp\/wp-json\/wp\/v2\/media?parent=4848"}],"wp:term":[{"taxonomy":"category","embeddable":true,"href":"https:\/\/corpoguajira.gov.co\/wp\/wp-json\/wp\/v2\/categories?post=4848"},{"taxonomy":"post_tag","embeddable":true,"href":"https:\/\/corpoguajira.gov.co\/wp\/wp-json\/wp\/v2\/tags?post=4848"}],"curies":[{"name":"wp","href":"https:\/\/api.w.org\/{rel}","templated":true}]}}