{"id":486,"date":"2012-07-13T13:51:39","date_gmt":"2012-07-13T13:51:39","guid":{"rendered":"http:\/\/localhost\/corpoguajira\/?p=486"},"modified":"2012-07-13T13:51:39","modified_gmt":"2012-07-13T13:51:39","slug":"achinthukua-pueblo-wiwa-que-fortalece-cordon-ambiental-de-la-sierra-nevada-de-santa-marta","status":"publish","type":"post","link":"https:\/\/corpoguajira.gov.co\/wp\/achinthukua-pueblo-wiwa-que-fortalece-cordon-ambiental-de-la-sierra-nevada-de-santa-marta\/","title":{"rendered":"Achinthukua, pueblo Wiwa que fortalece cord\u00f3n ambiental de la Sierra Nevada de Santa Marta"},"content":{"rendered":"<p style=\"text-align: center;\">&nbsp;<em>Con una inversi\u00f3n de $2.905 millones, Corpoguajira apoy\u00f3 la ejecuci\u00f3n de este importante proyecto&nbsp;<\/em><br \/><em>Corpoguajira firm\u00f3 Acuerdo de Voluntades con el Gobierno Nacional, para apoyar el programa Familias Guardabosques Coraz\u00f3n del Mundo, por valor de $500 millones&nbsp;<\/em><\/p>\n<p style=\"text-align: center;\"><img loading=\"lazy\" class=\" size-full wp-image-482\" src=\"http:\/\/localhost\/corpoguajira\/wp-content\/uploads\/2012\/07\/ACHINTUKUA 1.JPG\" alt=\"alt\" width=\"400\" height=\"266\" width=\"640\" height=\"426\" \/><\/p>\n<p style=\"text-align: center;\"><em><span style=\"font-size: 10px;\">Vista general del pueblo Wiwa Achinthukua.<\/span><\/em><\/p>\n<p style=\"text-align: justify;\">Con la entrega de Achinthukua, el noveno pueblo ind\u00edgena construido en la Sierra Nevada de Santa Marta, se fortalece la conformaci\u00f3n de un gran cintur\u00f3n de protecci\u00f3n y conservaci\u00f3n ambiental y tradicional, que tiene como prop\u00f3sito perpetuar la riqueza humana, cultural y ecol\u00f3gica de las comunidades Kogui, Wiwa, Kankuamos y Arhuacos.<\/p>\n<p style=\"text-align: justify;\">Durante el acto, Corpoguajira firmo un Acuerdo de Voluntades con el Gobierno Nacional, para apoyar el Programa Guardabosques Coraz\u00f3n del Mundo, por valor de $500 millones.<\/p>\n<p style=\"text-align: justify;\">Achinthukua est\u00e1 ubicado en el corregimiento de El Totumo, (San Juan del Cesar), &nbsp;tiene 33 viviendas tradicionales, tres casas ceremoniales y espacios comunales de impacto para la poblaci\u00f3n, como el colegio para bachillerato, el centro de recuperaci\u00f3n nutricional, el internado y el centro de salud.<\/p>\n<p style=\"text-align: justify;\">Corpoguajira, a trav\u00e9s de la Subdirecci\u00f3n de Gesti\u00f3n Ambiental, apoy\u00f3 este proyecto a trav\u00e9s de la compra de 15 predios por valor de $2.000 millones, &nbsp;localizados en las cuencas de los r\u00edos Barcino, San Francisco y Cesar. &nbsp;El \u00e1rea adquirida comprende un total de 1.724 hect\u00e1reas.<\/p>\n<p>&nbsp;<\/p>\n<p> <!--more--> <\/p>\n<p>&nbsp;<\/p>\n<p style=\"text-align: justify;\">Adicionalmente la m\u00e1xima autoridad ambiental, suscribi\u00f3 un convenio con la Organizaci\u00f3n Ind\u00edgena Wiwa, por medio del cual aport\u00f3 $105 millones, con el prop\u00f3sito de adelantar trabajos para recuperar \u00e1reas afectadas por la desertificaci\u00f3n y degradaci\u00f3n de los ecosistemas estrat\u00e9gicos, mediante el desarrollo de proyectos productivos, para el mejoramiento de los suelos en Achinthukua. &nbsp;En este sentido avanzan con \u00e9xito labores de establecimiento de sistemas agroforestales con fique, \u00e1rboles frutales y plantas medicinales; &nbsp;huertas caseras participativas, &nbsp;bajo el concepto de seguridad alimentaria; &nbsp;plantaciones y aislamiento con especies nativas productoras y protectoras.<\/p>\n<p style=\"text-align: center;\"><img loading=\"lazy\" class=\" size-full wp-image-483\" src=\"http:\/\/localhost\/corpoguajira\/wp-content\/uploads\/2012\/07\/ACHINTUKUA 2.JPG\" alt=\"alt\" width=\"400\" height=\"319\" width=\"601\" height=\"480\" \/><\/p>\n<p style=\"text-align: center;\"><span style=\"font-size: 10px;\"><em>El Presidente de la Rep\u00fablica, Juan Manuel Santos y el Director General de Corpoguajira, Luis Manuel Medina Toro; durante el acto de entrega de Achinthukua.<\/em><\/span><\/p>\n<p style=\"text-align: justify;\">Conjuntamente con la Agencia Presidencial Acci\u00f3n Social, se ejecutaron obras de dise\u00f1o e implementaci\u00f3n de soluciones integrales de abastecimiento, tratamiento de agua y saneamiento b\u00e1sico en esta zona. El aporte de la Corporaci\u00f3n fue de $800 millones.<\/p>\n<p style=\"text-align: justify;\">El pueblo, &nbsp;fue construido por el Departamento para la Prosperidad Social- DPS- con el apoyo de Corpoguajira, la Gobernaci\u00f3n de La Guajira, el municipio de San Juan del Cesar, el ICBF y la propia organizaci\u00f3n ind\u00edgena.<\/p>\n<p style=\"text-align: center;\"><img loading=\"lazy\" class=\" size-full wp-image-484\" src=\"http:\/\/localhost\/corpoguajira\/wp-content\/uploads\/2012\/07\/ACHINTHUKUA 4.JPG\" alt=\"alt\" width=\"400\" height=\"266\" width=\"720\" height=\"478\" \/><\/p>\n<p style=\"text-align: center;\"><em><span style=\"font-size: 10px;\">Vista general del centro de salud, recuperaci\u00f3n nutricional y colegio<\/span><\/em><\/p>\n<p style=\"text-align: justify;\">El acto de entrega cont\u00f3 con la asistencia del Presidente de la Rep\u00fablica, Juan Manuel Santos; el Director General de Corpoguajira, Luis Manuel Medina Toro; los gobernadores de los cabildos Koguis, Wiwas, Kamkuamos y Arhuacos; el director de Prosperidad Social, Bruce Mac Master; entre otros representantes de las entidades vinculadas con este exitoso proyecto.<\/p>\n<p style=\"text-align: center;\"><img loading=\"lazy\" class=\" size-full wp-image-485\" src=\"http:\/\/localhost\/corpoguajira\/wp-content\/uploads\/2012\/07\/ACHINTUKUA 3.JPG\" alt=\"alt\" width=\"400\" height=\"266\" width=\"640\" height=\"426\" \/><\/p>\n<p style=\"text-align: center;\"><span style=\"font-size: 10px;\"><em>Los ni\u00f1os de esta comunidad ind\u00edgena, se mostraron plenamente felices con su nuevo pueblo y centro educativo.<\/em><\/span><\/p>\n<p><img alt=\"alt\" \/><\/p>\n<p style=\"text-align: justify;\">Esta gran iniciativa tambi\u00e9n est\u00e1 orientada a prevenir el desplazamiento forzado, proteger la monta\u00f1a costera m\u00e1s alta de mundo, considerada una f\u00e1brica de agua por excelencia; &nbsp; promover la declaraci\u00f3n de la Sierra Nevada como santuario de paz y pactar relaciones entre la cultura occidental y la tradicional para impulsar una estrategia de consolidaci\u00f3n territorial, &nbsp;a trav\u00e9s de la ampliaci\u00f3n y saneamiento del resguardo y el acceso y manejo de los sitios sagrados.<\/p>\n<p>&nbsp;<\/p>\n","protected":false},"excerpt":{"rendered":"<p>&nbsp;Con una inversi\u00f3n de $2.905 millones, Corpoguajira apoy\u00f3 la ejecuci\u00f3n de este importante proyecto&nbsp;Corpoguajira firm\u00f3 Acuerdo de Voluntades con el Gobierno Nacional, para apoyar el programa Familias Guardabosques Coraz\u00f3n del [&hellip;]<\/p>\n","protected":false},"author":2,"featured_media":482,"comment_status":"open","ping_status":"open","sticky":false,"template":"","format":"standard","meta":[],"categories":[384],"tags":[],"yoast_head":"<!-- This site is optimized with the Yoast SEO plugin v18.5.1 - https:\/\/yoast.com\/wordpress\/plugins\/seo\/ -->\n<title>Achinthukua, pueblo Wiwa que fortalece cord\u00f3n ambiental de la Sierra Nevada de Santa Marta | Corpoguajira<\/title>\n<meta name=\"robots\" content=\"index, follow, max-snippet:-1, max-image-preview:large, max-video-preview:-1\" \/>\n<link rel=\"canonical\" href=\"https:\/\/corpoguajira.gov.co\/wp\/achinthukua-pueblo-wiwa-que-fortalece-cordon-ambiental-de-la-sierra-nevada-de-santa-marta\/\" \/>\n<meta property=\"og:locale\" content=\"es_ES\" \/>\n<meta property=\"og:type\" content=\"article\" \/>\n<meta property=\"og:title\" content=\"Achinthukua, pueblo Wiwa que fortalece cord\u00f3n ambiental de la Sierra Nevada de Santa Marta | Corpoguajira\" \/>\n<meta property=\"og:description\" content=\"&nbsp;Con una inversi\u00f3n de $2.905 millones, Corpoguajira apoy\u00f3 la ejecuci\u00f3n de este importante proyecto&nbsp;Corpoguajira firm\u00f3 Acuerdo de Voluntades con el Gobierno Nacional, para apoyar el programa Familias Guardabosques Coraz\u00f3n del [&hellip;]\" \/>\n<meta property=\"og:url\" content=\"https:\/\/corpoguajira.gov.co\/wp\/achinthukua-pueblo-wiwa-que-fortalece-cordon-ambiental-de-la-sierra-nevada-de-santa-marta\/\" \/>\n<meta property=\"og:site_name\" content=\"Corporaci\u00f3n Aut\u00f3noma Regional de La Guajira\" \/>\n<meta property=\"article:published_time\" content=\"2012-07-13T13:51:39+00:00\" \/>\n<meta name=\"twitter:label1\" content=\"Escrito por\" \/>\n\t<meta name=\"twitter:data1\" content=\"Administrador Web\" \/>\n\t<meta name=\"twitter:label2\" content=\"Tiempo de lectura\" \/>\n\t<meta name=\"twitter:data2\" content=\"3 minutos\" \/>\n<script type=\"application\/ld+json\" class=\"yoast-schema-graph\">{\"@context\":\"https:\/\/schema.org\",\"@graph\":[{\"@type\":\"WebSite\",\"@id\":\"https:\/\/corpoguajira.gov.co\/wp\/#website\",\"url\":\"https:\/\/corpoguajira.gov.co\/wp\/\",\"name\":\"Corporaci\u00f3n Aut\u00f3noma Regional de La Guajira\",\"description\":\"La Sostenibilidad Ambiental, un Compromiso de Todos\",\"potentialAction\":[{\"@type\":\"SearchAction\",\"target\":{\"@type\":\"EntryPoint\",\"urlTemplate\":\"https:\/\/corpoguajira.gov.co\/wp\/?s={search_term_string}\"},\"query-input\":\"required name=search_term_string\"}],\"inLanguage\":\"es\"},{\"@type\":\"ImageObject\",\"@id\":\"https:\/\/corpoguajira.gov.co\/wp\/achinthukua-pueblo-wiwa-que-fortalece-cordon-ambiental-de-la-sierra-nevada-de-santa-marta\/#primaryimage\",\"inLanguage\":\"es\",\"url\":\"\",\"contentUrl\":\"\"},{\"@type\":\"WebPage\",\"@id\":\"https:\/\/corpoguajira.gov.co\/wp\/achinthukua-pueblo-wiwa-que-fortalece-cordon-ambiental-de-la-sierra-nevada-de-santa-marta\/#webpage\",\"url\":\"https:\/\/corpoguajira.gov.co\/wp\/achinthukua-pueblo-wiwa-que-fortalece-cordon-ambiental-de-la-sierra-nevada-de-santa-marta\/\",\"name\":\"Achinthukua, pueblo Wiwa que fortalece cord\u00f3n ambiental de la Sierra Nevada de Santa Marta | Corpoguajira\",\"isPartOf\":{\"@id\":\"https:\/\/corpoguajira.gov.co\/wp\/#website\"},\"primaryImageOfPage\":{\"@id\":\"https:\/\/corpoguajira.gov.co\/wp\/achinthukua-pueblo-wiwa-que-fortalece-cordon-ambiental-de-la-sierra-nevada-de-santa-marta\/#primaryimage\"},\"datePublished\":\"2012-07-13T13:51:39+00:00\",\"dateModified\":\"2012-07-13T13:51:39+00:00\",\"author\":{\"@id\":\"https:\/\/corpoguajira.gov.co\/wp\/#\/schema\/person\/0b6ea52ef43991ee31b9f82375aa2105\"},\"breadcrumb\":{\"@id\":\"https:\/\/corpoguajira.gov.co\/wp\/achinthukua-pueblo-wiwa-que-fortalece-cordon-ambiental-de-la-sierra-nevada-de-santa-marta\/#breadcrumb\"},\"inLanguage\":\"es\",\"potentialAction\":[{\"@type\":\"ReadAction\",\"target\":[\"https:\/\/corpoguajira.gov.co\/wp\/achinthukua-pueblo-wiwa-que-fortalece-cordon-ambiental-de-la-sierra-nevada-de-santa-marta\/\"]}]},{\"@type\":\"BreadcrumbList\",\"@id\":\"https:\/\/corpoguajira.gov.co\/wp\/achinthukua-pueblo-wiwa-que-fortalece-cordon-ambiental-de-la-sierra-nevada-de-santa-marta\/#breadcrumb\",\"itemListElement\":[{\"@type\":\"ListItem\",\"position\":1,\"name\":\"Corpoguajira\",\"item\":\"https:\/\/corpoguajira.gov.co\/wp\/\"},{\"@type\":\"ListItem\",\"position\":2,\"name\":\"Noticias\",\"item\":\"https:\/\/corpoguajira.gov.co\/wp\/noticias\/\"},{\"@type\":\"ListItem\",\"position\":3,\"name\":\"Achinthukua, pueblo Wiwa que fortalece cord\u00f3n ambiental de la Sierra Nevada de Santa Marta\"}]},{\"@type\":\"Person\",\"@id\":\"https:\/\/corpoguajira.gov.co\/wp\/#\/schema\/person\/0b6ea52ef43991ee31b9f82375aa2105\",\"name\":\"Administrador Web\",\"image\":{\"@type\":\"ImageObject\",\"@id\":\"https:\/\/corpoguajira.gov.co\/wp\/#personlogo\",\"inLanguage\":\"es\",\"url\":\"https:\/\/secure.gravatar.com\/avatar\/d54ee19bd233172ef0db2ba7739289b8?s=96&d=mm&r=g\",\"contentUrl\":\"https:\/\/secure.gravatar.com\/avatar\/d54ee19bd233172ef0db2ba7739289b8?s=96&d=mm&r=g\",\"caption\":\"Administrador Web\"},\"description\":\"Administrador Web de Corpoguajira.\",\"url\":\"https:\/\/corpoguajira.gov.co\/wp\/author\/webmaster\/\"}]}<\/script>\n<!-- \/ Yoast SEO plugin. -->","yoast_head_json":{"title":"Achinthukua, pueblo Wiwa que fortalece cord\u00f3n ambiental de la Sierra Nevada de Santa Marta | Corpoguajira","robots":{"index":"index","follow":"follow","max-snippet":"max-snippet:-1","max-image-preview":"max-image-preview:large","max-video-preview":"max-video-preview:-1"},"canonical":"https:\/\/corpoguajira.gov.co\/wp\/achinthukua-pueblo-wiwa-que-fortalece-cordon-ambiental-de-la-sierra-nevada-de-santa-marta\/","og_locale":"es_ES","og_type":"article","og_title":"Achinthukua, pueblo Wiwa que fortalece cord\u00f3n ambiental de la Sierra Nevada de Santa Marta | Corpoguajira","og_description":"&nbsp;Con una inversi\u00f3n de $2.905 millones, Corpoguajira apoy\u00f3 la ejecuci\u00f3n de este importante proyecto&nbsp;Corpoguajira firm\u00f3 Acuerdo de Voluntades con el Gobierno Nacional, para apoyar el programa Familias Guardabosques Coraz\u00f3n del [&hellip;]","og_url":"https:\/\/corpoguajira.gov.co\/wp\/achinthukua-pueblo-wiwa-que-fortalece-cordon-ambiental-de-la-sierra-nevada-de-santa-marta\/","og_site_name":"Corporaci\u00f3n Aut\u00f3noma Regional de La Guajira","article_published_time":"2012-07-13T13:51:39+00:00","twitter_misc":{"Escrito por":"Administrador Web","Tiempo de lectura":"3 minutos"},"schema":{"@context":"https:\/\/schema.org","@graph":[{"@type":"WebSite","@id":"https:\/\/corpoguajira.gov.co\/wp\/#website","url":"https:\/\/corpoguajira.gov.co\/wp\/","name":"Corporaci\u00f3n Aut\u00f3noma Regional de La Guajira","description":"La Sostenibilidad Ambiental, un Compromiso de Todos","potentialAction":[{"@type":"SearchAction","target":{"@type":"EntryPoint","urlTemplate":"https:\/\/corpoguajira.gov.co\/wp\/?s={search_term_string}"},"query-input":"required name=search_term_string"}],"inLanguage":"es"},{"@type":"ImageObject","@id":"https:\/\/corpoguajira.gov.co\/wp\/achinthukua-pueblo-wiwa-que-fortalece-cordon-ambiental-de-la-sierra-nevada-de-santa-marta\/#primaryimage","inLanguage":"es","url":"","contentUrl":""},{"@type":"WebPage","@id":"https:\/\/corpoguajira.gov.co\/wp\/achinthukua-pueblo-wiwa-que-fortalece-cordon-ambiental-de-la-sierra-nevada-de-santa-marta\/#webpage","url":"https:\/\/corpoguajira.gov.co\/wp\/achinthukua-pueblo-wiwa-que-fortalece-cordon-ambiental-de-la-sierra-nevada-de-santa-marta\/","name":"Achinthukua, pueblo Wiwa que fortalece cord\u00f3n ambiental de la Sierra Nevada de Santa Marta | Corpoguajira","isPartOf":{"@id":"https:\/\/corpoguajira.gov.co\/wp\/#website"},"primaryImageOfPage":{"@id":"https:\/\/corpoguajira.gov.co\/wp\/achinthukua-pueblo-wiwa-que-fortalece-cordon-ambiental-de-la-sierra-nevada-de-santa-marta\/#primaryimage"},"datePublished":"2012-07-13T13:51:39+00:00","dateModified":"2012-07-13T13:51:39+00:00","author":{"@id":"https:\/\/corpoguajira.gov.co\/wp\/#\/schema\/person\/0b6ea52ef43991ee31b9f82375aa2105"},"breadcrumb":{"@id":"https:\/\/corpoguajira.gov.co\/wp\/achinthukua-pueblo-wiwa-que-fortalece-cordon-ambiental-de-la-sierra-nevada-de-santa-marta\/#breadcrumb"},"inLanguage":"es","potentialAction":[{"@type":"ReadAction","target":["https:\/\/corpoguajira.gov.co\/wp\/achinthukua-pueblo-wiwa-que-fortalece-cordon-ambiental-de-la-sierra-nevada-de-santa-marta\/"]}]},{"@type":"BreadcrumbList","@id":"https:\/\/corpoguajira.gov.co\/wp\/achinthukua-pueblo-wiwa-que-fortalece-cordon-ambiental-de-la-sierra-nevada-de-santa-marta\/#breadcrumb","itemListElement":[{"@type":"ListItem","position":1,"name":"Corpoguajira","item":"https:\/\/corpoguajira.gov.co\/wp\/"},{"@type":"ListItem","position":2,"name":"Noticias","item":"https:\/\/corpoguajira.gov.co\/wp\/noticias\/"},{"@type":"ListItem","position":3,"name":"Achinthukua, pueblo Wiwa que fortalece cord\u00f3n ambiental de la Sierra Nevada de Santa Marta"}]},{"@type":"Person","@id":"https:\/\/corpoguajira.gov.co\/wp\/#\/schema\/person\/0b6ea52ef43991ee31b9f82375aa2105","name":"Administrador Web","image":{"@type":"ImageObject","@id":"https:\/\/corpoguajira.gov.co\/wp\/#personlogo","inLanguage":"es","url":"https:\/\/secure.gravatar.com\/avatar\/d54ee19bd233172ef0db2ba7739289b8?s=96&d=mm&r=g","contentUrl":"https:\/\/secure.gravatar.com\/avatar\/d54ee19bd233172ef0db2ba7739289b8?s=96&d=mm&r=g","caption":"Administrador Web"},"description":"Administrador Web de Corpoguajira.","url":"https:\/\/corpoguajira.gov.co\/wp\/author\/webmaster\/"}]}},"_links":{"self":[{"href":"https:\/\/corpoguajira.gov.co\/wp\/wp-json\/wp\/v2\/posts\/486"}],"collection":[{"href":"https:\/\/corpoguajira.gov.co\/wp\/wp-json\/wp\/v2\/posts"}],"about":[{"href":"https:\/\/corpoguajira.gov.co\/wp\/wp-json\/wp\/v2\/types\/post"}],"author":[{"embeddable":true,"href":"https:\/\/corpoguajira.gov.co\/wp\/wp-json\/wp\/v2\/users\/2"}],"replies":[{"embeddable":true,"href":"https:\/\/corpoguajira.gov.co\/wp\/wp-json\/wp\/v2\/comments?post=486"}],"version-history":[{"count":0,"href":"https:\/\/corpoguajira.gov.co\/wp\/wp-json\/wp\/v2\/posts\/486\/revisions"}],"wp:featuredmedia":[{"embeddable":true,"href":"https:\/\/corpoguajira.gov.co\/wp\/wp-json\/wp\/v2\/media\/482"}],"wp:attachment":[{"href":"https:\/\/corpoguajira.gov.co\/wp\/wp-json\/wp\/v2\/media?parent=486"}],"wp:term":[{"taxonomy":"category","embeddable":true,"href":"https:\/\/corpoguajira.gov.co\/wp\/wp-json\/wp\/v2\/categories?post=486"},{"taxonomy":"post_tag","embeddable":true,"href":"https:\/\/corpoguajira.gov.co\/wp\/wp-json\/wp\/v2\/tags?post=486"}],"curies":[{"name":"wp","href":"https:\/\/api.w.org\/{rel}","templated":true}]}}