{"id":487,"date":"2012-07-17T18:41:36","date_gmt":"2012-07-17T18:41:36","guid":{"rendered":"http:\/\/localhost\/corpoguajira\/?p=487"},"modified":"2012-07-17T18:41:36","modified_gmt":"2012-07-17T18:41:36","slug":"periodistas-de-la-guajira-participaron-en-dialogo-ambiental-con-director-de-corpoguajira","status":"publish","type":"post","link":"https:\/\/corpoguajira.gov.co\/wp\/periodistas-de-la-guajira-participaron-en-dialogo-ambiental-con-director-de-corpoguajira\/","title":{"rendered":"Periodistas de La Guajira, participaron en di\u00e1logo ambiental con Director de Corpoguajira"},"content":{"rendered":"<p style=\"text-align: center;\"> \t<img loading=\"lazy\" alt=\"alt\" height=\"300\" src=\"http:\/\/corpoguajira.gov.co\/web\/images\/P1010642(1).JPG\" width=\"400\" \/><\/p>\n<p style=\"text-align: justify;\"> \tCon la asistencia de representantes de varios medios de comunicaci\u00f3n del departamento, se realiz\u00f3 en Corpoguajira el primer &ldquo;Di\u00e1logo Ambiental con la Prensa&rdquo;, actividad presidida por\u00a0 el Director General de la Corporaci\u00f3n, Luis Manuel Medina Toro.<\/p>\n<p> \tDurante el evento, los comunicadores tuvieron la oportunidad de expresar sus opiniones\u00a0 acerca de diferentes temas ambientales, las cuales fueron atendidas por funcionarios de la entidad.<\/p>\n<p> <!--more--> <\/p>\n<p> \t\u00a0<\/p>\n<p> \t\u00a0<\/p>\n<p style=\"text-align: justify;\"> \tEl evento, tambi\u00e9n se convirti\u00f3 en un espacio para intercambiar experiencias con los medios de comunicaci\u00f3n, sobre los trabajos que adelanta la m\u00e1xima autoridad ambiental, para dar cumplimiento a su misi\u00f3n institucional y el inter\u00e9s de la nueva administraci\u00f3n en consolidar una gesti\u00f3n articulada, participativa y compartida, que permita hacer de la pen\u00ednsula una regi\u00f3n m\u00e1s sustentable y biodiversa.<\/p>\n<p> \tEn este primer &ldquo;Di\u00e1logo Ambiental con la Prensa&rdquo;,\u00a0 tambi\u00e9n se socializ\u00f3 con los medios, la acreditaci\u00f3n de la norma NTC-ISO\/IEC 17025 -Requisitos Generales de Competencia de Laboratorios de Ensayo y Calibraci\u00f3n-, versi\u00f3n 2005, que otorg\u00f3 el Instituto de Hidrolog\u00eda, Meteorolog\u00eda y Estudios Ambientales\u00a0 &#8211; IDEAM, al Laboratorio Ambiental de Corpoguajira.<\/p>\n<p> \t\u00a0<\/p>\n","protected":false},"excerpt":{"rendered":"<p>Con la asistencia de representantes de varios medios de comunicaci\u00f3n del departamento, se realiz\u00f3 en Corpoguajira el primer &ldquo;Di\u00e1logo Ambiental con la Prensa&rdquo;, actividad presidida por\u00a0 el Director General de [&hellip;]<\/p>\n","protected":false},"author":2,"featured_media":0,"comment_status":"open","ping_status":"open","sticky":false,"template":"","format":"standard","meta":[],"categories":[384],"tags":[],"yoast_head":"<!-- This site is optimized with the Yoast SEO plugin v18.5.1 - https:\/\/yoast.com\/wordpress\/plugins\/seo\/ -->\n<title>Periodistas de La Guajira, participaron en di\u00e1logo ambiental con Director de Corpoguajira | Corpoguajira<\/title>\n<meta name=\"robots\" content=\"index, follow, max-snippet:-1, max-image-preview:large, max-video-preview:-1\" \/>\n<link rel=\"canonical\" href=\"https:\/\/corpoguajira.gov.co\/wp\/periodistas-de-la-guajira-participaron-en-dialogo-ambiental-con-director-de-corpoguajira\/\" \/>\n<meta property=\"og:locale\" content=\"es_ES\" \/>\n<meta property=\"og:type\" content=\"article\" \/>\n<meta property=\"og:title\" content=\"Periodistas de La Guajira, participaron en di\u00e1logo ambiental con Director de Corpoguajira | Corpoguajira\" \/>\n<meta property=\"og:description\" content=\"Con la asistencia de representantes de varios medios de comunicaci\u00f3n del departamento, se realiz\u00f3 en Corpoguajira el primer &ldquo;Di\u00e1logo Ambiental con la Prensa&rdquo;, actividad presidida por\u00a0 el Director General de [&hellip;]\" \/>\n<meta property=\"og:url\" content=\"https:\/\/corpoguajira.gov.co\/wp\/periodistas-de-la-guajira-participaron-en-dialogo-ambiental-con-director-de-corpoguajira\/\" \/>\n<meta property=\"og:site_name\" content=\"Corporaci\u00f3n Aut\u00f3noma Regional de La Guajira\" \/>\n<meta property=\"article:published_time\" content=\"2012-07-17T18:41:36+00:00\" \/>\n<meta property=\"og:image\" content=\"http:\/\/corpoguajira.gov.co\/web\/images\/P1010642(1).JPG\" \/>\n<meta name=\"twitter:label1\" content=\"Escrito por\" \/>\n\t<meta name=\"twitter:data1\" content=\"Administrador Web\" \/>\n\t<meta name=\"twitter:label2\" content=\"Tiempo de lectura\" \/>\n\t<meta name=\"twitter:data2\" content=\"1 minuto\" \/>\n<script type=\"application\/ld+json\" class=\"yoast-schema-graph\">{\"@context\":\"https:\/\/schema.org\",\"@graph\":[{\"@type\":\"WebSite\",\"@id\":\"https:\/\/corpoguajira.gov.co\/wp\/#website\",\"url\":\"https:\/\/corpoguajira.gov.co\/wp\/\",\"name\":\"Corporaci\u00f3n Aut\u00f3noma Regional de La Guajira\",\"description\":\"La Sostenibilidad Ambiental, un Compromiso de Todos\",\"potentialAction\":[{\"@type\":\"SearchAction\",\"target\":{\"@type\":\"EntryPoint\",\"urlTemplate\":\"https:\/\/corpoguajira.gov.co\/wp\/?s={search_term_string}\"},\"query-input\":\"required name=search_term_string\"}],\"inLanguage\":\"es\"},{\"@type\":\"ImageObject\",\"@id\":\"https:\/\/corpoguajira.gov.co\/wp\/periodistas-de-la-guajira-participaron-en-dialogo-ambiental-con-director-de-corpoguajira\/#primaryimage\",\"inLanguage\":\"es\",\"url\":\"http:\/\/corpoguajira.gov.co\/web\/images\/P1010642(1).JPG\",\"contentUrl\":\"http:\/\/corpoguajira.gov.co\/web\/images\/P1010642(1).JPG\"},{\"@type\":\"WebPage\",\"@id\":\"https:\/\/corpoguajira.gov.co\/wp\/periodistas-de-la-guajira-participaron-en-dialogo-ambiental-con-director-de-corpoguajira\/#webpage\",\"url\":\"https:\/\/corpoguajira.gov.co\/wp\/periodistas-de-la-guajira-participaron-en-dialogo-ambiental-con-director-de-corpoguajira\/\",\"name\":\"Periodistas de La Guajira, participaron en di\u00e1logo ambiental con Director de Corpoguajira | Corpoguajira\",\"isPartOf\":{\"@id\":\"https:\/\/corpoguajira.gov.co\/wp\/#website\"},\"primaryImageOfPage\":{\"@id\":\"https:\/\/corpoguajira.gov.co\/wp\/periodistas-de-la-guajira-participaron-en-dialogo-ambiental-con-director-de-corpoguajira\/#primaryimage\"},\"datePublished\":\"2012-07-17T18:41:36+00:00\",\"dateModified\":\"2012-07-17T18:41:36+00:00\",\"author\":{\"@id\":\"https:\/\/corpoguajira.gov.co\/wp\/#\/schema\/person\/0b6ea52ef43991ee31b9f82375aa2105\"},\"breadcrumb\":{\"@id\":\"https:\/\/corpoguajira.gov.co\/wp\/periodistas-de-la-guajira-participaron-en-dialogo-ambiental-con-director-de-corpoguajira\/#breadcrumb\"},\"inLanguage\":\"es\",\"potentialAction\":[{\"@type\":\"ReadAction\",\"target\":[\"https:\/\/corpoguajira.gov.co\/wp\/periodistas-de-la-guajira-participaron-en-dialogo-ambiental-con-director-de-corpoguajira\/\"]}]},{\"@type\":\"BreadcrumbList\",\"@id\":\"https:\/\/corpoguajira.gov.co\/wp\/periodistas-de-la-guajira-participaron-en-dialogo-ambiental-con-director-de-corpoguajira\/#breadcrumb\",\"itemListElement\":[{\"@type\":\"ListItem\",\"position\":1,\"name\":\"Corpoguajira\",\"item\":\"https:\/\/corpoguajira.gov.co\/wp\/\"},{\"@type\":\"ListItem\",\"position\":2,\"name\":\"Noticias\",\"item\":\"https:\/\/corpoguajira.gov.co\/wp\/noticias\/\"},{\"@type\":\"ListItem\",\"position\":3,\"name\":\"Periodistas de La Guajira, participaron en di\u00e1logo ambiental con Director de Corpoguajira\"}]},{\"@type\":\"Person\",\"@id\":\"https:\/\/corpoguajira.gov.co\/wp\/#\/schema\/person\/0b6ea52ef43991ee31b9f82375aa2105\",\"name\":\"Administrador Web\",\"image\":{\"@type\":\"ImageObject\",\"@id\":\"https:\/\/corpoguajira.gov.co\/wp\/#personlogo\",\"inLanguage\":\"es\",\"url\":\"https:\/\/secure.gravatar.com\/avatar\/d54ee19bd233172ef0db2ba7739289b8?s=96&d=mm&r=g\",\"contentUrl\":\"https:\/\/secure.gravatar.com\/avatar\/d54ee19bd233172ef0db2ba7739289b8?s=96&d=mm&r=g\",\"caption\":\"Administrador Web\"},\"description\":\"Administrador Web de Corpoguajira.\",\"url\":\"https:\/\/corpoguajira.gov.co\/wp\/author\/webmaster\/\"}]}<\/script>\n<!-- \/ Yoast SEO plugin. -->","yoast_head_json":{"title":"Periodistas de La Guajira, participaron en di\u00e1logo ambiental con Director de Corpoguajira | Corpoguajira","robots":{"index":"index","follow":"follow","max-snippet":"max-snippet:-1","max-image-preview":"max-image-preview:large","max-video-preview":"max-video-preview:-1"},"canonical":"https:\/\/corpoguajira.gov.co\/wp\/periodistas-de-la-guajira-participaron-en-dialogo-ambiental-con-director-de-corpoguajira\/","og_locale":"es_ES","og_type":"article","og_title":"Periodistas de La Guajira, participaron en di\u00e1logo ambiental con Director de Corpoguajira | Corpoguajira","og_description":"Con la asistencia de representantes de varios medios de comunicaci\u00f3n del departamento, se realiz\u00f3 en Corpoguajira el primer &ldquo;Di\u00e1logo Ambiental con la Prensa&rdquo;, actividad presidida por\u00a0 el Director General de [&hellip;]","og_url":"https:\/\/corpoguajira.gov.co\/wp\/periodistas-de-la-guajira-participaron-en-dialogo-ambiental-con-director-de-corpoguajira\/","og_site_name":"Corporaci\u00f3n Aut\u00f3noma Regional de La Guajira","article_published_time":"2012-07-17T18:41:36+00:00","og_image":[{"url":"http:\/\/corpoguajira.gov.co\/web\/images\/P1010642(1).JPG"}],"twitter_misc":{"Escrito por":"Administrador Web","Tiempo de lectura":"1 minuto"},"schema":{"@context":"https:\/\/schema.org","@graph":[{"@type":"WebSite","@id":"https:\/\/corpoguajira.gov.co\/wp\/#website","url":"https:\/\/corpoguajira.gov.co\/wp\/","name":"Corporaci\u00f3n Aut\u00f3noma Regional de La Guajira","description":"La Sostenibilidad Ambiental, un Compromiso de Todos","potentialAction":[{"@type":"SearchAction","target":{"@type":"EntryPoint","urlTemplate":"https:\/\/corpoguajira.gov.co\/wp\/?s={search_term_string}"},"query-input":"required name=search_term_string"}],"inLanguage":"es"},{"@type":"ImageObject","@id":"https:\/\/corpoguajira.gov.co\/wp\/periodistas-de-la-guajira-participaron-en-dialogo-ambiental-con-director-de-corpoguajira\/#primaryimage","inLanguage":"es","url":"http:\/\/corpoguajira.gov.co\/web\/images\/P1010642(1).JPG","contentUrl":"http:\/\/corpoguajira.gov.co\/web\/images\/P1010642(1).JPG"},{"@type":"WebPage","@id":"https:\/\/corpoguajira.gov.co\/wp\/periodistas-de-la-guajira-participaron-en-dialogo-ambiental-con-director-de-corpoguajira\/#webpage","url":"https:\/\/corpoguajira.gov.co\/wp\/periodistas-de-la-guajira-participaron-en-dialogo-ambiental-con-director-de-corpoguajira\/","name":"Periodistas de La Guajira, participaron en di\u00e1logo ambiental con Director de Corpoguajira | Corpoguajira","isPartOf":{"@id":"https:\/\/corpoguajira.gov.co\/wp\/#website"},"primaryImageOfPage":{"@id":"https:\/\/corpoguajira.gov.co\/wp\/periodistas-de-la-guajira-participaron-en-dialogo-ambiental-con-director-de-corpoguajira\/#primaryimage"},"datePublished":"2012-07-17T18:41:36+00:00","dateModified":"2012-07-17T18:41:36+00:00","author":{"@id":"https:\/\/corpoguajira.gov.co\/wp\/#\/schema\/person\/0b6ea52ef43991ee31b9f82375aa2105"},"breadcrumb":{"@id":"https:\/\/corpoguajira.gov.co\/wp\/periodistas-de-la-guajira-participaron-en-dialogo-ambiental-con-director-de-corpoguajira\/#breadcrumb"},"inLanguage":"es","potentialAction":[{"@type":"ReadAction","target":["https:\/\/corpoguajira.gov.co\/wp\/periodistas-de-la-guajira-participaron-en-dialogo-ambiental-con-director-de-corpoguajira\/"]}]},{"@type":"BreadcrumbList","@id":"https:\/\/corpoguajira.gov.co\/wp\/periodistas-de-la-guajira-participaron-en-dialogo-ambiental-con-director-de-corpoguajira\/#breadcrumb","itemListElement":[{"@type":"ListItem","position":1,"name":"Corpoguajira","item":"https:\/\/corpoguajira.gov.co\/wp\/"},{"@type":"ListItem","position":2,"name":"Noticias","item":"https:\/\/corpoguajira.gov.co\/wp\/noticias\/"},{"@type":"ListItem","position":3,"name":"Periodistas de La Guajira, participaron en di\u00e1logo ambiental con Director de Corpoguajira"}]},{"@type":"Person","@id":"https:\/\/corpoguajira.gov.co\/wp\/#\/schema\/person\/0b6ea52ef43991ee31b9f82375aa2105","name":"Administrador Web","image":{"@type":"ImageObject","@id":"https:\/\/corpoguajira.gov.co\/wp\/#personlogo","inLanguage":"es","url":"https:\/\/secure.gravatar.com\/avatar\/d54ee19bd233172ef0db2ba7739289b8?s=96&d=mm&r=g","contentUrl":"https:\/\/secure.gravatar.com\/avatar\/d54ee19bd233172ef0db2ba7739289b8?s=96&d=mm&r=g","caption":"Administrador Web"},"description":"Administrador Web de Corpoguajira.","url":"https:\/\/corpoguajira.gov.co\/wp\/author\/webmaster\/"}]}},"_links":{"self":[{"href":"https:\/\/corpoguajira.gov.co\/wp\/wp-json\/wp\/v2\/posts\/487"}],"collection":[{"href":"https:\/\/corpoguajira.gov.co\/wp\/wp-json\/wp\/v2\/posts"}],"about":[{"href":"https:\/\/corpoguajira.gov.co\/wp\/wp-json\/wp\/v2\/types\/post"}],"author":[{"embeddable":true,"href":"https:\/\/corpoguajira.gov.co\/wp\/wp-json\/wp\/v2\/users\/2"}],"replies":[{"embeddable":true,"href":"https:\/\/corpoguajira.gov.co\/wp\/wp-json\/wp\/v2\/comments?post=487"}],"version-history":[{"count":0,"href":"https:\/\/corpoguajira.gov.co\/wp\/wp-json\/wp\/v2\/posts\/487\/revisions"}],"wp:attachment":[{"href":"https:\/\/corpoguajira.gov.co\/wp\/wp-json\/wp\/v2\/media?parent=487"}],"wp:term":[{"taxonomy":"category","embeddable":true,"href":"https:\/\/corpoguajira.gov.co\/wp\/wp-json\/wp\/v2\/categories?post=487"},{"taxonomy":"post_tag","embeddable":true,"href":"https:\/\/corpoguajira.gov.co\/wp\/wp-json\/wp\/v2\/tags?post=487"}],"curies":[{"name":"wp","href":"https:\/\/api.w.org\/{rel}","templated":true}]}}