{"id":5019,"date":"2015-08-13T17:02:55","date_gmt":"2015-08-13T22:02:55","guid":{"rendered":"http:\/\/corpoguajira.gov.co\/wp\/?p=5019"},"modified":"2015-08-13T17:02:55","modified_gmt":"2015-08-13T22:02:55","slug":"corpoguajira-presenta-plan-para-iniciar-la-recuperacion-de-los-manglares","status":"publish","type":"post","link":"https:\/\/corpoguajira.gov.co\/wp\/corpoguajira-presenta-plan-para-iniciar-la-recuperacion-de-los-manglares\/","title":{"rendered":"Corpoguajira presenta plan para iniciar la recuperaci\u00f3n de los manglares"},"content":{"rendered":"<div style=\"color: rgba(0, 0, 0, 0.701961);\">Corpoguajira invita a la ciudadan\u00eda a participar de la socializaci\u00f3n del proyecto piloto de restauraci\u00f3n de ecosistemas de manglar en el Santuario de Flora y Fauna los Flamencos y el Distrito de Manejo Integrado Musichi. La actividad se realizar\u00e1 el pr\u00f3ximo 18 de agosto en la Sala de Lectura de la Biblioteca Nellit Abuchaibe Abuchaibe, ubicada en las instalaciones de la Universidad de La Guajira a partir de las\u00a09:00am.<\/div>\n<div style=\"color: rgba(0, 0, 0, 0.701961);\"><\/div>\n<div style=\"color: rgba(0, 0, 0, 0.701961);\">El evento se realizar\u00e1 para mostrar la importancia de los ecosistemas de manglares para el departamento de La Guajira, centr\u00e1ndose en los resultados obtenidos en estudios efectuados por la Corporaci\u00f3n conjuntamente con comunidades e instituciones locales donde se identificaron y priorizaron \u00a0las \u00e1reas de paisaje que demuestran potencial para la restauraci\u00f3n de ecosistemas de manglar, evaluando el estado actual de estos sitios, su nivel de deterioro y los causales de la degradaci\u00f3n del ecosistema.<\/div>\n<div style=\"color: rgba(0, 0, 0, 0.701961);\"><\/div>\n<div style=\"color: rgba(0, 0, 0, 0.701961);\">Los estudios anteriormente mencionados sumados a la concertaci\u00f3n con comunidades e instituciones locales, dieron paso a la elaboraci\u00f3n del Plan B\u00e1sico de Restauraci\u00f3n y Monitoreo para los ecosistemas de manglar en dos \u00e1reas protegidas, lo que permitir\u00e1 adelantar acciones preliminares encaminadas a \u00a0su recuperaci\u00f3n de estos ecosistemas.<\/div>\n<div style=\"color: rgba(0, 0, 0, 0.701961);\"><\/div>\n<div style=\"color: rgba(0, 0, 0, 0.701961);\">Para la realizaci\u00f3n de este proyecto, Corpoguajira cont\u00f3 con el apoyo de Parques Nacionales Naturales, Big Group Salianas de Colombia, la Fundaci\u00f3n Vig\u00edas Ambientales Jos\u00e9 Ladeus y Funlamar.<\/div>\n","protected":false},"excerpt":{"rendered":"<p>Corpoguajira invita a la ciudadan\u00eda a participar de la socializaci\u00f3n del proyecto piloto de restauraci\u00f3n de ecosistemas de manglar en el Santuario de Flora y Fauna los Flamencos y el [&hellip;]<\/p>\n","protected":false},"author":4,"featured_media":5020,"comment_status":"open","ping_status":"open","sticky":false,"template":"","format":"standard","meta":[],"categories":[384],"tags":[774],"yoast_head":"<!-- This site is optimized with the Yoast SEO plugin v18.5.1 - https:\/\/yoast.com\/wordpress\/plugins\/seo\/ -->\n<title>Corpoguajira presenta plan para iniciar la recuperaci\u00f3n de los manglares | Corpoguajira<\/title>\n<meta name=\"robots\" content=\"index, follow, max-snippet:-1, max-image-preview:large, max-video-preview:-1\" \/>\n<link rel=\"canonical\" href=\"https:\/\/corpoguajira.gov.co\/wp\/corpoguajira-presenta-plan-para-iniciar-la-recuperacion-de-los-manglares\/\" \/>\n<meta property=\"og:locale\" content=\"es_ES\" \/>\n<meta property=\"og:type\" content=\"article\" \/>\n<meta property=\"og:title\" content=\"Corpoguajira presenta plan para iniciar la recuperaci\u00f3n de los manglares | Corpoguajira\" \/>\n<meta property=\"og:description\" content=\"Corpoguajira invita a la ciudadan\u00eda a participar de la socializaci\u00f3n del proyecto piloto de restauraci\u00f3n de ecosistemas de manglar en el Santuario de Flora y Fauna los Flamencos y el [&hellip;]\" \/>\n<meta property=\"og:url\" content=\"https:\/\/corpoguajira.gov.co\/wp\/corpoguajira-presenta-plan-para-iniciar-la-recuperacion-de-los-manglares\/\" \/>\n<meta property=\"og:site_name\" content=\"Corporaci\u00f3n Aut\u00f3noma Regional de La Guajira\" \/>\n<meta property=\"article:published_time\" content=\"2015-08-13T22:02:55+00:00\" \/>\n<meta property=\"og:image\" content=\"https:\/\/www.corpoguajira.gov.co\/wp\/wp-content\/uploads\/2015\/08\/manglares.jpg\" \/>\n\t<meta property=\"og:image:width\" content=\"948\" \/>\n\t<meta property=\"og:image:height\" content=\"711\" \/>\n\t<meta property=\"og:image:type\" content=\"image\/jpeg\" \/>\n<meta name=\"twitter:label1\" content=\"Escrito por\" \/>\n\t<meta name=\"twitter:data1\" content=\"Oficina Comunicaciones\" \/>\n\t<meta name=\"twitter:label2\" content=\"Tiempo de lectura\" \/>\n\t<meta name=\"twitter:data2\" content=\"1 minuto\" \/>\n<script type=\"application\/ld+json\" class=\"yoast-schema-graph\">{\"@context\":\"https:\/\/schema.org\",\"@graph\":[{\"@type\":\"WebSite\",\"@id\":\"https:\/\/corpoguajira.gov.co\/wp\/#website\",\"url\":\"https:\/\/corpoguajira.gov.co\/wp\/\",\"name\":\"Corporaci\u00f3n Aut\u00f3noma Regional de La Guajira\",\"description\":\"La Sostenibilidad Ambiental, un Compromiso de Todos\",\"potentialAction\":[{\"@type\":\"SearchAction\",\"target\":{\"@type\":\"EntryPoint\",\"urlTemplate\":\"https:\/\/corpoguajira.gov.co\/wp\/?s={search_term_string}\"},\"query-input\":\"required name=search_term_string\"}],\"inLanguage\":\"es\"},{\"@type\":\"ImageObject\",\"@id\":\"https:\/\/corpoguajira.gov.co\/wp\/corpoguajira-presenta-plan-para-iniciar-la-recuperacion-de-los-manglares\/#primaryimage\",\"inLanguage\":\"es\",\"url\":\"https:\/\/www.corpoguajira.gov.co\/wp\/wp-content\/uploads\/2015\/08\/manglares.jpg\",\"contentUrl\":\"https:\/\/www.corpoguajira.gov.co\/wp\/wp-content\/uploads\/2015\/08\/manglares.jpg\",\"width\":948,\"height\":711},{\"@type\":\"WebPage\",\"@id\":\"https:\/\/corpoguajira.gov.co\/wp\/corpoguajira-presenta-plan-para-iniciar-la-recuperacion-de-los-manglares\/#webpage\",\"url\":\"https:\/\/corpoguajira.gov.co\/wp\/corpoguajira-presenta-plan-para-iniciar-la-recuperacion-de-los-manglares\/\",\"name\":\"Corpoguajira presenta plan para iniciar la recuperaci\u00f3n de los manglares | Corpoguajira\",\"isPartOf\":{\"@id\":\"https:\/\/corpoguajira.gov.co\/wp\/#website\"},\"primaryImageOfPage\":{\"@id\":\"https:\/\/corpoguajira.gov.co\/wp\/corpoguajira-presenta-plan-para-iniciar-la-recuperacion-de-los-manglares\/#primaryimage\"},\"datePublished\":\"2015-08-13T22:02:55+00:00\",\"dateModified\":\"2015-08-13T22:02:55+00:00\",\"author\":{\"@id\":\"https:\/\/corpoguajira.gov.co\/wp\/#\/schema\/person\/20b8ef7397c5a7f0b680331028e4ea90\"},\"breadcrumb\":{\"@id\":\"https:\/\/corpoguajira.gov.co\/wp\/corpoguajira-presenta-plan-para-iniciar-la-recuperacion-de-los-manglares\/#breadcrumb\"},\"inLanguage\":\"es\",\"potentialAction\":[{\"@type\":\"ReadAction\",\"target\":[\"https:\/\/corpoguajira.gov.co\/wp\/corpoguajira-presenta-plan-para-iniciar-la-recuperacion-de-los-manglares\/\"]}]},{\"@type\":\"BreadcrumbList\",\"@id\":\"https:\/\/corpoguajira.gov.co\/wp\/corpoguajira-presenta-plan-para-iniciar-la-recuperacion-de-los-manglares\/#breadcrumb\",\"itemListElement\":[{\"@type\":\"ListItem\",\"position\":1,\"name\":\"Corpoguajira\",\"item\":\"https:\/\/corpoguajira.gov.co\/wp\/\"},{\"@type\":\"ListItem\",\"position\":2,\"name\":\"Noticias\",\"item\":\"https:\/\/corpoguajira.gov.co\/wp\/noticias\/\"},{\"@type\":\"ListItem\",\"position\":3,\"name\":\"Corpoguajira presenta plan para iniciar la recuperaci\u00f3n de los manglares\"}]},{\"@type\":\"Person\",\"@id\":\"https:\/\/corpoguajira.gov.co\/wp\/#\/schema\/person\/20b8ef7397c5a7f0b680331028e4ea90\",\"name\":\"Oficina Comunicaciones\",\"image\":{\"@type\":\"ImageObject\",\"@id\":\"https:\/\/corpoguajira.gov.co\/wp\/#personlogo\",\"inLanguage\":\"es\",\"url\":\"https:\/\/secure.gravatar.com\/avatar\/ada8791cfeb6fb9bb1cf6a56a0a4199a?s=96&d=mm&r=g\",\"contentUrl\":\"https:\/\/secure.gravatar.com\/avatar\/ada8791cfeb6fb9bb1cf6a56a0a4199a?s=96&d=mm&r=g\",\"caption\":\"Oficina Comunicaciones\"},\"url\":\"https:\/\/corpoguajira.gov.co\/wp\/author\/publicaciones\/\"}]}<\/script>\n<!-- \/ Yoast SEO plugin. -->","yoast_head_json":{"title":"Corpoguajira presenta plan para iniciar la recuperaci\u00f3n de los manglares | Corpoguajira","robots":{"index":"index","follow":"follow","max-snippet":"max-snippet:-1","max-image-preview":"max-image-preview:large","max-video-preview":"max-video-preview:-1"},"canonical":"https:\/\/corpoguajira.gov.co\/wp\/corpoguajira-presenta-plan-para-iniciar-la-recuperacion-de-los-manglares\/","og_locale":"es_ES","og_type":"article","og_title":"Corpoguajira presenta plan para iniciar la recuperaci\u00f3n de los manglares | Corpoguajira","og_description":"Corpoguajira invita a la ciudadan\u00eda a participar de la socializaci\u00f3n del proyecto piloto de restauraci\u00f3n de ecosistemas de manglar en el Santuario de Flora y Fauna los Flamencos y el [&hellip;]","og_url":"https:\/\/corpoguajira.gov.co\/wp\/corpoguajira-presenta-plan-para-iniciar-la-recuperacion-de-los-manglares\/","og_site_name":"Corporaci\u00f3n Aut\u00f3noma Regional de La Guajira","article_published_time":"2015-08-13T22:02:55+00:00","og_image":[{"width":948,"height":711,"url":"https:\/\/www.corpoguajira.gov.co\/wp\/wp-content\/uploads\/2015\/08\/manglares.jpg","type":"image\/jpeg"}],"twitter_misc":{"Escrito por":"Oficina Comunicaciones","Tiempo de lectura":"1 minuto"},"schema":{"@context":"https:\/\/schema.org","@graph":[{"@type":"WebSite","@id":"https:\/\/corpoguajira.gov.co\/wp\/#website","url":"https:\/\/corpoguajira.gov.co\/wp\/","name":"Corporaci\u00f3n Aut\u00f3noma Regional de La Guajira","description":"La Sostenibilidad Ambiental, un Compromiso de Todos","potentialAction":[{"@type":"SearchAction","target":{"@type":"EntryPoint","urlTemplate":"https:\/\/corpoguajira.gov.co\/wp\/?s={search_term_string}"},"query-input":"required name=search_term_string"}],"inLanguage":"es"},{"@type":"ImageObject","@id":"https:\/\/corpoguajira.gov.co\/wp\/corpoguajira-presenta-plan-para-iniciar-la-recuperacion-de-los-manglares\/#primaryimage","inLanguage":"es","url":"https:\/\/www.corpoguajira.gov.co\/wp\/wp-content\/uploads\/2015\/08\/manglares.jpg","contentUrl":"https:\/\/www.corpoguajira.gov.co\/wp\/wp-content\/uploads\/2015\/08\/manglares.jpg","width":948,"height":711},{"@type":"WebPage","@id":"https:\/\/corpoguajira.gov.co\/wp\/corpoguajira-presenta-plan-para-iniciar-la-recuperacion-de-los-manglares\/#webpage","url":"https:\/\/corpoguajira.gov.co\/wp\/corpoguajira-presenta-plan-para-iniciar-la-recuperacion-de-los-manglares\/","name":"Corpoguajira presenta plan para iniciar la recuperaci\u00f3n de los manglares | Corpoguajira","isPartOf":{"@id":"https:\/\/corpoguajira.gov.co\/wp\/#website"},"primaryImageOfPage":{"@id":"https:\/\/corpoguajira.gov.co\/wp\/corpoguajira-presenta-plan-para-iniciar-la-recuperacion-de-los-manglares\/#primaryimage"},"datePublished":"2015-08-13T22:02:55+00:00","dateModified":"2015-08-13T22:02:55+00:00","author":{"@id":"https:\/\/corpoguajira.gov.co\/wp\/#\/schema\/person\/20b8ef7397c5a7f0b680331028e4ea90"},"breadcrumb":{"@id":"https:\/\/corpoguajira.gov.co\/wp\/corpoguajira-presenta-plan-para-iniciar-la-recuperacion-de-los-manglares\/#breadcrumb"},"inLanguage":"es","potentialAction":[{"@type":"ReadAction","target":["https:\/\/corpoguajira.gov.co\/wp\/corpoguajira-presenta-plan-para-iniciar-la-recuperacion-de-los-manglares\/"]}]},{"@type":"BreadcrumbList","@id":"https:\/\/corpoguajira.gov.co\/wp\/corpoguajira-presenta-plan-para-iniciar-la-recuperacion-de-los-manglares\/#breadcrumb","itemListElement":[{"@type":"ListItem","position":1,"name":"Corpoguajira","item":"https:\/\/corpoguajira.gov.co\/wp\/"},{"@type":"ListItem","position":2,"name":"Noticias","item":"https:\/\/corpoguajira.gov.co\/wp\/noticias\/"},{"@type":"ListItem","position":3,"name":"Corpoguajira presenta plan para iniciar la recuperaci\u00f3n de los manglares"}]},{"@type":"Person","@id":"https:\/\/corpoguajira.gov.co\/wp\/#\/schema\/person\/20b8ef7397c5a7f0b680331028e4ea90","name":"Oficina Comunicaciones","image":{"@type":"ImageObject","@id":"https:\/\/corpoguajira.gov.co\/wp\/#personlogo","inLanguage":"es","url":"https:\/\/secure.gravatar.com\/avatar\/ada8791cfeb6fb9bb1cf6a56a0a4199a?s=96&d=mm&r=g","contentUrl":"https:\/\/secure.gravatar.com\/avatar\/ada8791cfeb6fb9bb1cf6a56a0a4199a?s=96&d=mm&r=g","caption":"Oficina Comunicaciones"},"url":"https:\/\/corpoguajira.gov.co\/wp\/author\/publicaciones\/"}]}},"_links":{"self":[{"href":"https:\/\/corpoguajira.gov.co\/wp\/wp-json\/wp\/v2\/posts\/5019"}],"collection":[{"href":"https:\/\/corpoguajira.gov.co\/wp\/wp-json\/wp\/v2\/posts"}],"about":[{"href":"https:\/\/corpoguajira.gov.co\/wp\/wp-json\/wp\/v2\/types\/post"}],"author":[{"embeddable":true,"href":"https:\/\/corpoguajira.gov.co\/wp\/wp-json\/wp\/v2\/users\/4"}],"replies":[{"embeddable":true,"href":"https:\/\/corpoguajira.gov.co\/wp\/wp-json\/wp\/v2\/comments?post=5019"}],"version-history":[{"count":1,"href":"https:\/\/corpoguajira.gov.co\/wp\/wp-json\/wp\/v2\/posts\/5019\/revisions"}],"predecessor-version":[{"id":5021,"href":"https:\/\/corpoguajira.gov.co\/wp\/wp-json\/wp\/v2\/posts\/5019\/revisions\/5021"}],"wp:featuredmedia":[{"embeddable":true,"href":"https:\/\/corpoguajira.gov.co\/wp\/wp-json\/wp\/v2\/media\/5020"}],"wp:attachment":[{"href":"https:\/\/corpoguajira.gov.co\/wp\/wp-json\/wp\/v2\/media?parent=5019"}],"wp:term":[{"taxonomy":"category","embeddable":true,"href":"https:\/\/corpoguajira.gov.co\/wp\/wp-json\/wp\/v2\/categories?post=5019"},{"taxonomy":"post_tag","embeddable":true,"href":"https:\/\/corpoguajira.gov.co\/wp\/wp-json\/wp\/v2\/tags?post=5019"}],"curies":[{"name":"wp","href":"https:\/\/api.w.org\/{rel}","templated":true}]}}