{"id":531,"date":"2013-01-23T13:53:22","date_gmt":"2013-01-23T13:53:22","guid":{"rendered":"http:\/\/localhost\/corpoguajira\/?p=531"},"modified":"2013-01-23T13:53:22","modified_gmt":"2013-01-23T13:53:22","slug":"asi-se-registro-la-calidad-del-aire-en-el-corredor-minero-durante-el-2012","status":"publish","type":"post","link":"https:\/\/corpoguajira.gov.co\/wp\/asi-se-registro-la-calidad-del-aire-en-el-corredor-minero-durante-el-2012\/","title":{"rendered":"As\u00ed se registr\u00f3 la calidad del aire en el corredor minero, durante el 2012"},"content":{"rendered":"<p> \t\u00a0<\/p>\n<p style=\"text-align: center;\"> \t<span style=\"font-size:10px;\"><em>El aporte de emisiones no super\u00f3 lo establecido en la normatividad Colombiana. \u00a0 Corpoguajira hizo recomendaciones para tener un eficiente control ambiental en la zona.<\/em><\/span><\/p>\n<p style=\"text-align: justify;\"> \t<span style=\"font-size: 12px;\">A trav\u00e9s del programa \u00a0Monitoreo de la Calidad del Aire, Corpoguajira \u00a0 determina constantemente \u00a0el grado de contaminaci\u00f3n o aporte de material particulado por parte de las empresas explotadoras de carb\u00f3n asentadas en la regi\u00f3n. \u00a0Durante el 2012 se colocaron 2008 filtros, en las estaciones que conforman el Sistema de Vigilancia de la Calidad del Aire de la autoridad ambiental: \u00a0Hatonuevo, Barrancas, Roche, Chancleta-Patilla, Los Remedios, Provincial, Papayal, Conejo, Las Casitas, Cuestecitas, Ca\u00f1averales, El Tablazo, Sitio Nuevo, Fonseca, Albania, Uniguajira, ICBF, Corpoguajira, Alcald\u00eda de Maicao y La Finquita.<\/span><\/p>\n<p style=\"text-align: justify;\"> \t<span style=\"font-size: 12px;\">Por medio de este estudio Corpoguajira estableci\u00f3 durante el a\u00f1o anterior se present\u00f3 un aporte significativo de emisiones de part\u00edculas de carb\u00f3n, sin embargo los resultados no excedieron \u00a0lo contemplado en la normatividad ambiental del pa\u00eds. \u00a0 A pesar de lo anterior es importante que se adopten medidas \u00a0por parte de las compa\u00f1\u00edas mineras, para tener un eficiente control sobre esta situaci\u00f3n, sobre todo en la \u00e9poca seca.\u00a0<\/span><\/p>\n<p style=\"text-align: justify;\"> \t\u00a0<\/p>\n<p> <!--more--> <\/p>\n<p style=\"text-align: justify;\"> \t<span style=\"font-size: 12px;\">Corpoguajira hizo algunas recomendaciones puntuales, entre ellas se destacan: \u00a0 dejar de disponer el material est\u00e9ril en los botaderos que tienen influencia directa sobre Las Casitas, Provincial y Barrancas, ya que algunos de estos se encuentran a menos de 5 Km de distancia de esas localidades. \u00a0 La autoridad ambiental tambi\u00e9n considera importante intensificar los riegos tanto en las v\u00edas de acceso a tajos y botaderos activos, que est\u00e1n muy cercanos a los centros poblados. \u00a0Otro de los requerimientos es el retrollenado de los pits que ya no est\u00e1n en explotaci\u00f3n y realizar las actividades para reducir el n\u00famero de incendios de los mantos de carb\u00f3n, ya que contribuyen con el calentamiento global y reaccionan con el vapor de agua provocando lluvia \u00e1cida.<\/span><\/p>\n<p style=\"text-align: justify;\"> \t<span style=\"font-size: 12px;\">Durante el 2013, Corpoguajira intensificar\u00e1 los monitoreos de calidad del aire en el corredor minero del departamento, para velar por la conservaci\u00f3n del medio ambiente y la salud de los habitantes de la pen\u00ednsula.<\/span><\/p>\n","protected":false},"excerpt":{"rendered":"<p>\u00a0 El aporte de emisiones no super\u00f3 lo establecido en la normatividad Colombiana. \u00a0 Corpoguajira hizo recomendaciones para tener un eficiente control ambiental en la zona. A trav\u00e9s del programa [&hellip;]<\/p>\n","protected":false},"author":2,"featured_media":0,"comment_status":"open","ping_status":"open","sticky":false,"template":"","format":"standard","meta":[],"categories":[384],"tags":[],"yoast_head":"<!-- This site is optimized with the Yoast SEO plugin v18.5.1 - https:\/\/yoast.com\/wordpress\/plugins\/seo\/ -->\n<title>As\u00ed se registr\u00f3 la calidad del aire en el corredor minero, durante el 2012 | Corpoguajira<\/title>\n<meta name=\"robots\" content=\"index, follow, max-snippet:-1, max-image-preview:large, max-video-preview:-1\" \/>\n<link rel=\"canonical\" href=\"https:\/\/corpoguajira.gov.co\/wp\/asi-se-registro-la-calidad-del-aire-en-el-corredor-minero-durante-el-2012\/\" \/>\n<meta property=\"og:locale\" content=\"es_ES\" \/>\n<meta property=\"og:type\" content=\"article\" \/>\n<meta property=\"og:title\" content=\"As\u00ed se registr\u00f3 la calidad del aire en el corredor minero, durante el 2012 | Corpoguajira\" \/>\n<meta property=\"og:description\" content=\"\u00a0 El aporte de emisiones no super\u00f3 lo establecido en la normatividad Colombiana. \u00a0 Corpoguajira hizo recomendaciones para tener un eficiente control ambiental en la zona. A trav\u00e9s del programa [&hellip;]\" \/>\n<meta property=\"og:url\" content=\"https:\/\/corpoguajira.gov.co\/wp\/asi-se-registro-la-calidad-del-aire-en-el-corredor-minero-durante-el-2012\/\" \/>\n<meta property=\"og:site_name\" content=\"Corporaci\u00f3n Aut\u00f3noma Regional de La Guajira\" \/>\n<meta property=\"article:published_time\" content=\"2013-01-23T13:53:22+00:00\" \/>\n<meta name=\"twitter:label1\" content=\"Escrito por\" \/>\n\t<meta name=\"twitter:data1\" content=\"Administrador Web\" \/>\n\t<meta name=\"twitter:label2\" content=\"Tiempo de lectura\" \/>\n\t<meta name=\"twitter:data2\" content=\"2 minutos\" \/>\n<script type=\"application\/ld+json\" class=\"yoast-schema-graph\">{\"@context\":\"https:\/\/schema.org\",\"@graph\":[{\"@type\":\"WebSite\",\"@id\":\"https:\/\/corpoguajira.gov.co\/wp\/#website\",\"url\":\"https:\/\/corpoguajira.gov.co\/wp\/\",\"name\":\"Corporaci\u00f3n Aut\u00f3noma Regional de La Guajira\",\"description\":\"La Sostenibilidad Ambiental, un Compromiso de Todos\",\"potentialAction\":[{\"@type\":\"SearchAction\",\"target\":{\"@type\":\"EntryPoint\",\"urlTemplate\":\"https:\/\/corpoguajira.gov.co\/wp\/?s={search_term_string}\"},\"query-input\":\"required name=search_term_string\"}],\"inLanguage\":\"es\"},{\"@type\":\"WebPage\",\"@id\":\"https:\/\/corpoguajira.gov.co\/wp\/asi-se-registro-la-calidad-del-aire-en-el-corredor-minero-durante-el-2012\/#webpage\",\"url\":\"https:\/\/corpoguajira.gov.co\/wp\/asi-se-registro-la-calidad-del-aire-en-el-corredor-minero-durante-el-2012\/\",\"name\":\"As\u00ed se registr\u00f3 la calidad del aire en el corredor minero, durante el 2012 | Corpoguajira\",\"isPartOf\":{\"@id\":\"https:\/\/corpoguajira.gov.co\/wp\/#website\"},\"datePublished\":\"2013-01-23T13:53:22+00:00\",\"dateModified\":\"2013-01-23T13:53:22+00:00\",\"author\":{\"@id\":\"https:\/\/corpoguajira.gov.co\/wp\/#\/schema\/person\/0b6ea52ef43991ee31b9f82375aa2105\"},\"breadcrumb\":{\"@id\":\"https:\/\/corpoguajira.gov.co\/wp\/asi-se-registro-la-calidad-del-aire-en-el-corredor-minero-durante-el-2012\/#breadcrumb\"},\"inLanguage\":\"es\",\"potentialAction\":[{\"@type\":\"ReadAction\",\"target\":[\"https:\/\/corpoguajira.gov.co\/wp\/asi-se-registro-la-calidad-del-aire-en-el-corredor-minero-durante-el-2012\/\"]}]},{\"@type\":\"BreadcrumbList\",\"@id\":\"https:\/\/corpoguajira.gov.co\/wp\/asi-se-registro-la-calidad-del-aire-en-el-corredor-minero-durante-el-2012\/#breadcrumb\",\"itemListElement\":[{\"@type\":\"ListItem\",\"position\":1,\"name\":\"Corpoguajira\",\"item\":\"https:\/\/corpoguajira.gov.co\/wp\/\"},{\"@type\":\"ListItem\",\"position\":2,\"name\":\"Noticias\",\"item\":\"https:\/\/corpoguajira.gov.co\/wp\/noticias\/\"},{\"@type\":\"ListItem\",\"position\":3,\"name\":\"As\u00ed se registr\u00f3 la calidad del aire en el corredor minero, durante el 2012\"}]},{\"@type\":\"Person\",\"@id\":\"https:\/\/corpoguajira.gov.co\/wp\/#\/schema\/person\/0b6ea52ef43991ee31b9f82375aa2105\",\"name\":\"Administrador Web\",\"image\":{\"@type\":\"ImageObject\",\"@id\":\"https:\/\/corpoguajira.gov.co\/wp\/#personlogo\",\"inLanguage\":\"es\",\"url\":\"https:\/\/secure.gravatar.com\/avatar\/d54ee19bd233172ef0db2ba7739289b8?s=96&d=mm&r=g\",\"contentUrl\":\"https:\/\/secure.gravatar.com\/avatar\/d54ee19bd233172ef0db2ba7739289b8?s=96&d=mm&r=g\",\"caption\":\"Administrador Web\"},\"description\":\"Administrador Web de Corpoguajira.\",\"url\":\"https:\/\/corpoguajira.gov.co\/wp\/author\/webmaster\/\"}]}<\/script>\n<!-- \/ Yoast SEO plugin. -->","yoast_head_json":{"title":"As\u00ed se registr\u00f3 la calidad del aire en el corredor minero, durante el 2012 | Corpoguajira","robots":{"index":"index","follow":"follow","max-snippet":"max-snippet:-1","max-image-preview":"max-image-preview:large","max-video-preview":"max-video-preview:-1"},"canonical":"https:\/\/corpoguajira.gov.co\/wp\/asi-se-registro-la-calidad-del-aire-en-el-corredor-minero-durante-el-2012\/","og_locale":"es_ES","og_type":"article","og_title":"As\u00ed se registr\u00f3 la calidad del aire en el corredor minero, durante el 2012 | Corpoguajira","og_description":"\u00a0 El aporte de emisiones no super\u00f3 lo establecido en la normatividad Colombiana. \u00a0 Corpoguajira hizo recomendaciones para tener un eficiente control ambiental en la zona. A trav\u00e9s del programa [&hellip;]","og_url":"https:\/\/corpoguajira.gov.co\/wp\/asi-se-registro-la-calidad-del-aire-en-el-corredor-minero-durante-el-2012\/","og_site_name":"Corporaci\u00f3n Aut\u00f3noma Regional de La Guajira","article_published_time":"2013-01-23T13:53:22+00:00","twitter_misc":{"Escrito por":"Administrador Web","Tiempo de lectura":"2 minutos"},"schema":{"@context":"https:\/\/schema.org","@graph":[{"@type":"WebSite","@id":"https:\/\/corpoguajira.gov.co\/wp\/#website","url":"https:\/\/corpoguajira.gov.co\/wp\/","name":"Corporaci\u00f3n Aut\u00f3noma Regional de La Guajira","description":"La Sostenibilidad Ambiental, un Compromiso de Todos","potentialAction":[{"@type":"SearchAction","target":{"@type":"EntryPoint","urlTemplate":"https:\/\/corpoguajira.gov.co\/wp\/?s={search_term_string}"},"query-input":"required name=search_term_string"}],"inLanguage":"es"},{"@type":"WebPage","@id":"https:\/\/corpoguajira.gov.co\/wp\/asi-se-registro-la-calidad-del-aire-en-el-corredor-minero-durante-el-2012\/#webpage","url":"https:\/\/corpoguajira.gov.co\/wp\/asi-se-registro-la-calidad-del-aire-en-el-corredor-minero-durante-el-2012\/","name":"As\u00ed se registr\u00f3 la calidad del aire en el corredor minero, durante el 2012 | Corpoguajira","isPartOf":{"@id":"https:\/\/corpoguajira.gov.co\/wp\/#website"},"datePublished":"2013-01-23T13:53:22+00:00","dateModified":"2013-01-23T13:53:22+00:00","author":{"@id":"https:\/\/corpoguajira.gov.co\/wp\/#\/schema\/person\/0b6ea52ef43991ee31b9f82375aa2105"},"breadcrumb":{"@id":"https:\/\/corpoguajira.gov.co\/wp\/asi-se-registro-la-calidad-del-aire-en-el-corredor-minero-durante-el-2012\/#breadcrumb"},"inLanguage":"es","potentialAction":[{"@type":"ReadAction","target":["https:\/\/corpoguajira.gov.co\/wp\/asi-se-registro-la-calidad-del-aire-en-el-corredor-minero-durante-el-2012\/"]}]},{"@type":"BreadcrumbList","@id":"https:\/\/corpoguajira.gov.co\/wp\/asi-se-registro-la-calidad-del-aire-en-el-corredor-minero-durante-el-2012\/#breadcrumb","itemListElement":[{"@type":"ListItem","position":1,"name":"Corpoguajira","item":"https:\/\/corpoguajira.gov.co\/wp\/"},{"@type":"ListItem","position":2,"name":"Noticias","item":"https:\/\/corpoguajira.gov.co\/wp\/noticias\/"},{"@type":"ListItem","position":3,"name":"As\u00ed se registr\u00f3 la calidad del aire en el corredor minero, durante el 2012"}]},{"@type":"Person","@id":"https:\/\/corpoguajira.gov.co\/wp\/#\/schema\/person\/0b6ea52ef43991ee31b9f82375aa2105","name":"Administrador Web","image":{"@type":"ImageObject","@id":"https:\/\/corpoguajira.gov.co\/wp\/#personlogo","inLanguage":"es","url":"https:\/\/secure.gravatar.com\/avatar\/d54ee19bd233172ef0db2ba7739289b8?s=96&d=mm&r=g","contentUrl":"https:\/\/secure.gravatar.com\/avatar\/d54ee19bd233172ef0db2ba7739289b8?s=96&d=mm&r=g","caption":"Administrador Web"},"description":"Administrador Web de Corpoguajira.","url":"https:\/\/corpoguajira.gov.co\/wp\/author\/webmaster\/"}]}},"_links":{"self":[{"href":"https:\/\/corpoguajira.gov.co\/wp\/wp-json\/wp\/v2\/posts\/531"}],"collection":[{"href":"https:\/\/corpoguajira.gov.co\/wp\/wp-json\/wp\/v2\/posts"}],"about":[{"href":"https:\/\/corpoguajira.gov.co\/wp\/wp-json\/wp\/v2\/types\/post"}],"author":[{"embeddable":true,"href":"https:\/\/corpoguajira.gov.co\/wp\/wp-json\/wp\/v2\/users\/2"}],"replies":[{"embeddable":true,"href":"https:\/\/corpoguajira.gov.co\/wp\/wp-json\/wp\/v2\/comments?post=531"}],"version-history":[{"count":0,"href":"https:\/\/corpoguajira.gov.co\/wp\/wp-json\/wp\/v2\/posts\/531\/revisions"}],"wp:attachment":[{"href":"https:\/\/corpoguajira.gov.co\/wp\/wp-json\/wp\/v2\/media?parent=531"}],"wp:term":[{"taxonomy":"category","embeddable":true,"href":"https:\/\/corpoguajira.gov.co\/wp\/wp-json\/wp\/v2\/categories?post=531"},{"taxonomy":"post_tag","embeddable":true,"href":"https:\/\/corpoguajira.gov.co\/wp\/wp-json\/wp\/v2\/tags?post=531"}],"curies":[{"name":"wp","href":"https:\/\/api.w.org\/{rel}","templated":true}]}}