{"id":537,"date":"2013-02-02T12:51:57","date_gmt":"2013-02-02T12:51:57","guid":{"rendered":"http:\/\/localhost\/corpoguajira\/?p=537"},"modified":"2013-02-02T12:51:57","modified_gmt":"2013-02-02T12:51:57","slug":"2-de-febrero-de-2013-dia-mundial-de-los-humedales","status":"publish","type":"post","link":"https:\/\/corpoguajira.gov.co\/wp\/2-de-febrero-de-2013-dia-mundial-de-los-humedales\/","title":{"rendered":"2 de febrero de 2013:  D\u00eda Mundial de los Humedales"},"content":{"rendered":"<p> \t\u00a0<\/p>\n<p style=\"text-align: center;\"> \t<img loading=\"lazy\" alt=\"alt\" height=\"300\" src=\"http:\/\/corpoguajira.gov.co\/web\/images\/Humedales (1).jpg\" width=\"400\" \/><\/p>\n<p style=\"text-align: center;\"> \t<em><br \/> \tCorpoguajira adelanta acciones para recuperar los humedales, \u00a0mejorar el h\u00e1bitat \u00a0urbano y mitigar los efectos del cambio clim\u00e1tico.<\/em><\/p>\n<p style=\"text-align: justify;\"> \tEsta conmemoraci\u00f3n fue adoptada en 1971 por la Convenci\u00f3n Mundial de los Humedales en Rasmar (Ir\u00e1n), con el fin de adelantar acciones a nivel mundial, \u00a0que permitan la conservaci\u00f3n la de los humedales y sus recursos.<\/p>\n<p style=\"text-align: justify;\"> \tLa Guajira posee m\u00e1s de 30 humedales que favorecen la mitigaci\u00f3n de inundaciones y la erosi\u00f3n costera. \u00a0Este importante ecosistema se constituye en h\u00e1bitat de varias especies de flora y fauna, adem\u00e1s recibe cada a\u00f1o gran cantidad de aves migratotias. \u00a0Entre los m\u00e1s importantes se encuentran La Laguna Sal\u00e1, P\u00e1ntano de Tomarraz\u00f3n, Laguna Washington, Humedal de Ca\u00f1averales, Laguna de Camarones, Laguna Grande y la Ci\u00e9naga de Buenavista.<\/p>\n<p style=\"text-align: justify;\"> \t\u00a0<\/p>\n<p> \t\u00a0<\/p>\n<p> <!--more--> <\/p>\n<p style=\"text-align: justify;\"> \t\u00a0<\/p>\n<p style=\"text-align: center;\"> \t<img loading=\"lazy\" alt=\"alt\" height=\"300\" src=\"http:\/\/corpoguajira.gov.co\/web\/images\/LAGUNA WASHINGTON - MAICAO(1).JPG\" width=\"400\" \/><\/p>\n<p style=\"text-align: center;\"> \t<span style=\"font-size:10px;\"><em>Laguna Washington, Maicao<\/em><\/span><\/p>\n<p style=\"text-align: justify;\"> \tActualmente estos ecosistemas enfrentan diferentes amenazas antr\u00f3picas que ponen en peligro su din\u00e1mica, raz\u00f3n por la cual Corpoguajira inicio los trabajos que permitir\u00e1n \u00a0la implementaci\u00f3n del programa de convivencia ambiental para la conservaci\u00f3n de los humedales Laguna Sal\u00e1, Esperanza, Bocagrande, 31 de octubre, Las Mercedes \u00a0(Riohacha) y la laguna Nav\u00edo Quebrado (Camarones).<\/p>\n<p style=\"text-align: justify;\"> \tEsta iniciativa, liderada por la Coordinaci\u00f3n de Educaci\u00f3n Ambiental de Corpoguajira, obedece a que los cuerpos de agua son utilizados por quienes residen en sus alrededores, para depositar basuras y residuos que no son recogidos por el sistema de recolecci\u00f3n formal de la ciudad. \u00a0Como parte de las labores, la comunidad participa en \u00a0jornadas de capacitaci\u00f3n, labores de limpieza, aseo comunitario y actividades l\u00fadicas, \u00a0para generar un cambio de actitud que permita la conservaci\u00f3n de este ecosistema.<\/p>\n","protected":false},"excerpt":{"rendered":"<p>\u00a0 Corpoguajira adelanta acciones para recuperar los humedales, \u00a0mejorar el h\u00e1bitat \u00a0urbano y mitigar los efectos del cambio clim\u00e1tico. Esta conmemoraci\u00f3n fue adoptada en 1971 por la Convenci\u00f3n Mundial de [&hellip;]<\/p>\n","protected":false},"author":2,"featured_media":0,"comment_status":"open","ping_status":"open","sticky":false,"template":"","format":"standard","meta":[],"categories":[384],"tags":[],"yoast_head":"<!-- This site is optimized with the Yoast SEO plugin v18.5.1 - https:\/\/yoast.com\/wordpress\/plugins\/seo\/ -->\n<title>2 de febrero de 2013: D\u00eda Mundial de los Humedales | Corpoguajira<\/title>\n<meta name=\"robots\" content=\"index, follow, max-snippet:-1, max-image-preview:large, max-video-preview:-1\" \/>\n<link rel=\"canonical\" href=\"https:\/\/corpoguajira.gov.co\/wp\/2-de-febrero-de-2013-dia-mundial-de-los-humedales\/\" \/>\n<meta property=\"og:locale\" content=\"es_ES\" \/>\n<meta property=\"og:type\" content=\"article\" \/>\n<meta property=\"og:title\" content=\"2 de febrero de 2013: D\u00eda Mundial de los Humedales | Corpoguajira\" \/>\n<meta property=\"og:description\" content=\"\u00a0 Corpoguajira adelanta acciones para recuperar los humedales, \u00a0mejorar el h\u00e1bitat \u00a0urbano y mitigar los efectos del cambio clim\u00e1tico. Esta conmemoraci\u00f3n fue adoptada en 1971 por la Convenci\u00f3n Mundial de [&hellip;]\" \/>\n<meta property=\"og:url\" content=\"https:\/\/corpoguajira.gov.co\/wp\/2-de-febrero-de-2013-dia-mundial-de-los-humedales\/\" \/>\n<meta property=\"og:site_name\" content=\"Corporaci\u00f3n Aut\u00f3noma Regional de La Guajira\" \/>\n<meta property=\"article:published_time\" content=\"2013-02-02T12:51:57+00:00\" \/>\n<meta name=\"twitter:label1\" content=\"Escrito por\" \/>\n\t<meta name=\"twitter:data1\" content=\"Administrador Web\" \/>\n\t<meta name=\"twitter:label2\" content=\"Tiempo de lectura\" \/>\n\t<meta name=\"twitter:data2\" content=\"1 minuto\" \/>\n<script type=\"application\/ld+json\" class=\"yoast-schema-graph\">{\"@context\":\"https:\/\/schema.org\",\"@graph\":[{\"@type\":\"WebSite\",\"@id\":\"https:\/\/corpoguajira.gov.co\/wp\/#website\",\"url\":\"https:\/\/corpoguajira.gov.co\/wp\/\",\"name\":\"Corporaci\u00f3n Aut\u00f3noma Regional de La Guajira\",\"description\":\"La Sostenibilidad Ambiental, un Compromiso de Todos\",\"potentialAction\":[{\"@type\":\"SearchAction\",\"target\":{\"@type\":\"EntryPoint\",\"urlTemplate\":\"https:\/\/corpoguajira.gov.co\/wp\/?s={search_term_string}\"},\"query-input\":\"required name=search_term_string\"}],\"inLanguage\":\"es\"},{\"@type\":\"WebPage\",\"@id\":\"https:\/\/corpoguajira.gov.co\/wp\/2-de-febrero-de-2013-dia-mundial-de-los-humedales\/#webpage\",\"url\":\"https:\/\/corpoguajira.gov.co\/wp\/2-de-febrero-de-2013-dia-mundial-de-los-humedales\/\",\"name\":\"2 de febrero de 2013: D\u00eda Mundial de los Humedales | Corpoguajira\",\"isPartOf\":{\"@id\":\"https:\/\/corpoguajira.gov.co\/wp\/#website\"},\"datePublished\":\"2013-02-02T12:51:57+00:00\",\"dateModified\":\"2013-02-02T12:51:57+00:00\",\"author\":{\"@id\":\"https:\/\/corpoguajira.gov.co\/wp\/#\/schema\/person\/0b6ea52ef43991ee31b9f82375aa2105\"},\"breadcrumb\":{\"@id\":\"https:\/\/corpoguajira.gov.co\/wp\/2-de-febrero-de-2013-dia-mundial-de-los-humedales\/#breadcrumb\"},\"inLanguage\":\"es\",\"potentialAction\":[{\"@type\":\"ReadAction\",\"target\":[\"https:\/\/corpoguajira.gov.co\/wp\/2-de-febrero-de-2013-dia-mundial-de-los-humedales\/\"]}]},{\"@type\":\"BreadcrumbList\",\"@id\":\"https:\/\/corpoguajira.gov.co\/wp\/2-de-febrero-de-2013-dia-mundial-de-los-humedales\/#breadcrumb\",\"itemListElement\":[{\"@type\":\"ListItem\",\"position\":1,\"name\":\"Corpoguajira\",\"item\":\"https:\/\/corpoguajira.gov.co\/wp\/\"},{\"@type\":\"ListItem\",\"position\":2,\"name\":\"Noticias\",\"item\":\"https:\/\/corpoguajira.gov.co\/wp\/noticias\/\"},{\"@type\":\"ListItem\",\"position\":3,\"name\":\"2 de febrero de 2013: D\u00eda Mundial de los Humedales\"}]},{\"@type\":\"Person\",\"@id\":\"https:\/\/corpoguajira.gov.co\/wp\/#\/schema\/person\/0b6ea52ef43991ee31b9f82375aa2105\",\"name\":\"Administrador Web\",\"image\":{\"@type\":\"ImageObject\",\"@id\":\"https:\/\/corpoguajira.gov.co\/wp\/#personlogo\",\"inLanguage\":\"es\",\"url\":\"https:\/\/secure.gravatar.com\/avatar\/d54ee19bd233172ef0db2ba7739289b8?s=96&d=mm&r=g\",\"contentUrl\":\"https:\/\/secure.gravatar.com\/avatar\/d54ee19bd233172ef0db2ba7739289b8?s=96&d=mm&r=g\",\"caption\":\"Administrador Web\"},\"description\":\"Administrador Web de Corpoguajira.\",\"url\":\"https:\/\/corpoguajira.gov.co\/wp\/author\/webmaster\/\"}]}<\/script>\n<!-- \/ Yoast SEO plugin. -->","yoast_head_json":{"title":"2 de febrero de 2013: D\u00eda Mundial de los Humedales | Corpoguajira","robots":{"index":"index","follow":"follow","max-snippet":"max-snippet:-1","max-image-preview":"max-image-preview:large","max-video-preview":"max-video-preview:-1"},"canonical":"https:\/\/corpoguajira.gov.co\/wp\/2-de-febrero-de-2013-dia-mundial-de-los-humedales\/","og_locale":"es_ES","og_type":"article","og_title":"2 de febrero de 2013: D\u00eda Mundial de los Humedales | Corpoguajira","og_description":"\u00a0 Corpoguajira adelanta acciones para recuperar los humedales, \u00a0mejorar el h\u00e1bitat \u00a0urbano y mitigar los efectos del cambio clim\u00e1tico. Esta conmemoraci\u00f3n fue adoptada en 1971 por la Convenci\u00f3n Mundial de [&hellip;]","og_url":"https:\/\/corpoguajira.gov.co\/wp\/2-de-febrero-de-2013-dia-mundial-de-los-humedales\/","og_site_name":"Corporaci\u00f3n Aut\u00f3noma Regional de La Guajira","article_published_time":"2013-02-02T12:51:57+00:00","twitter_misc":{"Escrito por":"Administrador Web","Tiempo de lectura":"1 minuto"},"schema":{"@context":"https:\/\/schema.org","@graph":[{"@type":"WebSite","@id":"https:\/\/corpoguajira.gov.co\/wp\/#website","url":"https:\/\/corpoguajira.gov.co\/wp\/","name":"Corporaci\u00f3n Aut\u00f3noma Regional de La Guajira","description":"La Sostenibilidad Ambiental, un Compromiso de Todos","potentialAction":[{"@type":"SearchAction","target":{"@type":"EntryPoint","urlTemplate":"https:\/\/corpoguajira.gov.co\/wp\/?s={search_term_string}"},"query-input":"required name=search_term_string"}],"inLanguage":"es"},{"@type":"WebPage","@id":"https:\/\/corpoguajira.gov.co\/wp\/2-de-febrero-de-2013-dia-mundial-de-los-humedales\/#webpage","url":"https:\/\/corpoguajira.gov.co\/wp\/2-de-febrero-de-2013-dia-mundial-de-los-humedales\/","name":"2 de febrero de 2013: D\u00eda Mundial de los Humedales | Corpoguajira","isPartOf":{"@id":"https:\/\/corpoguajira.gov.co\/wp\/#website"},"datePublished":"2013-02-02T12:51:57+00:00","dateModified":"2013-02-02T12:51:57+00:00","author":{"@id":"https:\/\/corpoguajira.gov.co\/wp\/#\/schema\/person\/0b6ea52ef43991ee31b9f82375aa2105"},"breadcrumb":{"@id":"https:\/\/corpoguajira.gov.co\/wp\/2-de-febrero-de-2013-dia-mundial-de-los-humedales\/#breadcrumb"},"inLanguage":"es","potentialAction":[{"@type":"ReadAction","target":["https:\/\/corpoguajira.gov.co\/wp\/2-de-febrero-de-2013-dia-mundial-de-los-humedales\/"]}]},{"@type":"BreadcrumbList","@id":"https:\/\/corpoguajira.gov.co\/wp\/2-de-febrero-de-2013-dia-mundial-de-los-humedales\/#breadcrumb","itemListElement":[{"@type":"ListItem","position":1,"name":"Corpoguajira","item":"https:\/\/corpoguajira.gov.co\/wp\/"},{"@type":"ListItem","position":2,"name":"Noticias","item":"https:\/\/corpoguajira.gov.co\/wp\/noticias\/"},{"@type":"ListItem","position":3,"name":"2 de febrero de 2013: D\u00eda Mundial de los Humedales"}]},{"@type":"Person","@id":"https:\/\/corpoguajira.gov.co\/wp\/#\/schema\/person\/0b6ea52ef43991ee31b9f82375aa2105","name":"Administrador Web","image":{"@type":"ImageObject","@id":"https:\/\/corpoguajira.gov.co\/wp\/#personlogo","inLanguage":"es","url":"https:\/\/secure.gravatar.com\/avatar\/d54ee19bd233172ef0db2ba7739289b8?s=96&d=mm&r=g","contentUrl":"https:\/\/secure.gravatar.com\/avatar\/d54ee19bd233172ef0db2ba7739289b8?s=96&d=mm&r=g","caption":"Administrador Web"},"description":"Administrador Web de Corpoguajira.","url":"https:\/\/corpoguajira.gov.co\/wp\/author\/webmaster\/"}]}},"_links":{"self":[{"href":"https:\/\/corpoguajira.gov.co\/wp\/wp-json\/wp\/v2\/posts\/537"}],"collection":[{"href":"https:\/\/corpoguajira.gov.co\/wp\/wp-json\/wp\/v2\/posts"}],"about":[{"href":"https:\/\/corpoguajira.gov.co\/wp\/wp-json\/wp\/v2\/types\/post"}],"author":[{"embeddable":true,"href":"https:\/\/corpoguajira.gov.co\/wp\/wp-json\/wp\/v2\/users\/2"}],"replies":[{"embeddable":true,"href":"https:\/\/corpoguajira.gov.co\/wp\/wp-json\/wp\/v2\/comments?post=537"}],"version-history":[{"count":0,"href":"https:\/\/corpoguajira.gov.co\/wp\/wp-json\/wp\/v2\/posts\/537\/revisions"}],"wp:attachment":[{"href":"https:\/\/corpoguajira.gov.co\/wp\/wp-json\/wp\/v2\/media?parent=537"}],"wp:term":[{"taxonomy":"category","embeddable":true,"href":"https:\/\/corpoguajira.gov.co\/wp\/wp-json\/wp\/v2\/categories?post=537"},{"taxonomy":"post_tag","embeddable":true,"href":"https:\/\/corpoguajira.gov.co\/wp\/wp-json\/wp\/v2\/tags?post=537"}],"curies":[{"name":"wp","href":"https:\/\/api.w.org\/{rel}","templated":true}]}}