{"id":576,"date":"2013-04-23T14:41:20","date_gmt":"2013-04-23T14:41:20","guid":{"rendered":"http:\/\/localhost\/corpoguajira\/?p=576"},"modified":"2013-04-23T14:41:20","modified_gmt":"2013-04-23T14:41:20","slug":"las-car-rechazan-atentado-contra-corpoguajira","status":"publish","type":"post","link":"https:\/\/corpoguajira.gov.co\/wp\/las-car-rechazan-atentado-contra-corpoguajira\/","title":{"rendered":"Las CAR rechazan atentado contra Corpoguajira"},"content":{"rendered":"<p> \t<span style=\"font-size: 12px; text-align: justify;\">La Asociaci\u00f3n de Corporaciones Aut\u00f3nomas Regionales y de Desarrollo Sostenible, Asocars, rechaza de manera tajante el acto perpetrado contra la sede territorial de Corpoguajira, en el municipio de Fonseca; e hizo un llamado a la fuerza p\u00fablica para que acompa\u00f1en y brinden una mayor vigilancia a la Corporaci\u00f3n, en el desarrollo de sus funciones como autoridad ambiental en el Departamento de La Guajira.<\/span><\/p>\n<p style=\"text-align: justify;\"> \t<span style=\"font-size: 12px;\">El atentado que se produjo el pasado 11 de abril, en las instalaciones de la entidad se gener\u00f3 mediante un explosivo de bajo poder arrojado contra la infraestructura de la autoridad ambiental en el sur del departamento. \u00a0 Seg\u00fan reportes de la Polic\u00eda\u00a0<\/span>\u00a0el artefacto fue lanzado por grupos al margen de la ley \u00a0que operan en la zona; \u00a0<span style=\"font-size: 12px;\">no se registraron v\u00edctimas, s\u00f3lo da\u00f1os materiales.<\/span><\/p>\n<p> <!--more--> <\/p>\n<p style=\"text-align: justify;\"> \t<span style=\"font-size: 12px;\">La Junta Directiva de Asocars reunida en pleno en Rionegro, Antioquia; envi\u00f3 un mensaje de solidaridad y apoyo a \u00a0Corpoguajira; y a todos los funcionarios de la entidad. \u00a0\u00a0<\/span><\/p>\n<p style=\"text-align: justify;\"> \t<span style=\"font-size: 12px;\">Asocars respalda la excelente labor que viene desempe\u00f1ando la Corporaci\u00f3n en favor de la conservaci\u00f3n y protecci\u00f3n del medio ambiente \u00a0los recursos naturales y la biodiversidad; \u00a0 con la realizaci\u00f3n de estos trabajos se \u00a0genera bienestar y desarrollo sostenible a la poblaci\u00f3n de La Guajira.<\/span><\/p>\n","protected":false},"excerpt":{"rendered":"<p>La Asociaci\u00f3n de Corporaciones Aut\u00f3nomas Regionales y de Desarrollo Sostenible, Asocars, rechaza de manera tajante el acto perpetrado contra la sede territorial de Corpoguajira, en el municipio de Fonseca; e [&hellip;]<\/p>\n","protected":false},"author":2,"featured_media":0,"comment_status":"open","ping_status":"open","sticky":false,"template":"","format":"standard","meta":[],"categories":[384],"tags":[],"yoast_head":"<!-- This site is optimized with the Yoast SEO plugin v18.5.1 - https:\/\/yoast.com\/wordpress\/plugins\/seo\/ -->\n<title>Las CAR rechazan atentado contra Corpoguajira | Corpoguajira<\/title>\n<meta name=\"robots\" content=\"index, follow, max-snippet:-1, max-image-preview:large, max-video-preview:-1\" \/>\n<link rel=\"canonical\" href=\"https:\/\/corpoguajira.gov.co\/wp\/las-car-rechazan-atentado-contra-corpoguajira\/\" \/>\n<meta property=\"og:locale\" content=\"es_ES\" \/>\n<meta property=\"og:type\" content=\"article\" \/>\n<meta property=\"og:title\" content=\"Las CAR rechazan atentado contra Corpoguajira | Corpoguajira\" \/>\n<meta property=\"og:description\" content=\"La Asociaci\u00f3n de Corporaciones Aut\u00f3nomas Regionales y de Desarrollo Sostenible, Asocars, rechaza de manera tajante el acto perpetrado contra la sede territorial de Corpoguajira, en el municipio de Fonseca; e [&hellip;]\" \/>\n<meta property=\"og:url\" content=\"https:\/\/corpoguajira.gov.co\/wp\/las-car-rechazan-atentado-contra-corpoguajira\/\" \/>\n<meta property=\"og:site_name\" content=\"Corporaci\u00f3n Aut\u00f3noma Regional de La Guajira\" \/>\n<meta property=\"article:published_time\" content=\"2013-04-23T14:41:20+00:00\" \/>\n<meta name=\"twitter:label1\" content=\"Escrito por\" \/>\n\t<meta name=\"twitter:data1\" content=\"Administrador Web\" \/>\n\t<meta name=\"twitter:label2\" content=\"Tiempo de lectura\" \/>\n\t<meta name=\"twitter:data2\" content=\"1 minuto\" \/>\n<script type=\"application\/ld+json\" class=\"yoast-schema-graph\">{\"@context\":\"https:\/\/schema.org\",\"@graph\":[{\"@type\":\"WebSite\",\"@id\":\"https:\/\/corpoguajira.gov.co\/wp\/#website\",\"url\":\"https:\/\/corpoguajira.gov.co\/wp\/\",\"name\":\"Corporaci\u00f3n Aut\u00f3noma Regional de La Guajira\",\"description\":\"La Sostenibilidad Ambiental, un Compromiso de Todos\",\"potentialAction\":[{\"@type\":\"SearchAction\",\"target\":{\"@type\":\"EntryPoint\",\"urlTemplate\":\"https:\/\/corpoguajira.gov.co\/wp\/?s={search_term_string}\"},\"query-input\":\"required name=search_term_string\"}],\"inLanguage\":\"es\"},{\"@type\":\"WebPage\",\"@id\":\"https:\/\/corpoguajira.gov.co\/wp\/las-car-rechazan-atentado-contra-corpoguajira\/#webpage\",\"url\":\"https:\/\/corpoguajira.gov.co\/wp\/las-car-rechazan-atentado-contra-corpoguajira\/\",\"name\":\"Las CAR rechazan atentado contra Corpoguajira | Corpoguajira\",\"isPartOf\":{\"@id\":\"https:\/\/corpoguajira.gov.co\/wp\/#website\"},\"datePublished\":\"2013-04-23T14:41:20+00:00\",\"dateModified\":\"2013-04-23T14:41:20+00:00\",\"author\":{\"@id\":\"https:\/\/corpoguajira.gov.co\/wp\/#\/schema\/person\/0b6ea52ef43991ee31b9f82375aa2105\"},\"breadcrumb\":{\"@id\":\"https:\/\/corpoguajira.gov.co\/wp\/las-car-rechazan-atentado-contra-corpoguajira\/#breadcrumb\"},\"inLanguage\":\"es\",\"potentialAction\":[{\"@type\":\"ReadAction\",\"target\":[\"https:\/\/corpoguajira.gov.co\/wp\/las-car-rechazan-atentado-contra-corpoguajira\/\"]}]},{\"@type\":\"BreadcrumbList\",\"@id\":\"https:\/\/corpoguajira.gov.co\/wp\/las-car-rechazan-atentado-contra-corpoguajira\/#breadcrumb\",\"itemListElement\":[{\"@type\":\"ListItem\",\"position\":1,\"name\":\"Corpoguajira\",\"item\":\"https:\/\/corpoguajira.gov.co\/wp\/\"},{\"@type\":\"ListItem\",\"position\":2,\"name\":\"Noticias\",\"item\":\"https:\/\/corpoguajira.gov.co\/wp\/noticias\/\"},{\"@type\":\"ListItem\",\"position\":3,\"name\":\"Las CAR rechazan atentado contra Corpoguajira\"}]},{\"@type\":\"Person\",\"@id\":\"https:\/\/corpoguajira.gov.co\/wp\/#\/schema\/person\/0b6ea52ef43991ee31b9f82375aa2105\",\"name\":\"Administrador Web\",\"image\":{\"@type\":\"ImageObject\",\"@id\":\"https:\/\/corpoguajira.gov.co\/wp\/#personlogo\",\"inLanguage\":\"es\",\"url\":\"https:\/\/secure.gravatar.com\/avatar\/d54ee19bd233172ef0db2ba7739289b8?s=96&d=mm&r=g\",\"contentUrl\":\"https:\/\/secure.gravatar.com\/avatar\/d54ee19bd233172ef0db2ba7739289b8?s=96&d=mm&r=g\",\"caption\":\"Administrador Web\"},\"description\":\"Administrador Web de Corpoguajira.\",\"url\":\"https:\/\/corpoguajira.gov.co\/wp\/author\/webmaster\/\"}]}<\/script>\n<!-- \/ Yoast SEO plugin. -->","yoast_head_json":{"title":"Las CAR rechazan atentado contra Corpoguajira | Corpoguajira","robots":{"index":"index","follow":"follow","max-snippet":"max-snippet:-1","max-image-preview":"max-image-preview:large","max-video-preview":"max-video-preview:-1"},"canonical":"https:\/\/corpoguajira.gov.co\/wp\/las-car-rechazan-atentado-contra-corpoguajira\/","og_locale":"es_ES","og_type":"article","og_title":"Las CAR rechazan atentado contra Corpoguajira | Corpoguajira","og_description":"La Asociaci\u00f3n de Corporaciones Aut\u00f3nomas Regionales y de Desarrollo Sostenible, Asocars, rechaza de manera tajante el acto perpetrado contra la sede territorial de Corpoguajira, en el municipio de Fonseca; e [&hellip;]","og_url":"https:\/\/corpoguajira.gov.co\/wp\/las-car-rechazan-atentado-contra-corpoguajira\/","og_site_name":"Corporaci\u00f3n Aut\u00f3noma Regional de La Guajira","article_published_time":"2013-04-23T14:41:20+00:00","twitter_misc":{"Escrito por":"Administrador Web","Tiempo de lectura":"1 minuto"},"schema":{"@context":"https:\/\/schema.org","@graph":[{"@type":"WebSite","@id":"https:\/\/corpoguajira.gov.co\/wp\/#website","url":"https:\/\/corpoguajira.gov.co\/wp\/","name":"Corporaci\u00f3n Aut\u00f3noma Regional de La Guajira","description":"La Sostenibilidad Ambiental, un Compromiso de Todos","potentialAction":[{"@type":"SearchAction","target":{"@type":"EntryPoint","urlTemplate":"https:\/\/corpoguajira.gov.co\/wp\/?s={search_term_string}"},"query-input":"required name=search_term_string"}],"inLanguage":"es"},{"@type":"WebPage","@id":"https:\/\/corpoguajira.gov.co\/wp\/las-car-rechazan-atentado-contra-corpoguajira\/#webpage","url":"https:\/\/corpoguajira.gov.co\/wp\/las-car-rechazan-atentado-contra-corpoguajira\/","name":"Las CAR rechazan atentado contra Corpoguajira | Corpoguajira","isPartOf":{"@id":"https:\/\/corpoguajira.gov.co\/wp\/#website"},"datePublished":"2013-04-23T14:41:20+00:00","dateModified":"2013-04-23T14:41:20+00:00","author":{"@id":"https:\/\/corpoguajira.gov.co\/wp\/#\/schema\/person\/0b6ea52ef43991ee31b9f82375aa2105"},"breadcrumb":{"@id":"https:\/\/corpoguajira.gov.co\/wp\/las-car-rechazan-atentado-contra-corpoguajira\/#breadcrumb"},"inLanguage":"es","potentialAction":[{"@type":"ReadAction","target":["https:\/\/corpoguajira.gov.co\/wp\/las-car-rechazan-atentado-contra-corpoguajira\/"]}]},{"@type":"BreadcrumbList","@id":"https:\/\/corpoguajira.gov.co\/wp\/las-car-rechazan-atentado-contra-corpoguajira\/#breadcrumb","itemListElement":[{"@type":"ListItem","position":1,"name":"Corpoguajira","item":"https:\/\/corpoguajira.gov.co\/wp\/"},{"@type":"ListItem","position":2,"name":"Noticias","item":"https:\/\/corpoguajira.gov.co\/wp\/noticias\/"},{"@type":"ListItem","position":3,"name":"Las CAR rechazan atentado contra Corpoguajira"}]},{"@type":"Person","@id":"https:\/\/corpoguajira.gov.co\/wp\/#\/schema\/person\/0b6ea52ef43991ee31b9f82375aa2105","name":"Administrador Web","image":{"@type":"ImageObject","@id":"https:\/\/corpoguajira.gov.co\/wp\/#personlogo","inLanguage":"es","url":"https:\/\/secure.gravatar.com\/avatar\/d54ee19bd233172ef0db2ba7739289b8?s=96&d=mm&r=g","contentUrl":"https:\/\/secure.gravatar.com\/avatar\/d54ee19bd233172ef0db2ba7739289b8?s=96&d=mm&r=g","caption":"Administrador Web"},"description":"Administrador Web de Corpoguajira.","url":"https:\/\/corpoguajira.gov.co\/wp\/author\/webmaster\/"}]}},"_links":{"self":[{"href":"https:\/\/corpoguajira.gov.co\/wp\/wp-json\/wp\/v2\/posts\/576"}],"collection":[{"href":"https:\/\/corpoguajira.gov.co\/wp\/wp-json\/wp\/v2\/posts"}],"about":[{"href":"https:\/\/corpoguajira.gov.co\/wp\/wp-json\/wp\/v2\/types\/post"}],"author":[{"embeddable":true,"href":"https:\/\/corpoguajira.gov.co\/wp\/wp-json\/wp\/v2\/users\/2"}],"replies":[{"embeddable":true,"href":"https:\/\/corpoguajira.gov.co\/wp\/wp-json\/wp\/v2\/comments?post=576"}],"version-history":[{"count":0,"href":"https:\/\/corpoguajira.gov.co\/wp\/wp-json\/wp\/v2\/posts\/576\/revisions"}],"wp:attachment":[{"href":"https:\/\/corpoguajira.gov.co\/wp\/wp-json\/wp\/v2\/media?parent=576"}],"wp:term":[{"taxonomy":"category","embeddable":true,"href":"https:\/\/corpoguajira.gov.co\/wp\/wp-json\/wp\/v2\/categories?post=576"},{"taxonomy":"post_tag","embeddable":true,"href":"https:\/\/corpoguajira.gov.co\/wp\/wp-json\/wp\/v2\/tags?post=576"}],"curies":[{"name":"wp","href":"https:\/\/api.w.org\/{rel}","templated":true}]}}