{"id":5897,"date":"2015-11-09T16:27:57","date_gmt":"2015-11-09T21:27:57","guid":{"rendered":"http:\/\/corpoguajira.gov.co\/wp\/?p=5897"},"modified":"2015-11-09T16:27:57","modified_gmt":"2015-11-09T21:27:57","slug":"la-meta-es-el-agua-iniciativa-para-que-los-colombianos-se-unan-a-conservar-las-fuentes-hidricas-de-la-guajira","status":"publish","type":"post","link":"https:\/\/corpoguajira.gov.co\/wp\/la-meta-es-el-agua-iniciativa-para-que-los-colombianos-se-unan-a-conservar-las-fuentes-hidricas-de-la-guajira\/","title":{"rendered":"La Meta es el Agua, iniciativa para que los colombianos se unan a conservar las fuentes h\u00eddricas de La Guajira"},"content":{"rendered":"<p>&nbsp;<\/p>\n<p>&nbsp;<\/p>\n<ul>\n<li><em>Esta iniciativa, creada por Corpoguajira y la Fundaci\u00f3n Estudio, \u00a0con el apoyo de Ministerio de Cultura, \u00a0C\u00e1mara de Representantes, Ministerio de Ambiente, entre otros, busca proteger 685 hect\u00e1reas de bosque en \u00a0el DMI Cerro Ba\u00f1aderos; \u00a0beneficiando a m\u00e1s de 300.000 habitantes La Guajira.<\/em><\/li>\n<\/ul>\n<p><em>\u00a0<\/em><\/p>\n<ul>\n<li><em>Para recolectar gran parte de los fondos de esta iniciativa se llevar\u00e1 a cabo la noche ben\u00e9fica \u201cLa meta es el agua\u201d, recital vallenato que contar\u00e1 con la participaci\u00f3n de Peter Manjarr\u00e9s, Roger Berm\u00fadez y Gustavo Guti\u00e9rrez. La gala se realizar\u00e1 el pr\u00f3ximo 25 de noviembre en el Teatro Col\u00f3n de Bogot\u00e1 a las 6:30 PM.<\/em><\/li>\n<\/ul>\n<p><em>\u00a0<\/em><\/p>\n<p><em><br \/>\n\u200b<br \/>\n<\/em><\/p>\n<p>&nbsp;<\/p>\n<p>El departamento de La Guajira se encuentra azotado por una importante\u00a0escasez\u00a0\u00a0de agua recurrente a\u00f1o tras a\u00f1o, afectando a la poblaci\u00f3n vulnerable que no cuenta en la actualidad con\u00a0ning\u00fan sistema de almacenamiento o suministro de este importante l\u00edquido, que garantice su supervivencia durante \u00e9pocas de sequ\u00eda o fen\u00f3menos naturales, y en donde las lluvias cesan de manera indefinida.<\/p>\n<p>&nbsp;<\/p>\n<p>\u201cSe estima que el recurso h\u00eddrico en la pen\u00ednsula ha tenido una disminuci\u00f3n del 60% en los \u00faltimos 20 a\u00f1os, debido a pr\u00e1cticas da\u00f1inas del hombre sobre la naturaleza y los efectos del cambio clim\u00e1tico.\u00a0 Las zonas que a\u00fan proveen el preciado recurso, como Cerro Ba\u00f1aderos, se encuentran en alto riesgo por \u00a0la deforestaci\u00f3n -de aproximadamente un mill\u00f3n de \u00e1rboles-, la expansi\u00f3n de la frontera agr\u00edcola \u00a0y los continuos incendios forestales, por esto se requieren medidas urgentes\u201d, afirma Luis Medina Toro, Director de Corpoguajira.<\/p>\n<p>&nbsp;<\/p>\n<p>Por esto, y en pro de la conservaci\u00f3n y protecci\u00f3n del ecosistema estrat\u00e9gico de las fuentes y nacimientos de agua de La Guajira, como las provenientes del Cerro Ba\u00f1aderos, \u00a0Corpoguajira y la Fundaci\u00f3n Estudio, \u00a0crearon \u201cLa meta es el agua\u201d una iniciativa que busca beneficiar a 300.000 personas de las poblaciones aleda\u00f1as, a trav\u00e9s de la identificaci\u00f3n, educaci\u00f3n y acompa\u00f1amiento de 32 familias de la regi\u00f3n, qui\u00e9nes velar\u00e1n por 685 hect\u00e1reas de bosques \u00a0para as\u00ed proteger las cuencas hidrogr\u00e1ficas, salvaguardar las especies de flora amenazadas de la zona, proteger a especies de fauna calificada bajo riesgo de amenaza y mantener la funcionalidad del \u00e1rea como espacio estrat\u00e9gico para la conectividad ecol\u00f3gica entre la serran\u00eda del Perij\u00e1 y la sierra Nevada de Santa Marta.<\/p>\n<p>&nbsp;<\/p>\n<p>Para lograrlo, el pr\u00f3ximo mi\u00e9rcoles 25 de noviembre en el Teatro Col\u00f3n de Bogot\u00e1, a las 6:30 de la noche, se realizar\u00e1 la noche ben\u00e9fica \u201cLa meta es el agua\u201d, una gala en la que se buscar\u00e1 recolectar los recursos necesarios para la realizaci\u00f3n de todas las actividades del proyecto, y que busca abonados quienes a trav\u00e9s de la p\u00e1gina<a href=\"http:\/\/www.lametaeselagua.com\/\">www.lametaeselagua.com<\/a>, podr\u00e1n asistir a la gala, aportar y hacer parte de esta causa que beneficia a los guajiros que tanto lo necesitan.<\/p>\n<p>&nbsp;<\/p>\n<p>\u201cVarias organizaciones p\u00fablicas y privadas se han sumado a esta importante velada, entre los que se destacan el Ministerio de Cultura, la C\u00e1mara de Representantes, el Ministerio de Ambiente, La Fundaci\u00f3n A Kiss For All The World, Cotelco Bogot\u00e1-Cundinamarca, Al\u00fcn Ideas, Corporaci\u00f3n Preservar, Corporaci\u00f3n Francisco El Hombre, Banco 2, la Federaci\u00f3n de Departamentos, Cerrej\u00f3n, entre otros\u00bb, \u00a0a\u00f1ade \u00a0Walter Daza Cuello, Vicepresidente de Fundaci\u00f3n Estudio. Qui\u00e9n enfatiza \u00a0que gracias a estos importantes aliados la noche de gala de \u201cLa meta es el agua\u201d es toda una realidad.<\/p>\n<p>&nbsp;<\/p>\n<p>Las donaciones para el recaudo de los fondos oscilan entre $150.000 y $600.000, correspondientes a la entrada a esta magn\u00edfica noche que contar\u00e1 con un Recital Vallenato, aut\u00f3ctono de la Regi\u00f3n Caribe, con la participaci\u00f3n de Peter Manjarr\u00e9s, Gustavo Guti\u00e9rrez y el Maestro del arpa vallenata, Roger Berm\u00fadez, quienes asegurar\u00e1n a los asistentes una noche especial e inolvidable. ,<\/p>\n<p>&nbsp;<\/p>\n<p>Adem\u00e1s del recital, durante la velada se entregar\u00e1 por primera vez en Colombia el reconocimiento Makuira a las personas y organizaciones que durante a\u00f1os han luchado en beneficio de la conservaci\u00f3n del medio ambiente en nuestro pa\u00eds.<\/p>\n<p>&nbsp;<\/p>\n<p>La iniciativa La meta es el agua pretende, gracias al apoyo de las entidades del estado, la empresa privada y los colombianos, proteger esta zona del pa\u00eds, con la cual se podr\u00eda mejorar de manera definitiva la calidad de vida de m\u00e1s de 300 mil personas, pues es el agua de primordial abastecimiento y vitalidad para la regi\u00f3n.<\/p>\n","protected":false},"excerpt":{"rendered":"<p>&nbsp; &nbsp; Esta iniciativa, creada por Corpoguajira y la Fundaci\u00f3n Estudio, \u00a0con el apoyo de Ministerio de Cultura, \u00a0C\u00e1mara de Representantes, Ministerio de Ambiente, entre otros, busca proteger 685 hect\u00e1reas [&hellip;]<\/p>\n","protected":false},"author":4,"featured_media":5898,"comment_status":"open","ping_status":"open","sticky":false,"template":"","format":"standard","meta":[],"categories":[384],"tags":[774],"yoast_head":"<!-- This site is optimized with the Yoast SEO plugin v18.5.1 - https:\/\/yoast.com\/wordpress\/plugins\/seo\/ -->\n<title>La Meta es el Agua, iniciativa para que los colombianos se unan a conservar las fuentes h\u00eddricas de La Guajira | Corpoguajira<\/title>\n<meta name=\"robots\" content=\"index, follow, max-snippet:-1, max-image-preview:large, max-video-preview:-1\" \/>\n<link rel=\"canonical\" href=\"https:\/\/corpoguajira.gov.co\/wp\/la-meta-es-el-agua-iniciativa-para-que-los-colombianos-se-unan-a-conservar-las-fuentes-hidricas-de-la-guajira\/\" \/>\n<meta property=\"og:locale\" content=\"es_ES\" \/>\n<meta property=\"og:type\" content=\"article\" \/>\n<meta property=\"og:title\" content=\"La Meta es el Agua, iniciativa para que los colombianos se unan a conservar las fuentes h\u00eddricas de La Guajira | Corpoguajira\" \/>\n<meta property=\"og:description\" content=\"&nbsp; &nbsp; Esta iniciativa, creada por Corpoguajira y la Fundaci\u00f3n Estudio, \u00a0con el apoyo de Ministerio de Cultura, \u00a0C\u00e1mara de Representantes, Ministerio de Ambiente, entre otros, busca proteger 685 hect\u00e1reas [&hellip;]\" \/>\n<meta property=\"og:url\" content=\"https:\/\/corpoguajira.gov.co\/wp\/la-meta-es-el-agua-iniciativa-para-que-los-colombianos-se-unan-a-conservar-las-fuentes-hidricas-de-la-guajira\/\" \/>\n<meta property=\"og:site_name\" content=\"Corporaci\u00f3n Aut\u00f3noma Regional de La Guajira\" \/>\n<meta property=\"article:published_time\" content=\"2015-11-09T21:27:57+00:00\" \/>\n<meta property=\"og:image\" content=\"https:\/\/www.corpoguajira.gov.co\/wp\/wp-content\/uploads\/2015\/11\/LMAGlandingpage-14.jpg\" \/>\n\t<meta property=\"og:image:width\" content=\"1726\" \/>\n\t<meta property=\"og:image:height\" content=\"1726\" \/>\n\t<meta property=\"og:image:type\" content=\"image\/jpeg\" \/>\n<meta name=\"twitter:label1\" content=\"Escrito por\" \/>\n\t<meta name=\"twitter:data1\" content=\"Oficina Comunicaciones\" \/>\n\t<meta name=\"twitter:label2\" content=\"Tiempo de lectura\" \/>\n\t<meta name=\"twitter:data2\" content=\"4 minutos\" \/>\n<script type=\"application\/ld+json\" class=\"yoast-schema-graph\">{\"@context\":\"https:\/\/schema.org\",\"@graph\":[{\"@type\":\"WebSite\",\"@id\":\"https:\/\/corpoguajira.gov.co\/wp\/#website\",\"url\":\"https:\/\/corpoguajira.gov.co\/wp\/\",\"name\":\"Corporaci\u00f3n Aut\u00f3noma Regional de La Guajira\",\"description\":\"La Sostenibilidad Ambiental, un Compromiso de Todos\",\"potentialAction\":[{\"@type\":\"SearchAction\",\"target\":{\"@type\":\"EntryPoint\",\"urlTemplate\":\"https:\/\/corpoguajira.gov.co\/wp\/?s={search_term_string}\"},\"query-input\":\"required name=search_term_string\"}],\"inLanguage\":\"es\"},{\"@type\":\"ImageObject\",\"@id\":\"https:\/\/corpoguajira.gov.co\/wp\/la-meta-es-el-agua-iniciativa-para-que-los-colombianos-se-unan-a-conservar-las-fuentes-hidricas-de-la-guajira\/#primaryimage\",\"inLanguage\":\"es\",\"url\":\"https:\/\/www.corpoguajira.gov.co\/wp\/wp-content\/uploads\/2015\/11\/LMAGlandingpage-14.jpg\",\"contentUrl\":\"https:\/\/www.corpoguajira.gov.co\/wp\/wp-content\/uploads\/2015\/11\/LMAGlandingpage-14.jpg\",\"width\":1726,\"height\":1726},{\"@type\":\"WebPage\",\"@id\":\"https:\/\/corpoguajira.gov.co\/wp\/la-meta-es-el-agua-iniciativa-para-que-los-colombianos-se-unan-a-conservar-las-fuentes-hidricas-de-la-guajira\/#webpage\",\"url\":\"https:\/\/corpoguajira.gov.co\/wp\/la-meta-es-el-agua-iniciativa-para-que-los-colombianos-se-unan-a-conservar-las-fuentes-hidricas-de-la-guajira\/\",\"name\":\"La Meta es el Agua, iniciativa para que los colombianos se unan a conservar las fuentes h\u00eddricas de La Guajira | Corpoguajira\",\"isPartOf\":{\"@id\":\"https:\/\/corpoguajira.gov.co\/wp\/#website\"},\"primaryImageOfPage\":{\"@id\":\"https:\/\/corpoguajira.gov.co\/wp\/la-meta-es-el-agua-iniciativa-para-que-los-colombianos-se-unan-a-conservar-las-fuentes-hidricas-de-la-guajira\/#primaryimage\"},\"datePublished\":\"2015-11-09T21:27:57+00:00\",\"dateModified\":\"2015-11-09T21:27:57+00:00\",\"author\":{\"@id\":\"https:\/\/corpoguajira.gov.co\/wp\/#\/schema\/person\/20b8ef7397c5a7f0b680331028e4ea90\"},\"breadcrumb\":{\"@id\":\"https:\/\/corpoguajira.gov.co\/wp\/la-meta-es-el-agua-iniciativa-para-que-los-colombianos-se-unan-a-conservar-las-fuentes-hidricas-de-la-guajira\/#breadcrumb\"},\"inLanguage\":\"es\",\"potentialAction\":[{\"@type\":\"ReadAction\",\"target\":[\"https:\/\/corpoguajira.gov.co\/wp\/la-meta-es-el-agua-iniciativa-para-que-los-colombianos-se-unan-a-conservar-las-fuentes-hidricas-de-la-guajira\/\"]}]},{\"@type\":\"BreadcrumbList\",\"@id\":\"https:\/\/corpoguajira.gov.co\/wp\/la-meta-es-el-agua-iniciativa-para-que-los-colombianos-se-unan-a-conservar-las-fuentes-hidricas-de-la-guajira\/#breadcrumb\",\"itemListElement\":[{\"@type\":\"ListItem\",\"position\":1,\"name\":\"Corpoguajira\",\"item\":\"https:\/\/corpoguajira.gov.co\/wp\/\"},{\"@type\":\"ListItem\",\"position\":2,\"name\":\"Noticias\",\"item\":\"https:\/\/corpoguajira.gov.co\/wp\/noticias\/\"},{\"@type\":\"ListItem\",\"position\":3,\"name\":\"La Meta es el Agua, iniciativa para que los colombianos se unan a conservar las fuentes h\u00eddricas de La Guajira\"}]},{\"@type\":\"Person\",\"@id\":\"https:\/\/corpoguajira.gov.co\/wp\/#\/schema\/person\/20b8ef7397c5a7f0b680331028e4ea90\",\"name\":\"Oficina Comunicaciones\",\"image\":{\"@type\":\"ImageObject\",\"@id\":\"https:\/\/corpoguajira.gov.co\/wp\/#personlogo\",\"inLanguage\":\"es\",\"url\":\"https:\/\/secure.gravatar.com\/avatar\/ada8791cfeb6fb9bb1cf6a56a0a4199a?s=96&d=mm&r=g\",\"contentUrl\":\"https:\/\/secure.gravatar.com\/avatar\/ada8791cfeb6fb9bb1cf6a56a0a4199a?s=96&d=mm&r=g\",\"caption\":\"Oficina Comunicaciones\"},\"url\":\"https:\/\/corpoguajira.gov.co\/wp\/author\/publicaciones\/\"}]}<\/script>\n<!-- \/ Yoast SEO plugin. -->","yoast_head_json":{"title":"La Meta es el Agua, iniciativa para que los colombianos se unan a conservar las fuentes h\u00eddricas de La Guajira | Corpoguajira","robots":{"index":"index","follow":"follow","max-snippet":"max-snippet:-1","max-image-preview":"max-image-preview:large","max-video-preview":"max-video-preview:-1"},"canonical":"https:\/\/corpoguajira.gov.co\/wp\/la-meta-es-el-agua-iniciativa-para-que-los-colombianos-se-unan-a-conservar-las-fuentes-hidricas-de-la-guajira\/","og_locale":"es_ES","og_type":"article","og_title":"La Meta es el Agua, iniciativa para que los colombianos se unan a conservar las fuentes h\u00eddricas de La Guajira | Corpoguajira","og_description":"&nbsp; &nbsp; Esta iniciativa, creada por Corpoguajira y la Fundaci\u00f3n Estudio, \u00a0con el apoyo de Ministerio de Cultura, \u00a0C\u00e1mara de Representantes, Ministerio de Ambiente, entre otros, busca proteger 685 hect\u00e1reas [&hellip;]","og_url":"https:\/\/corpoguajira.gov.co\/wp\/la-meta-es-el-agua-iniciativa-para-que-los-colombianos-se-unan-a-conservar-las-fuentes-hidricas-de-la-guajira\/","og_site_name":"Corporaci\u00f3n Aut\u00f3noma Regional de La Guajira","article_published_time":"2015-11-09T21:27:57+00:00","og_image":[{"width":1726,"height":1726,"url":"https:\/\/www.corpoguajira.gov.co\/wp\/wp-content\/uploads\/2015\/11\/LMAGlandingpage-14.jpg","type":"image\/jpeg"}],"twitter_misc":{"Escrito por":"Oficina Comunicaciones","Tiempo de lectura":"4 minutos"},"schema":{"@context":"https:\/\/schema.org","@graph":[{"@type":"WebSite","@id":"https:\/\/corpoguajira.gov.co\/wp\/#website","url":"https:\/\/corpoguajira.gov.co\/wp\/","name":"Corporaci\u00f3n Aut\u00f3noma Regional de La Guajira","description":"La Sostenibilidad Ambiental, un Compromiso de Todos","potentialAction":[{"@type":"SearchAction","target":{"@type":"EntryPoint","urlTemplate":"https:\/\/corpoguajira.gov.co\/wp\/?s={search_term_string}"},"query-input":"required name=search_term_string"}],"inLanguage":"es"},{"@type":"ImageObject","@id":"https:\/\/corpoguajira.gov.co\/wp\/la-meta-es-el-agua-iniciativa-para-que-los-colombianos-se-unan-a-conservar-las-fuentes-hidricas-de-la-guajira\/#primaryimage","inLanguage":"es","url":"https:\/\/www.corpoguajira.gov.co\/wp\/wp-content\/uploads\/2015\/11\/LMAGlandingpage-14.jpg","contentUrl":"https:\/\/www.corpoguajira.gov.co\/wp\/wp-content\/uploads\/2015\/11\/LMAGlandingpage-14.jpg","width":1726,"height":1726},{"@type":"WebPage","@id":"https:\/\/corpoguajira.gov.co\/wp\/la-meta-es-el-agua-iniciativa-para-que-los-colombianos-se-unan-a-conservar-las-fuentes-hidricas-de-la-guajira\/#webpage","url":"https:\/\/corpoguajira.gov.co\/wp\/la-meta-es-el-agua-iniciativa-para-que-los-colombianos-se-unan-a-conservar-las-fuentes-hidricas-de-la-guajira\/","name":"La Meta es el Agua, iniciativa para que los colombianos se unan a conservar las fuentes h\u00eddricas de La Guajira | Corpoguajira","isPartOf":{"@id":"https:\/\/corpoguajira.gov.co\/wp\/#website"},"primaryImageOfPage":{"@id":"https:\/\/corpoguajira.gov.co\/wp\/la-meta-es-el-agua-iniciativa-para-que-los-colombianos-se-unan-a-conservar-las-fuentes-hidricas-de-la-guajira\/#primaryimage"},"datePublished":"2015-11-09T21:27:57+00:00","dateModified":"2015-11-09T21:27:57+00:00","author":{"@id":"https:\/\/corpoguajira.gov.co\/wp\/#\/schema\/person\/20b8ef7397c5a7f0b680331028e4ea90"},"breadcrumb":{"@id":"https:\/\/corpoguajira.gov.co\/wp\/la-meta-es-el-agua-iniciativa-para-que-los-colombianos-se-unan-a-conservar-las-fuentes-hidricas-de-la-guajira\/#breadcrumb"},"inLanguage":"es","potentialAction":[{"@type":"ReadAction","target":["https:\/\/corpoguajira.gov.co\/wp\/la-meta-es-el-agua-iniciativa-para-que-los-colombianos-se-unan-a-conservar-las-fuentes-hidricas-de-la-guajira\/"]}]},{"@type":"BreadcrumbList","@id":"https:\/\/corpoguajira.gov.co\/wp\/la-meta-es-el-agua-iniciativa-para-que-los-colombianos-se-unan-a-conservar-las-fuentes-hidricas-de-la-guajira\/#breadcrumb","itemListElement":[{"@type":"ListItem","position":1,"name":"Corpoguajira","item":"https:\/\/corpoguajira.gov.co\/wp\/"},{"@type":"ListItem","position":2,"name":"Noticias","item":"https:\/\/corpoguajira.gov.co\/wp\/noticias\/"},{"@type":"ListItem","position":3,"name":"La Meta es el Agua, iniciativa para que los colombianos se unan a conservar las fuentes h\u00eddricas de La Guajira"}]},{"@type":"Person","@id":"https:\/\/corpoguajira.gov.co\/wp\/#\/schema\/person\/20b8ef7397c5a7f0b680331028e4ea90","name":"Oficina Comunicaciones","image":{"@type":"ImageObject","@id":"https:\/\/corpoguajira.gov.co\/wp\/#personlogo","inLanguage":"es","url":"https:\/\/secure.gravatar.com\/avatar\/ada8791cfeb6fb9bb1cf6a56a0a4199a?s=96&d=mm&r=g","contentUrl":"https:\/\/secure.gravatar.com\/avatar\/ada8791cfeb6fb9bb1cf6a56a0a4199a?s=96&d=mm&r=g","caption":"Oficina Comunicaciones"},"url":"https:\/\/corpoguajira.gov.co\/wp\/author\/publicaciones\/"}]}},"_links":{"self":[{"href":"https:\/\/corpoguajira.gov.co\/wp\/wp-json\/wp\/v2\/posts\/5897"}],"collection":[{"href":"https:\/\/corpoguajira.gov.co\/wp\/wp-json\/wp\/v2\/posts"}],"about":[{"href":"https:\/\/corpoguajira.gov.co\/wp\/wp-json\/wp\/v2\/types\/post"}],"author":[{"embeddable":true,"href":"https:\/\/corpoguajira.gov.co\/wp\/wp-json\/wp\/v2\/users\/4"}],"replies":[{"embeddable":true,"href":"https:\/\/corpoguajira.gov.co\/wp\/wp-json\/wp\/v2\/comments?post=5897"}],"version-history":[{"count":1,"href":"https:\/\/corpoguajira.gov.co\/wp\/wp-json\/wp\/v2\/posts\/5897\/revisions"}],"predecessor-version":[{"id":5899,"href":"https:\/\/corpoguajira.gov.co\/wp\/wp-json\/wp\/v2\/posts\/5897\/revisions\/5899"}],"wp:featuredmedia":[{"embeddable":true,"href":"https:\/\/corpoguajira.gov.co\/wp\/wp-json\/wp\/v2\/media\/5898"}],"wp:attachment":[{"href":"https:\/\/corpoguajira.gov.co\/wp\/wp-json\/wp\/v2\/media?parent=5897"}],"wp:term":[{"taxonomy":"category","embeddable":true,"href":"https:\/\/corpoguajira.gov.co\/wp\/wp-json\/wp\/v2\/categories?post=5897"},{"taxonomy":"post_tag","embeddable":true,"href":"https:\/\/corpoguajira.gov.co\/wp\/wp-json\/wp\/v2\/tags?post=5897"}],"curies":[{"name":"wp","href":"https:\/\/api.w.org\/{rel}","templated":true}]}}