{"id":596,"date":"2013-06-02T14:10:39","date_gmt":"2013-06-02T14:10:39","guid":{"rendered":"http:\/\/localhost\/corpoguajira\/?p=596"},"modified":"2013-06-02T14:10:39","modified_gmt":"2013-06-02T14:10:39","slug":"con-actividades-academicas-y-culturales-corpoguajira-celebrara-el-dia-mundial-del-medio-ambiente","status":"publish","type":"post","link":"https:\/\/corpoguajira.gov.co\/wp\/con-actividades-academicas-y-culturales-corpoguajira-celebrara-el-dia-mundial-del-medio-ambiente\/","title":{"rendered":"Con actividades acad\u00e9micas y culturales, Corpoguajira celebrar\u00e1 el D\u00eda Mundial del Medio Ambiente"},"content":{"rendered":"<p style=\"text-align: justify;\"> \tLa Asamblea General de la ONU design\u00f3 el 5 de junio de cada a\u00f1o, \u00a0como el D\u00eda Mundial del Medio Ambiente, con el prop\u00f3sito de \u00a0hacer m\u00e1s profunda la conciencia universal sobre la necesidad de proteger y mejorar nuestro entorno y la biodiversidad.<\/p>\n<p style=\"text-align: justify;\"> \tPara unirse a esta gran celebraci\u00f3n, Corpoguajira dise\u00f1\u00f3 una variada programaci\u00f3n en la que participar\u00e1n docentes, estudiantes, comunidades ind\u00edgenas, comunidad en general, empresas oficiales y privadas; con el fin de celebrar en grande esta importante fecha ambiental y sensibilizar a los habitantes de la regi\u00f3n sobre la importancia de conservar el medio ambiente y los recursos naturales.<\/p>\n<p style=\"text-align: justify;\"> \tEl martes 5 de junio del presente a\u00f1o, a partir de las 8:00 am se realizar\u00e1 el seminario &ldquo;Gesti\u00f3n Ambiental Urbana y Proceso Sancionatorio Ambiental, Responsabilidad Civil, Administrativa y Disciplinaria&rdquo;; dirigido a funcionarios p\u00fablicos, l\u00edderes comunitarios y acad\u00e9micos.<\/p>\n<p> <!--more--> <\/p>\n<p> \t\u00a0<\/p>\n<p style=\"text-align: justify;\"> \tA la 9:00 am, \u00a0inicia el taller de manualidades y pintura &ldquo;Creatividad en Ambiente&rdquo;. \u00a0La actividad se llevar\u00e1 a cabo en Riohacha, en las instalaciones de la Casa Ecol\u00f3gica (Calle 10 N\u00b0 3 -61).<\/p>\n<p> \t\u00a0<\/p>\n<p style=\"text-align: justify;\"> \t\u00a0<\/p>\n<p style=\"text-align: justify;\"> \tVarias comunidades de ind\u00edgenas Way\u00fau, participar\u00e1n en el corregimiento de El P\u00e1jaro (Manaure), en \u00a0una jornada pedag\u00f3gica \u00a0sobre gesti\u00f3n de los residuos s\u00f3lidos domiciliarios. \u00a0Al \u00a0evento tambi\u00e9n asistir\u00e1n \u00a0docentes, \u00a0representantes del cuerpo administrativo, estudiantes y padres de familia del Centro de Desarrollo Infantil.<\/p>\n<p style=\"text-align: justify;\"> \tEn horas de la tarde, se ha programado en el auditorio de Corpoguajira el taller &ldquo;La permacultura como estrategia de minimizaci\u00f3n de los efectos del cambio clim\u00e1tico&rdquo;; dirigido a la Polic\u00eda Ecol\u00f3gica y Ambiental y estudiantes de media vocacional de las Instituciones Educativas Livio Reginaldo Fischione, Efra\u00edn Deluque Sempr\u00fam y Denzil Escolar. \u00a0 El evento contar\u00e1 con la orientaci\u00f3n del \u00a0Agr\u00f3nomo y Msc en Ciencias del Suelo, Leonardo Blanco Rodr\u00edguez.<\/p>\n<p style=\"text-align: justify;\"> \tEn el sur del departamento, la sede territorial de Corpoguajira, tambi\u00e9n \u00a0liderar\u00e1 diferentes actividades culturales.<\/p>\n","protected":false},"excerpt":{"rendered":"<p>La Asamblea General de la ONU design\u00f3 el 5 de junio de cada a\u00f1o, \u00a0como el D\u00eda Mundial del Medio Ambiente, con el prop\u00f3sito de \u00a0hacer m\u00e1s profunda la conciencia [&hellip;]<\/p>\n","protected":false},"author":2,"featured_media":0,"comment_status":"open","ping_status":"open","sticky":false,"template":"","format":"standard","meta":[],"categories":[384],"tags":[],"yoast_head":"<!-- This site is optimized with the Yoast SEO plugin v18.5.1 - https:\/\/yoast.com\/wordpress\/plugins\/seo\/ -->\n<title>Con actividades acad\u00e9micas y culturales, Corpoguajira celebrar\u00e1 el D\u00eda Mundial del Medio Ambiente | Corpoguajira<\/title>\n<meta name=\"robots\" content=\"index, follow, max-snippet:-1, max-image-preview:large, max-video-preview:-1\" \/>\n<link rel=\"canonical\" href=\"https:\/\/corpoguajira.gov.co\/wp\/con-actividades-academicas-y-culturales-corpoguajira-celebrara-el-dia-mundial-del-medio-ambiente\/\" \/>\n<meta property=\"og:locale\" content=\"es_ES\" \/>\n<meta property=\"og:type\" content=\"article\" \/>\n<meta property=\"og:title\" content=\"Con actividades acad\u00e9micas y culturales, Corpoguajira celebrar\u00e1 el D\u00eda Mundial del Medio Ambiente | Corpoguajira\" \/>\n<meta property=\"og:description\" content=\"La Asamblea General de la ONU design\u00f3 el 5 de junio de cada a\u00f1o, \u00a0como el D\u00eda Mundial del Medio Ambiente, con el prop\u00f3sito de \u00a0hacer m\u00e1s profunda la conciencia [&hellip;]\" \/>\n<meta property=\"og:url\" content=\"https:\/\/corpoguajira.gov.co\/wp\/con-actividades-academicas-y-culturales-corpoguajira-celebrara-el-dia-mundial-del-medio-ambiente\/\" \/>\n<meta property=\"og:site_name\" content=\"Corporaci\u00f3n Aut\u00f3noma Regional de La Guajira\" \/>\n<meta property=\"article:published_time\" content=\"2013-06-02T14:10:39+00:00\" \/>\n<meta name=\"twitter:label1\" content=\"Escrito por\" \/>\n\t<meta name=\"twitter:data1\" content=\"Administrador Web\" \/>\n\t<meta name=\"twitter:label2\" content=\"Tiempo de lectura\" \/>\n\t<meta name=\"twitter:data2\" content=\"2 minutos\" \/>\n<script type=\"application\/ld+json\" class=\"yoast-schema-graph\">{\"@context\":\"https:\/\/schema.org\",\"@graph\":[{\"@type\":\"WebSite\",\"@id\":\"https:\/\/corpoguajira.gov.co\/wp\/#website\",\"url\":\"https:\/\/corpoguajira.gov.co\/wp\/\",\"name\":\"Corporaci\u00f3n Aut\u00f3noma Regional de La Guajira\",\"description\":\"La Sostenibilidad Ambiental, un Compromiso de Todos\",\"potentialAction\":[{\"@type\":\"SearchAction\",\"target\":{\"@type\":\"EntryPoint\",\"urlTemplate\":\"https:\/\/corpoguajira.gov.co\/wp\/?s={search_term_string}\"},\"query-input\":\"required name=search_term_string\"}],\"inLanguage\":\"es\"},{\"@type\":\"WebPage\",\"@id\":\"https:\/\/corpoguajira.gov.co\/wp\/con-actividades-academicas-y-culturales-corpoguajira-celebrara-el-dia-mundial-del-medio-ambiente\/#webpage\",\"url\":\"https:\/\/corpoguajira.gov.co\/wp\/con-actividades-academicas-y-culturales-corpoguajira-celebrara-el-dia-mundial-del-medio-ambiente\/\",\"name\":\"Con actividades acad\u00e9micas y culturales, Corpoguajira celebrar\u00e1 el D\u00eda Mundial del Medio Ambiente | Corpoguajira\",\"isPartOf\":{\"@id\":\"https:\/\/corpoguajira.gov.co\/wp\/#website\"},\"datePublished\":\"2013-06-02T14:10:39+00:00\",\"dateModified\":\"2013-06-02T14:10:39+00:00\",\"author\":{\"@id\":\"https:\/\/corpoguajira.gov.co\/wp\/#\/schema\/person\/0b6ea52ef43991ee31b9f82375aa2105\"},\"breadcrumb\":{\"@id\":\"https:\/\/corpoguajira.gov.co\/wp\/con-actividades-academicas-y-culturales-corpoguajira-celebrara-el-dia-mundial-del-medio-ambiente\/#breadcrumb\"},\"inLanguage\":\"es\",\"potentialAction\":[{\"@type\":\"ReadAction\",\"target\":[\"https:\/\/corpoguajira.gov.co\/wp\/con-actividades-academicas-y-culturales-corpoguajira-celebrara-el-dia-mundial-del-medio-ambiente\/\"]}]},{\"@type\":\"BreadcrumbList\",\"@id\":\"https:\/\/corpoguajira.gov.co\/wp\/con-actividades-academicas-y-culturales-corpoguajira-celebrara-el-dia-mundial-del-medio-ambiente\/#breadcrumb\",\"itemListElement\":[{\"@type\":\"ListItem\",\"position\":1,\"name\":\"Corpoguajira\",\"item\":\"https:\/\/corpoguajira.gov.co\/wp\/\"},{\"@type\":\"ListItem\",\"position\":2,\"name\":\"Noticias\",\"item\":\"https:\/\/corpoguajira.gov.co\/wp\/noticias\/\"},{\"@type\":\"ListItem\",\"position\":3,\"name\":\"Con actividades acad\u00e9micas y culturales, Corpoguajira celebrar\u00e1 el D\u00eda Mundial del Medio Ambiente\"}]},{\"@type\":\"Person\",\"@id\":\"https:\/\/corpoguajira.gov.co\/wp\/#\/schema\/person\/0b6ea52ef43991ee31b9f82375aa2105\",\"name\":\"Administrador Web\",\"image\":{\"@type\":\"ImageObject\",\"@id\":\"https:\/\/corpoguajira.gov.co\/wp\/#personlogo\",\"inLanguage\":\"es\",\"url\":\"https:\/\/secure.gravatar.com\/avatar\/d54ee19bd233172ef0db2ba7739289b8?s=96&d=mm&r=g\",\"contentUrl\":\"https:\/\/secure.gravatar.com\/avatar\/d54ee19bd233172ef0db2ba7739289b8?s=96&d=mm&r=g\",\"caption\":\"Administrador Web\"},\"description\":\"Administrador Web de Corpoguajira.\",\"url\":\"https:\/\/corpoguajira.gov.co\/wp\/author\/webmaster\/\"}]}<\/script>\n<!-- \/ Yoast SEO plugin. -->","yoast_head_json":{"title":"Con actividades acad\u00e9micas y culturales, Corpoguajira celebrar\u00e1 el D\u00eda Mundial del Medio Ambiente | Corpoguajira","robots":{"index":"index","follow":"follow","max-snippet":"max-snippet:-1","max-image-preview":"max-image-preview:large","max-video-preview":"max-video-preview:-1"},"canonical":"https:\/\/corpoguajira.gov.co\/wp\/con-actividades-academicas-y-culturales-corpoguajira-celebrara-el-dia-mundial-del-medio-ambiente\/","og_locale":"es_ES","og_type":"article","og_title":"Con actividades acad\u00e9micas y culturales, Corpoguajira celebrar\u00e1 el D\u00eda Mundial del Medio Ambiente | Corpoguajira","og_description":"La Asamblea General de la ONU design\u00f3 el 5 de junio de cada a\u00f1o, \u00a0como el D\u00eda Mundial del Medio Ambiente, con el prop\u00f3sito de \u00a0hacer m\u00e1s profunda la conciencia [&hellip;]","og_url":"https:\/\/corpoguajira.gov.co\/wp\/con-actividades-academicas-y-culturales-corpoguajira-celebrara-el-dia-mundial-del-medio-ambiente\/","og_site_name":"Corporaci\u00f3n Aut\u00f3noma Regional de La Guajira","article_published_time":"2013-06-02T14:10:39+00:00","twitter_misc":{"Escrito por":"Administrador Web","Tiempo de lectura":"2 minutos"},"schema":{"@context":"https:\/\/schema.org","@graph":[{"@type":"WebSite","@id":"https:\/\/corpoguajira.gov.co\/wp\/#website","url":"https:\/\/corpoguajira.gov.co\/wp\/","name":"Corporaci\u00f3n Aut\u00f3noma Regional de La Guajira","description":"La Sostenibilidad Ambiental, un Compromiso de Todos","potentialAction":[{"@type":"SearchAction","target":{"@type":"EntryPoint","urlTemplate":"https:\/\/corpoguajira.gov.co\/wp\/?s={search_term_string}"},"query-input":"required name=search_term_string"}],"inLanguage":"es"},{"@type":"WebPage","@id":"https:\/\/corpoguajira.gov.co\/wp\/con-actividades-academicas-y-culturales-corpoguajira-celebrara-el-dia-mundial-del-medio-ambiente\/#webpage","url":"https:\/\/corpoguajira.gov.co\/wp\/con-actividades-academicas-y-culturales-corpoguajira-celebrara-el-dia-mundial-del-medio-ambiente\/","name":"Con actividades acad\u00e9micas y culturales, Corpoguajira celebrar\u00e1 el D\u00eda Mundial del Medio Ambiente | Corpoguajira","isPartOf":{"@id":"https:\/\/corpoguajira.gov.co\/wp\/#website"},"datePublished":"2013-06-02T14:10:39+00:00","dateModified":"2013-06-02T14:10:39+00:00","author":{"@id":"https:\/\/corpoguajira.gov.co\/wp\/#\/schema\/person\/0b6ea52ef43991ee31b9f82375aa2105"},"breadcrumb":{"@id":"https:\/\/corpoguajira.gov.co\/wp\/con-actividades-academicas-y-culturales-corpoguajira-celebrara-el-dia-mundial-del-medio-ambiente\/#breadcrumb"},"inLanguage":"es","potentialAction":[{"@type":"ReadAction","target":["https:\/\/corpoguajira.gov.co\/wp\/con-actividades-academicas-y-culturales-corpoguajira-celebrara-el-dia-mundial-del-medio-ambiente\/"]}]},{"@type":"BreadcrumbList","@id":"https:\/\/corpoguajira.gov.co\/wp\/con-actividades-academicas-y-culturales-corpoguajira-celebrara-el-dia-mundial-del-medio-ambiente\/#breadcrumb","itemListElement":[{"@type":"ListItem","position":1,"name":"Corpoguajira","item":"https:\/\/corpoguajira.gov.co\/wp\/"},{"@type":"ListItem","position":2,"name":"Noticias","item":"https:\/\/corpoguajira.gov.co\/wp\/noticias\/"},{"@type":"ListItem","position":3,"name":"Con actividades acad\u00e9micas y culturales, Corpoguajira celebrar\u00e1 el D\u00eda Mundial del Medio Ambiente"}]},{"@type":"Person","@id":"https:\/\/corpoguajira.gov.co\/wp\/#\/schema\/person\/0b6ea52ef43991ee31b9f82375aa2105","name":"Administrador Web","image":{"@type":"ImageObject","@id":"https:\/\/corpoguajira.gov.co\/wp\/#personlogo","inLanguage":"es","url":"https:\/\/secure.gravatar.com\/avatar\/d54ee19bd233172ef0db2ba7739289b8?s=96&d=mm&r=g","contentUrl":"https:\/\/secure.gravatar.com\/avatar\/d54ee19bd233172ef0db2ba7739289b8?s=96&d=mm&r=g","caption":"Administrador Web"},"description":"Administrador Web de Corpoguajira.","url":"https:\/\/corpoguajira.gov.co\/wp\/author\/webmaster\/"}]}},"_links":{"self":[{"href":"https:\/\/corpoguajira.gov.co\/wp\/wp-json\/wp\/v2\/posts\/596"}],"collection":[{"href":"https:\/\/corpoguajira.gov.co\/wp\/wp-json\/wp\/v2\/posts"}],"about":[{"href":"https:\/\/corpoguajira.gov.co\/wp\/wp-json\/wp\/v2\/types\/post"}],"author":[{"embeddable":true,"href":"https:\/\/corpoguajira.gov.co\/wp\/wp-json\/wp\/v2\/users\/2"}],"replies":[{"embeddable":true,"href":"https:\/\/corpoguajira.gov.co\/wp\/wp-json\/wp\/v2\/comments?post=596"}],"version-history":[{"count":0,"href":"https:\/\/corpoguajira.gov.co\/wp\/wp-json\/wp\/v2\/posts\/596\/revisions"}],"wp:attachment":[{"href":"https:\/\/corpoguajira.gov.co\/wp\/wp-json\/wp\/v2\/media?parent=596"}],"wp:term":[{"taxonomy":"category","embeddable":true,"href":"https:\/\/corpoguajira.gov.co\/wp\/wp-json\/wp\/v2\/categories?post=596"},{"taxonomy":"post_tag","embeddable":true,"href":"https:\/\/corpoguajira.gov.co\/wp\/wp-json\/wp\/v2\/tags?post=596"}],"curies":[{"name":"wp","href":"https:\/\/api.w.org\/{rel}","templated":true}]}}