{"id":5995,"date":"2015-11-23T11:48:01","date_gmt":"2015-11-23T16:48:01","guid":{"rendered":"http:\/\/corpoguajira.gov.co\/wp\/?p=5995"},"modified":"2015-11-23T11:48:01","modified_gmt":"2015-11-23T16:48:01","slug":"corpoguajira-concertara-con-la-comunidad-su-proyecto-de-presupuesto-para-el-2016","status":"publish","type":"post","link":"https:\/\/corpoguajira.gov.co\/wp\/corpoguajira-concertara-con-la-comunidad-su-proyecto-de-presupuesto-para-el-2016\/","title":{"rendered":"Corpoguajira concertar\u00e1 con la comunidad \u00a0su proyecto de presupuesto para el 2016"},"content":{"rendered":"<p>La Corporaci\u00f3n Aut\u00f3noma Regional de La Guajira, convoca a los representantes del \u00a0sector p\u00fablico y privado, organizaciones no gubernamentales, entes de control y a la comunidad en general; a participar en la mesas de trabajo que se realizar\u00e1 para concertar el proyecto del presupuesto participativo de Corpoguajira, para la vigencia 2016.<\/p>\n<p>La actividad se llevar\u00e1 a cabo el viernes 27 de noviembre, a partir de las 9:00 am, en el auditorio de Corpoguajira (Cra 7 NO 12 &#8211; 25 Riohacha).<\/p>\n<p>Los interesados en participar en la mesa de trabajo, deber\u00e1n inscribirse en la Secretar\u00eda General de Corpoguajira o \u00a0en el correo electr\u00f3nico\u00a0<a href=\"mailto:atencionalciudadano@corpoguajira.gov.co\">atencionalciudadano@corpoguajira.gov.co<\/a>.<\/p>\n<p>La informaci\u00f3n correspondiente al proyecto de presupuesto 2016, se puede consultar en la Oficina de Planeaci\u00f3n de Corpouajira o en la p\u00e1gina web<a href=\"http:\/\/www.corpoguajira.gov.co\/\">www.corpoguajira.gov.co<\/a>.<\/p>\n","protected":false},"excerpt":{"rendered":"<p>La Corporaci\u00f3n Aut\u00f3noma Regional de La Guajira, convoca a los representantes del \u00a0sector p\u00fablico y privado, organizaciones no gubernamentales, entes de control y a la comunidad en general; a participar [&hellip;]<\/p>\n","protected":false},"author":4,"featured_media":0,"comment_status":"open","ping_status":"open","sticky":false,"template":"","format":"standard","meta":[],"categories":[384],"tags":[774],"yoast_head":"<!-- This site is optimized with the Yoast SEO plugin v18.5.1 - https:\/\/yoast.com\/wordpress\/plugins\/seo\/ -->\n<title>Corpoguajira concertar\u00e1 con la comunidad \u00a0su proyecto de presupuesto para el 2016 | Corpoguajira<\/title>\n<meta name=\"robots\" content=\"index, follow, max-snippet:-1, max-image-preview:large, max-video-preview:-1\" \/>\n<link rel=\"canonical\" href=\"https:\/\/corpoguajira.gov.co\/wp\/corpoguajira-concertara-con-la-comunidad-su-proyecto-de-presupuesto-para-el-2016\/\" \/>\n<meta property=\"og:locale\" content=\"es_ES\" \/>\n<meta property=\"og:type\" content=\"article\" \/>\n<meta property=\"og:title\" content=\"Corpoguajira concertar\u00e1 con la comunidad \u00a0su proyecto de presupuesto para el 2016 | Corpoguajira\" \/>\n<meta property=\"og:description\" content=\"La Corporaci\u00f3n Aut\u00f3noma Regional de La Guajira, convoca a los representantes del \u00a0sector p\u00fablico y privado, organizaciones no gubernamentales, entes de control y a la comunidad en general; a participar [&hellip;]\" \/>\n<meta property=\"og:url\" content=\"https:\/\/corpoguajira.gov.co\/wp\/corpoguajira-concertara-con-la-comunidad-su-proyecto-de-presupuesto-para-el-2016\/\" \/>\n<meta property=\"og:site_name\" content=\"Corporaci\u00f3n Aut\u00f3noma Regional de La Guajira\" \/>\n<meta property=\"article:published_time\" content=\"2015-11-23T16:48:01+00:00\" \/>\n<meta name=\"twitter:label1\" content=\"Escrito por\" \/>\n\t<meta name=\"twitter:data1\" content=\"Oficina Comunicaciones\" \/>\n\t<meta name=\"twitter:label2\" content=\"Tiempo de lectura\" \/>\n\t<meta name=\"twitter:data2\" content=\"1 minuto\" \/>\n<script type=\"application\/ld+json\" class=\"yoast-schema-graph\">{\"@context\":\"https:\/\/schema.org\",\"@graph\":[{\"@type\":\"WebSite\",\"@id\":\"https:\/\/corpoguajira.gov.co\/wp\/#website\",\"url\":\"https:\/\/corpoguajira.gov.co\/wp\/\",\"name\":\"Corporaci\u00f3n Aut\u00f3noma Regional de La Guajira\",\"description\":\"La Sostenibilidad Ambiental, un Compromiso de Todos\",\"potentialAction\":[{\"@type\":\"SearchAction\",\"target\":{\"@type\":\"EntryPoint\",\"urlTemplate\":\"https:\/\/corpoguajira.gov.co\/wp\/?s={search_term_string}\"},\"query-input\":\"required name=search_term_string\"}],\"inLanguage\":\"es\"},{\"@type\":\"WebPage\",\"@id\":\"https:\/\/corpoguajira.gov.co\/wp\/corpoguajira-concertara-con-la-comunidad-su-proyecto-de-presupuesto-para-el-2016\/#webpage\",\"url\":\"https:\/\/corpoguajira.gov.co\/wp\/corpoguajira-concertara-con-la-comunidad-su-proyecto-de-presupuesto-para-el-2016\/\",\"name\":\"Corpoguajira concertar\u00e1 con la comunidad \u00a0su proyecto de presupuesto para el 2016 | Corpoguajira\",\"isPartOf\":{\"@id\":\"https:\/\/corpoguajira.gov.co\/wp\/#website\"},\"datePublished\":\"2015-11-23T16:48:01+00:00\",\"dateModified\":\"2015-11-23T16:48:01+00:00\",\"author\":{\"@id\":\"https:\/\/corpoguajira.gov.co\/wp\/#\/schema\/person\/20b8ef7397c5a7f0b680331028e4ea90\"},\"breadcrumb\":{\"@id\":\"https:\/\/corpoguajira.gov.co\/wp\/corpoguajira-concertara-con-la-comunidad-su-proyecto-de-presupuesto-para-el-2016\/#breadcrumb\"},\"inLanguage\":\"es\",\"potentialAction\":[{\"@type\":\"ReadAction\",\"target\":[\"https:\/\/corpoguajira.gov.co\/wp\/corpoguajira-concertara-con-la-comunidad-su-proyecto-de-presupuesto-para-el-2016\/\"]}]},{\"@type\":\"BreadcrumbList\",\"@id\":\"https:\/\/corpoguajira.gov.co\/wp\/corpoguajira-concertara-con-la-comunidad-su-proyecto-de-presupuesto-para-el-2016\/#breadcrumb\",\"itemListElement\":[{\"@type\":\"ListItem\",\"position\":1,\"name\":\"Corpoguajira\",\"item\":\"https:\/\/corpoguajira.gov.co\/wp\/\"},{\"@type\":\"ListItem\",\"position\":2,\"name\":\"Noticias\",\"item\":\"https:\/\/corpoguajira.gov.co\/wp\/noticias\/\"},{\"@type\":\"ListItem\",\"position\":3,\"name\":\"Corpoguajira concertar\u00e1 con la comunidad \u00a0su proyecto de presupuesto para el 2016\"}]},{\"@type\":\"Person\",\"@id\":\"https:\/\/corpoguajira.gov.co\/wp\/#\/schema\/person\/20b8ef7397c5a7f0b680331028e4ea90\",\"name\":\"Oficina Comunicaciones\",\"image\":{\"@type\":\"ImageObject\",\"@id\":\"https:\/\/corpoguajira.gov.co\/wp\/#personlogo\",\"inLanguage\":\"es\",\"url\":\"https:\/\/secure.gravatar.com\/avatar\/ada8791cfeb6fb9bb1cf6a56a0a4199a?s=96&d=mm&r=g\",\"contentUrl\":\"https:\/\/secure.gravatar.com\/avatar\/ada8791cfeb6fb9bb1cf6a56a0a4199a?s=96&d=mm&r=g\",\"caption\":\"Oficina Comunicaciones\"},\"url\":\"https:\/\/corpoguajira.gov.co\/wp\/author\/publicaciones\/\"}]}<\/script>\n<!-- \/ Yoast SEO plugin. -->","yoast_head_json":{"title":"Corpoguajira concertar\u00e1 con la comunidad \u00a0su proyecto de presupuesto para el 2016 | Corpoguajira","robots":{"index":"index","follow":"follow","max-snippet":"max-snippet:-1","max-image-preview":"max-image-preview:large","max-video-preview":"max-video-preview:-1"},"canonical":"https:\/\/corpoguajira.gov.co\/wp\/corpoguajira-concertara-con-la-comunidad-su-proyecto-de-presupuesto-para-el-2016\/","og_locale":"es_ES","og_type":"article","og_title":"Corpoguajira concertar\u00e1 con la comunidad \u00a0su proyecto de presupuesto para el 2016 | Corpoguajira","og_description":"La Corporaci\u00f3n Aut\u00f3noma Regional de La Guajira, convoca a los representantes del \u00a0sector p\u00fablico y privado, organizaciones no gubernamentales, entes de control y a la comunidad en general; a participar [&hellip;]","og_url":"https:\/\/corpoguajira.gov.co\/wp\/corpoguajira-concertara-con-la-comunidad-su-proyecto-de-presupuesto-para-el-2016\/","og_site_name":"Corporaci\u00f3n Aut\u00f3noma Regional de La Guajira","article_published_time":"2015-11-23T16:48:01+00:00","twitter_misc":{"Escrito por":"Oficina Comunicaciones","Tiempo de lectura":"1 minuto"},"schema":{"@context":"https:\/\/schema.org","@graph":[{"@type":"WebSite","@id":"https:\/\/corpoguajira.gov.co\/wp\/#website","url":"https:\/\/corpoguajira.gov.co\/wp\/","name":"Corporaci\u00f3n Aut\u00f3noma Regional de La Guajira","description":"La Sostenibilidad Ambiental, un Compromiso de Todos","potentialAction":[{"@type":"SearchAction","target":{"@type":"EntryPoint","urlTemplate":"https:\/\/corpoguajira.gov.co\/wp\/?s={search_term_string}"},"query-input":"required name=search_term_string"}],"inLanguage":"es"},{"@type":"WebPage","@id":"https:\/\/corpoguajira.gov.co\/wp\/corpoguajira-concertara-con-la-comunidad-su-proyecto-de-presupuesto-para-el-2016\/#webpage","url":"https:\/\/corpoguajira.gov.co\/wp\/corpoguajira-concertara-con-la-comunidad-su-proyecto-de-presupuesto-para-el-2016\/","name":"Corpoguajira concertar\u00e1 con la comunidad \u00a0su proyecto de presupuesto para el 2016 | Corpoguajira","isPartOf":{"@id":"https:\/\/corpoguajira.gov.co\/wp\/#website"},"datePublished":"2015-11-23T16:48:01+00:00","dateModified":"2015-11-23T16:48:01+00:00","author":{"@id":"https:\/\/corpoguajira.gov.co\/wp\/#\/schema\/person\/20b8ef7397c5a7f0b680331028e4ea90"},"breadcrumb":{"@id":"https:\/\/corpoguajira.gov.co\/wp\/corpoguajira-concertara-con-la-comunidad-su-proyecto-de-presupuesto-para-el-2016\/#breadcrumb"},"inLanguage":"es","potentialAction":[{"@type":"ReadAction","target":["https:\/\/corpoguajira.gov.co\/wp\/corpoguajira-concertara-con-la-comunidad-su-proyecto-de-presupuesto-para-el-2016\/"]}]},{"@type":"BreadcrumbList","@id":"https:\/\/corpoguajira.gov.co\/wp\/corpoguajira-concertara-con-la-comunidad-su-proyecto-de-presupuesto-para-el-2016\/#breadcrumb","itemListElement":[{"@type":"ListItem","position":1,"name":"Corpoguajira","item":"https:\/\/corpoguajira.gov.co\/wp\/"},{"@type":"ListItem","position":2,"name":"Noticias","item":"https:\/\/corpoguajira.gov.co\/wp\/noticias\/"},{"@type":"ListItem","position":3,"name":"Corpoguajira concertar\u00e1 con la comunidad \u00a0su proyecto de presupuesto para el 2016"}]},{"@type":"Person","@id":"https:\/\/corpoguajira.gov.co\/wp\/#\/schema\/person\/20b8ef7397c5a7f0b680331028e4ea90","name":"Oficina Comunicaciones","image":{"@type":"ImageObject","@id":"https:\/\/corpoguajira.gov.co\/wp\/#personlogo","inLanguage":"es","url":"https:\/\/secure.gravatar.com\/avatar\/ada8791cfeb6fb9bb1cf6a56a0a4199a?s=96&d=mm&r=g","contentUrl":"https:\/\/secure.gravatar.com\/avatar\/ada8791cfeb6fb9bb1cf6a56a0a4199a?s=96&d=mm&r=g","caption":"Oficina Comunicaciones"},"url":"https:\/\/corpoguajira.gov.co\/wp\/author\/publicaciones\/"}]}},"_links":{"self":[{"href":"https:\/\/corpoguajira.gov.co\/wp\/wp-json\/wp\/v2\/posts\/5995"}],"collection":[{"href":"https:\/\/corpoguajira.gov.co\/wp\/wp-json\/wp\/v2\/posts"}],"about":[{"href":"https:\/\/corpoguajira.gov.co\/wp\/wp-json\/wp\/v2\/types\/post"}],"author":[{"embeddable":true,"href":"https:\/\/corpoguajira.gov.co\/wp\/wp-json\/wp\/v2\/users\/4"}],"replies":[{"embeddable":true,"href":"https:\/\/corpoguajira.gov.co\/wp\/wp-json\/wp\/v2\/comments?post=5995"}],"version-history":[{"count":1,"href":"https:\/\/corpoguajira.gov.co\/wp\/wp-json\/wp\/v2\/posts\/5995\/revisions"}],"predecessor-version":[{"id":5996,"href":"https:\/\/corpoguajira.gov.co\/wp\/wp-json\/wp\/v2\/posts\/5995\/revisions\/5996"}],"wp:attachment":[{"href":"https:\/\/corpoguajira.gov.co\/wp\/wp-json\/wp\/v2\/media?parent=5995"}],"wp:term":[{"taxonomy":"category","embeddable":true,"href":"https:\/\/corpoguajira.gov.co\/wp\/wp-json\/wp\/v2\/categories?post=5995"},{"taxonomy":"post_tag","embeddable":true,"href":"https:\/\/corpoguajira.gov.co\/wp\/wp-json\/wp\/v2\/tags?post=5995"}],"curies":[{"name":"wp","href":"https:\/\/api.w.org\/{rel}","templated":true}]}}