{"id":642,"date":"2013-07-17T14:12:40","date_gmt":"2013-07-17T14:12:40","guid":{"rendered":"http:\/\/localhost\/corpoguajira\/?p=642"},"modified":"2013-07-17T14:12:40","modified_gmt":"2013-07-17T14:12:40","slug":"las-car-rechazan-atentado-contra-sede-de-corponor","status":"publish","type":"post","link":"https:\/\/corpoguajira.gov.co\/wp\/las-car-rechazan-atentado-contra-sede-de-corponor\/","title":{"rendered":"Las CAR rechazan atentado contra sede de Corponor"},"content":{"rendered":"<p style=\"text-align: justify;\"> \t<span style=\"font-size: 12px;\">La Asociaci\u00f3n de Corporaciones Aut\u00f3nomas Regionales y de Desarrollo Sostenible, ASOCARS, rechaza de manera tajante el acto delincuencial perpetrado contra la sede territorial de CORPONOR, en el municipio de Tib\u00fa.<\/span><\/p>\n<p style=\"text-align: justify;\"> \tLa acci\u00f3n se produjo este viernes, 12 de Julio de 2013, en las instalaciones de la entidad; lo cual gener\u00f3 p\u00e1nico en la comunidad. ASOCARS env\u00eda un mensaje de solidaridad y apoyo al director de la Corporaci\u00f3n Aut\u00f3noma Regional de la Frontera Nororiental, Luis Lizcano Contreras y al equipo de colaboradores de la entidad.\u00a0<\/p>\n<p style=\"text-align: justify;\"> \tAl mismo tiempo, demand\u00f3 de los diferentes actores del conflicto en el Catatumbo cesar los actos de violencia y abrir espacios de di\u00e1logo y de paz.<\/p>\n<p> \tTomado de www.asocars.org.co<\/p>\n<p> \t\u00a0<\/p>\n","protected":false},"excerpt":{"rendered":"<p>La Asociaci\u00f3n de Corporaciones Aut\u00f3nomas Regionales y de Desarrollo Sostenible, ASOCARS, rechaza de manera tajante el acto delincuencial perpetrado contra la sede territorial de CORPONOR, en el municipio de Tib\u00fa. [&hellip;]<\/p>\n","protected":false},"author":2,"featured_media":0,"comment_status":"open","ping_status":"open","sticky":false,"template":"","format":"standard","meta":[],"categories":[384],"tags":[],"yoast_head":"<!-- This site is optimized with the Yoast SEO plugin v18.5.1 - https:\/\/yoast.com\/wordpress\/plugins\/seo\/ -->\n<title>Las CAR rechazan atentado contra sede de Corponor | Corpoguajira<\/title>\n<meta name=\"robots\" content=\"index, follow, max-snippet:-1, max-image-preview:large, max-video-preview:-1\" \/>\n<link rel=\"canonical\" href=\"https:\/\/corpoguajira.gov.co\/wp\/las-car-rechazan-atentado-contra-sede-de-corponor\/\" \/>\n<meta property=\"og:locale\" content=\"es_ES\" \/>\n<meta property=\"og:type\" content=\"article\" \/>\n<meta property=\"og:title\" content=\"Las CAR rechazan atentado contra sede de Corponor | Corpoguajira\" \/>\n<meta property=\"og:description\" content=\"La Asociaci\u00f3n de Corporaciones Aut\u00f3nomas Regionales y de Desarrollo Sostenible, ASOCARS, rechaza de manera tajante el acto delincuencial perpetrado contra la sede territorial de CORPONOR, en el municipio de Tib\u00fa. [&hellip;]\" \/>\n<meta property=\"og:url\" content=\"https:\/\/corpoguajira.gov.co\/wp\/las-car-rechazan-atentado-contra-sede-de-corponor\/\" \/>\n<meta property=\"og:site_name\" content=\"Corporaci\u00f3n Aut\u00f3noma Regional de La Guajira\" \/>\n<meta property=\"article:published_time\" content=\"2013-07-17T14:12:40+00:00\" \/>\n<meta name=\"twitter:label1\" content=\"Escrito por\" \/>\n\t<meta name=\"twitter:data1\" content=\"Administrador Web\" \/>\n\t<meta name=\"twitter:label2\" content=\"Tiempo de lectura\" \/>\n\t<meta name=\"twitter:data2\" content=\"1 minuto\" \/>\n<script type=\"application\/ld+json\" class=\"yoast-schema-graph\">{\"@context\":\"https:\/\/schema.org\",\"@graph\":[{\"@type\":\"WebSite\",\"@id\":\"https:\/\/corpoguajira.gov.co\/wp\/#website\",\"url\":\"https:\/\/corpoguajira.gov.co\/wp\/\",\"name\":\"Corporaci\u00f3n Aut\u00f3noma Regional de La Guajira\",\"description\":\"La Sostenibilidad Ambiental, un Compromiso de Todos\",\"potentialAction\":[{\"@type\":\"SearchAction\",\"target\":{\"@type\":\"EntryPoint\",\"urlTemplate\":\"https:\/\/corpoguajira.gov.co\/wp\/?s={search_term_string}\"},\"query-input\":\"required name=search_term_string\"}],\"inLanguage\":\"es\"},{\"@type\":\"WebPage\",\"@id\":\"https:\/\/corpoguajira.gov.co\/wp\/las-car-rechazan-atentado-contra-sede-de-corponor\/#webpage\",\"url\":\"https:\/\/corpoguajira.gov.co\/wp\/las-car-rechazan-atentado-contra-sede-de-corponor\/\",\"name\":\"Las CAR rechazan atentado contra sede de Corponor | Corpoguajira\",\"isPartOf\":{\"@id\":\"https:\/\/corpoguajira.gov.co\/wp\/#website\"},\"datePublished\":\"2013-07-17T14:12:40+00:00\",\"dateModified\":\"2013-07-17T14:12:40+00:00\",\"author\":{\"@id\":\"https:\/\/corpoguajira.gov.co\/wp\/#\/schema\/person\/0b6ea52ef43991ee31b9f82375aa2105\"},\"breadcrumb\":{\"@id\":\"https:\/\/corpoguajira.gov.co\/wp\/las-car-rechazan-atentado-contra-sede-de-corponor\/#breadcrumb\"},\"inLanguage\":\"es\",\"potentialAction\":[{\"@type\":\"ReadAction\",\"target\":[\"https:\/\/corpoguajira.gov.co\/wp\/las-car-rechazan-atentado-contra-sede-de-corponor\/\"]}]},{\"@type\":\"BreadcrumbList\",\"@id\":\"https:\/\/corpoguajira.gov.co\/wp\/las-car-rechazan-atentado-contra-sede-de-corponor\/#breadcrumb\",\"itemListElement\":[{\"@type\":\"ListItem\",\"position\":1,\"name\":\"Corpoguajira\",\"item\":\"https:\/\/corpoguajira.gov.co\/wp\/\"},{\"@type\":\"ListItem\",\"position\":2,\"name\":\"Noticias\",\"item\":\"https:\/\/corpoguajira.gov.co\/wp\/noticias\/\"},{\"@type\":\"ListItem\",\"position\":3,\"name\":\"Las CAR rechazan atentado contra sede de Corponor\"}]},{\"@type\":\"Person\",\"@id\":\"https:\/\/corpoguajira.gov.co\/wp\/#\/schema\/person\/0b6ea52ef43991ee31b9f82375aa2105\",\"name\":\"Administrador Web\",\"image\":{\"@type\":\"ImageObject\",\"@id\":\"https:\/\/corpoguajira.gov.co\/wp\/#personlogo\",\"inLanguage\":\"es\",\"url\":\"https:\/\/secure.gravatar.com\/avatar\/d54ee19bd233172ef0db2ba7739289b8?s=96&d=mm&r=g\",\"contentUrl\":\"https:\/\/secure.gravatar.com\/avatar\/d54ee19bd233172ef0db2ba7739289b8?s=96&d=mm&r=g\",\"caption\":\"Administrador Web\"},\"description\":\"Administrador Web de Corpoguajira.\",\"url\":\"https:\/\/corpoguajira.gov.co\/wp\/author\/webmaster\/\"}]}<\/script>\n<!-- \/ Yoast SEO plugin. -->","yoast_head_json":{"title":"Las CAR rechazan atentado contra sede de Corponor | Corpoguajira","robots":{"index":"index","follow":"follow","max-snippet":"max-snippet:-1","max-image-preview":"max-image-preview:large","max-video-preview":"max-video-preview:-1"},"canonical":"https:\/\/corpoguajira.gov.co\/wp\/las-car-rechazan-atentado-contra-sede-de-corponor\/","og_locale":"es_ES","og_type":"article","og_title":"Las CAR rechazan atentado contra sede de Corponor | Corpoguajira","og_description":"La Asociaci\u00f3n de Corporaciones Aut\u00f3nomas Regionales y de Desarrollo Sostenible, ASOCARS, rechaza de manera tajante el acto delincuencial perpetrado contra la sede territorial de CORPONOR, en el municipio de Tib\u00fa. [&hellip;]","og_url":"https:\/\/corpoguajira.gov.co\/wp\/las-car-rechazan-atentado-contra-sede-de-corponor\/","og_site_name":"Corporaci\u00f3n Aut\u00f3noma Regional de La Guajira","article_published_time":"2013-07-17T14:12:40+00:00","twitter_misc":{"Escrito por":"Administrador Web","Tiempo de lectura":"1 minuto"},"schema":{"@context":"https:\/\/schema.org","@graph":[{"@type":"WebSite","@id":"https:\/\/corpoguajira.gov.co\/wp\/#website","url":"https:\/\/corpoguajira.gov.co\/wp\/","name":"Corporaci\u00f3n Aut\u00f3noma Regional de La Guajira","description":"La Sostenibilidad Ambiental, un Compromiso de Todos","potentialAction":[{"@type":"SearchAction","target":{"@type":"EntryPoint","urlTemplate":"https:\/\/corpoguajira.gov.co\/wp\/?s={search_term_string}"},"query-input":"required name=search_term_string"}],"inLanguage":"es"},{"@type":"WebPage","@id":"https:\/\/corpoguajira.gov.co\/wp\/las-car-rechazan-atentado-contra-sede-de-corponor\/#webpage","url":"https:\/\/corpoguajira.gov.co\/wp\/las-car-rechazan-atentado-contra-sede-de-corponor\/","name":"Las CAR rechazan atentado contra sede de Corponor | Corpoguajira","isPartOf":{"@id":"https:\/\/corpoguajira.gov.co\/wp\/#website"},"datePublished":"2013-07-17T14:12:40+00:00","dateModified":"2013-07-17T14:12:40+00:00","author":{"@id":"https:\/\/corpoguajira.gov.co\/wp\/#\/schema\/person\/0b6ea52ef43991ee31b9f82375aa2105"},"breadcrumb":{"@id":"https:\/\/corpoguajira.gov.co\/wp\/las-car-rechazan-atentado-contra-sede-de-corponor\/#breadcrumb"},"inLanguage":"es","potentialAction":[{"@type":"ReadAction","target":["https:\/\/corpoguajira.gov.co\/wp\/las-car-rechazan-atentado-contra-sede-de-corponor\/"]}]},{"@type":"BreadcrumbList","@id":"https:\/\/corpoguajira.gov.co\/wp\/las-car-rechazan-atentado-contra-sede-de-corponor\/#breadcrumb","itemListElement":[{"@type":"ListItem","position":1,"name":"Corpoguajira","item":"https:\/\/corpoguajira.gov.co\/wp\/"},{"@type":"ListItem","position":2,"name":"Noticias","item":"https:\/\/corpoguajira.gov.co\/wp\/noticias\/"},{"@type":"ListItem","position":3,"name":"Las CAR rechazan atentado contra sede de Corponor"}]},{"@type":"Person","@id":"https:\/\/corpoguajira.gov.co\/wp\/#\/schema\/person\/0b6ea52ef43991ee31b9f82375aa2105","name":"Administrador Web","image":{"@type":"ImageObject","@id":"https:\/\/corpoguajira.gov.co\/wp\/#personlogo","inLanguage":"es","url":"https:\/\/secure.gravatar.com\/avatar\/d54ee19bd233172ef0db2ba7739289b8?s=96&d=mm&r=g","contentUrl":"https:\/\/secure.gravatar.com\/avatar\/d54ee19bd233172ef0db2ba7739289b8?s=96&d=mm&r=g","caption":"Administrador Web"},"description":"Administrador Web de Corpoguajira.","url":"https:\/\/corpoguajira.gov.co\/wp\/author\/webmaster\/"}]}},"_links":{"self":[{"href":"https:\/\/corpoguajira.gov.co\/wp\/wp-json\/wp\/v2\/posts\/642"}],"collection":[{"href":"https:\/\/corpoguajira.gov.co\/wp\/wp-json\/wp\/v2\/posts"}],"about":[{"href":"https:\/\/corpoguajira.gov.co\/wp\/wp-json\/wp\/v2\/types\/post"}],"author":[{"embeddable":true,"href":"https:\/\/corpoguajira.gov.co\/wp\/wp-json\/wp\/v2\/users\/2"}],"replies":[{"embeddable":true,"href":"https:\/\/corpoguajira.gov.co\/wp\/wp-json\/wp\/v2\/comments?post=642"}],"version-history":[{"count":0,"href":"https:\/\/corpoguajira.gov.co\/wp\/wp-json\/wp\/v2\/posts\/642\/revisions"}],"wp:attachment":[{"href":"https:\/\/corpoguajira.gov.co\/wp\/wp-json\/wp\/v2\/media?parent=642"}],"wp:term":[{"taxonomy":"category","embeddable":true,"href":"https:\/\/corpoguajira.gov.co\/wp\/wp-json\/wp\/v2\/categories?post=642"},{"taxonomy":"post_tag","embeddable":true,"href":"https:\/\/corpoguajira.gov.co\/wp\/wp-json\/wp\/v2\/tags?post=642"}],"curies":[{"name":"wp","href":"https:\/\/api.w.org\/{rel}","templated":true}]}}